{"id":11350,"date":"2026-03-19T08:53:20","date_gmt":"2026-03-19T07:53:20","guid":{"rendered":"https:\/\/www.kosiceregion.com\/sk\/?p=11350"},"modified":"2026-03-19T08:53:28","modified_gmt":"2026-03-19T07:53:28","slug":"urobte-si-vylet-za-nezvycajnymi-dielami-v-prirode-umenie-na-mieste-x","status":"publish","type":"post","link":"https:\/\/www.kosiceregion.com\/sk\/urobte-si-vylet-za-nezvycajnymi-dielami-v-prirode-umenie-na-mieste-x\/","title":{"rendered":"Urobte si v\u00fdlet za nezvy\u010dajn\u00fdmi dielami v\u00a0pr\u00edrode"},"content":{"rendered":"\n<div contenteditable=\"false\" class=\"wp-block-beyondwords-player\"><div data-beyondwords-player=\"true\" contenteditable=\"false\"><\/div><\/div>\n\n\n\n<script async defer src=\"https:\/\/proxy.beyondwords.io\/npm\/@beyondwords\/player@latest\/dist\/umd.js\" \n  onload=\"new BeyondWords.Player({ \n    target: this, \n    projectId: 45365,\n    contentId: '5570951d-10e0-400e-b9f2-38a0e6f2c11e',\n\t\tplayerStyle: 'small'\n  })\">\n<\/script>\n\n\n\n<hr class=\"wp-block-separator has-alpha-channel-opacity\"\/>\n\n\n\n<p style=\"font-weight: 400;\"><strong>Vyberajte v\u00e1\u0161 TO DO zoznam a ve\u013ek\u00fdmi p\u00edsmenami zapisujte UMENIE NA MIESTE X. Spozn\u00e1te tak 5 nezvy\u010dajn\u00fdch diel, ktor\u00e9 \u201evyr\u00e1stli\u201c v strede l\u00faky, v lese, v mokradi \u010di na kopci, aby \u013eud\u00ed pote\u0161ili, prekvapili, vyvolali v nich em\u00f3cie a mo\u017eno aj zamyslenie. Dobrou spr\u00e1vou je, \u017ee v\u0161etky n\u00e1jdete v Ko\u0161ickom kraji.&nbsp; <\/strong><\/p>\n\n\n\n<div id=\"common-text-3-4-left-block_9df1f2a2025b47a29f088a5c642f70cf\" class=\"common-text-3-4-left col-lg-10 offset-lg-1 col-xl-8 offset-xl-2 col-12 wp-embed-aspect-16-9 wp-has-aspect-ratio\">\n    <div class=\"col-sm-8 col-12 px-0\">\n        <p><p style=\"font-weight: 400;\"><a href=\"https:\/\/www.umenienamieste.sk\/\" target=\"_blank\" rel=\"noopener\">Umenie na mieste X, ktor\u00e9 je s\u00fa\u010das\u0165ou Slovenskej landartovej gal\u00e9rie, <\/a>vy\u0161lo zo spolo\u010dnej dielne organiz\u00e1cie KRT a\u00a0kreat\u00edvnej agent\u00fary Slovak and Friends, ktor\u00e1 stoj\u00ed za mnoh\u00fdmi \u00faspe\u0161n\u00fdmi a\u00a0oce\u0148ovan\u00fdmi kampa\u0148ami, napr. za videom Hodina de\u0165om s\u00a0jedn\u00fdm rodi\u010dom. \u010co to pre v\u00e1s znamen\u00e1? \u017de Umenie na mieste X by naozaj malo st\u00e1\u0165 za to.<\/p>\n<p style=\"font-weight: 400;\">\n<\/p>\n    <\/div>\n    <style type=\"text\/css\">\n        #common-text-3-4-left-block_9df1f2a2025b47a29f088a5c642f70cf {\n            margin-top: 3rem;\n        }\n    <\/style>\n<\/div>\n\n\n<div id=\"common-text-3-4-right-block_c7d269dc4a5fed259917435a049d166e\" class=\"common-text-3-4-right col-lg-10 offset-lg-1 col-xl-8 offset-xl-2 col-12 wp-embed-aspect-16-9 wp-has-aspect-ratio\">\n<div class=\"col-sm-8 col-12 offset-sm-4 px-0\">\n        <p><p>Ak sa teda chyst\u00e1te do Z\u00e1dielskej doliny, pred vstupom do Z\u00e1dielu zbystrite pozornos\u0165 a poh\u013eady smerujte na \u013eav\u00fa stranu. Na l\u00fake ne\u010faleko cesty uvid\u00edte bet\u00f3nov\u00fa mie\u0161a\u010dku a vyhoden\u00e9 viano\u010dn\u00e9 strom\u010deky.\u00a0<b>Dielo Kom\u00e9ta <\/b>stv\u00e1r\u0148uje padaj\u00facu hviezdu a jeho autori Michal Machcin\u00edk a Doxa s.r.o. pracovali s environment\u00e1lnymi \u00favahami o\u00a0vyu\u017e\u00edvan\u00ed pr\u00edrodn\u00fdch zdrojov, ktor\u00e9 menia krajinu a\u00a0jej vn\u00edmanie. Mimochodom, Z\u00e1dielska dolina m\u00e1 vy\u0161e 10 km a\u00a0jej s\u00fa\u010das\u0165ou je n\u00e1dhern\u00e1 pr\u00edrodn\u00e1 rezerv\u00e1cia Z\u00e1dielska ties\u0148ava. Tento monument\u00e1lny ka\u0148on je miestami len 10 metrov \u0161irok\u00fd, tvoria ho vysok\u00e9 v\u00e1pencov\u00e9 steny, hust\u00fd nedotknut\u00fd les a\u00a0pretek\u00e1 n\u00edm \u010dist\u00fd Blatn\u00fd potok. V\u00a0bl\u00edzkosti sa nach\u00e1dzaj\u00fa H\u00e1jske vodop\u00e1dy \u010di Turniansky hrad. Ak ste sa teda do Z\u00e1dielu nechystali, m\u00e1te X d\u00f4vodov na to, aby ste to zmenili.<\/p>\n<\/p>\n    <\/div>\n    <style type=\"text\/css\">\n        #common-text-3-4-right-block_c7d269dc4a5fed259917435a049d166e {\n            margin-top: 3rem;\n        }\n    <\/style>\n<\/div>\n\n\n<figure class=\"wp-block-embed is-type-video is-provider-youtube wp-block-embed-youtube wp-embed-aspect-16-9 wp-has-aspect-ratio\"><div class=\"wp-block-embed__wrapper\">\n<iframe loading=\"lazy\" title=\"UMENIE NA MIESTE X  \/  KOM\u00c9TA  \/  Z\u00c1DIELSKA DOLINA\" width=\"580\" height=\"326\" src=\"https:\/\/www.youtube.com\/embed\/MzQO8gn1VU0?feature=oembed\" frameborder=\"0\" allow=\"accelerometer; autoplay; clipboard-write; encrypted-media; gyroscope; picture-in-picture; web-share\" referrerpolicy=\"strict-origin-when-cross-origin\" allowfullscreen><\/iframe>\n<\/div><\/figure>\n\n\n\n<div id=\"common-text-3-4-left-block_69d34d0ae73e64dfdd5f799726e6f385\" class=\"common-text-3-4-left col-lg-10 offset-lg-1 col-xl-8 offset-xl-2 col-12 wp-embed-aspect-16-9 wp-has-aspect-ratio\">\n    <div class=\"col-sm-8 col-12 px-0\">\n        <p><p>\u010eal\u0161\u00edm bodom na mape nezvy\u010dajn\u00fdch z\u00e1\u017eitkov je <strong>dielo Za \u010dasom na oblohe<\/strong>. Autor Samuel Velebn\u00fd sa in\u0161piroval slne\u010dn\u00fdmi hodinami, plynut\u00edm a\u00a0pre\u017e\u00edvan\u00edm \u010dasu. A\u00a0to v\u0161etko v\u00a0are\u00e1li Herlianskeho gejz\u00edru, ktor\u00e9ho erupcie s\u00fa vypo\u010d\u00edtan\u00e9 orienta\u010dne, a\u00a0tak \u010dloveku neost\u00e1va in\u00e9, len trpezlivo \u010daka\u0165, kedy vystrekne do v\u00fd\u0161ky 22 m. \u010caka\u0165 mus\u00ed aj pri Samuelovych slne\u010dn\u00fdch hodin\u00e1ch, ktor\u00e9 sa aktivuj\u00fa, a\u017e ke\u010f sa na nich niekto postav\u00ed. Ako? Zist\u00edte na mieste X pri Herlianskom gejz\u00edre.<\/p>\n<\/p>\n    <\/div>\n    <style type=\"text\/css\">\n        #common-text-3-4-left-block_69d34d0ae73e64dfdd5f799726e6f385 {\n            margin-top: 3rem;\n        }\n    <\/style>\n<\/div>\n\n\n<figure class=\"wp-block-embed is-type-video is-provider-youtube wp-block-embed-youtube wp-embed-aspect-16-9 wp-has-aspect-ratio\"><div class=\"wp-block-embed__wrapper\">\n<iframe loading=\"lazy\" title=\"UMENIE NA MIESTE X  \/  ZA \u010cASOM NA OBLOHE  \/  HERLIANSKY GEJZ\u00cdR\" width=\"580\" height=\"326\" src=\"https:\/\/www.youtube.com\/embed\/kE3V84YWnJI?feature=oembed\" frameborder=\"0\" allow=\"accelerometer; autoplay; clipboard-write; encrypted-media; gyroscope; picture-in-picture; web-share\" referrerpolicy=\"strict-origin-when-cross-origin\" allowfullscreen><\/iframe>\n<\/div><\/figure>\n\n\n\n<div id=\"common-text-3-4-right-block_bb6b31e617af57698f2ead211348d12d\" class=\"common-text-3-4-right col-lg-10 offset-lg-1 col-xl-8 offset-xl-2 col-12 wp-embed-aspect-16-9 wp-has-aspect-ratio\">\n<div class=\"col-sm-8 col-12 offset-sm-4 px-0\">\n        <p><div>\n<p>Martin Pia\u010dek a\u00a0Matej Gavula vytvorili <b>dielo<\/b> <b>Figov\u00e1 jama<\/b> v\u00a0are\u00e1li letohr\u00e1dku Sans Souci v\u00a0Ilia\u0161ovciach. Na mieste, kde kedysi gr\u00f3f \u010c\u00e1ky vytvoril barokov\u00fd rekrea\u010dn\u00fd are\u00e1l, vysadili odoln\u00fa odrodu figovn\u00edka a\u00a0urobili to naozaj umne. Najprv vyh\u013abili lievikovit\u00fa jamu s priemerom 10 metrov,\u00a0oblo\u017eili ju miestnym kame\u0148om a\u00a0do stredu zasadili rastlinu. Tento postup sa pou\u017e\u00edval u\u017e v\u00a0d\u00e1vnej hist\u00f3rii, aby \u013eudia rastline vytvorili ochranu, z\u00e1vetrie a\u00a0mikrokl\u00edmu. Dielo odkazuje na bohat\u00fa hist\u00f3riu lokality a\u00a0na v\u00e1\u0161niv\u00e9 zberate\u013estvo \u0161\u013eachty, ktor\u00e1 si zo zahrani\u010dia nechala nosi\u0165 exotick\u00e9 druhy rastl\u00edn a\u00a0tunaj\u0161\u00edm \u013eu\u010fom tak ukazovala nov\u00e9 horizonty a pos\u00favala hranice poznania.<\/p>\n<\/div>\n<\/p>\n    <\/div>\n    <style type=\"text\/css\">\n        #common-text-3-4-right-block_bb6b31e617af57698f2ead211348d12d {\n            margin-top: 3rem;\n        }\n    <\/style>\n<\/div>\n\n\n<figure class=\"wp-block-embed is-type-video is-provider-youtube wp-block-embed-youtube wp-embed-aspect-16-9 wp-has-aspect-ratio\"><div class=\"wp-block-embed__wrapper\">\n<iframe loading=\"lazy\" title=\"UMENIE NA MIESTE X  \/  FIGOV\u00c1 JAMA  \/  LETOHR\u00c1DOK SANS SOUCI\" width=\"580\" height=\"326\" src=\"https:\/\/www.youtube.com\/embed\/-lOVrG4XixY?feature=oembed\" frameborder=\"0\" allow=\"accelerometer; autoplay; clipboard-write; encrypted-media; gyroscope; picture-in-picture; web-share\" referrerpolicy=\"strict-origin-when-cross-origin\" allowfullscreen><\/iframe>\n<\/div><\/figure>\n\n\n\n<div id=\"common-text-3-4-left-block_da4b784b1361798e607025eeae5a7e46\" class=\"common-text-3-4-left col-lg-10 offset-lg-1 col-xl-8 offset-xl-2 col-12 wp-embed-aspect-16-9 wp-has-aspect-ratio\">\n    <div class=\"col-sm-8 col-12 px-0\">\n        <p><p style=\"font-weight: 400;\">Vedeli ste, \u017ee pri Gelnici boli kedysi sl\u00e1vne k\u00fapele, kde vodu z\u00a0jazera prev\u00e1rali s\u00a0ihli\u010d\u00edm? \u013dudia z\u00a0celej rak\u00fasko-uhorskej monarchie tak mohli inhalova\u0165 \u017eivice z\u00a0okolit\u00fdch ihli\u010dnat\u00fdch stromov a\u00a0lie\u010di\u0165 tak svoje d\u00fdchacie \u0165a\u017ekosti. V\u00a0ned\u00e1vnej minulosti sl\u00fa\u017eila lokalita Turzov ako rekrea\u010dn\u00e9 stredisko pre pionierske t\u00e1bory \u010di \u0161koly v\u00a0pr\u00edrode, dnes tam u\u017e n\u00e1jdete len nieko\u013eko vz\u00e1cnych ch\u00e1traj\u00facich objektov, ktor\u00e9 sa podarilo zachr\u00e1ni\u0165 pred z\u00e1nikom. Ich za\u0161l\u00fa sl\u00e1vu pripom\u00edna <strong>dielo Ra\u010dia proced\u00fara <\/strong>od Jarmily Mitr\u00edkovej. Keramick\u00fd reli\u00e9f zahraban\u00fd v\u00a0zemi pri jazere je akousi pam\u00e4\u0165ovou stopou, je to rozsypan\u00e1 farebn\u00e1 mozaika z\u00e1\u017eitkov a\u00a0celej hist\u00f3rie Turzovsk\u00fdch k\u00fape\u013eov. Je to miesto, kde si m\u00f4\u017eete odd\u00fdchnu\u0165, spom\u00edna\u0165 na bezstarostn\u00e9 letn\u00e9 hry \u010di sa dokonca vyk\u00fapa\u0165 v\u00a0pr\u00edrodnom jazere.<\/p>\n<\/p>\n    <\/div>\n    <style type=\"text\/css\">\n        #common-text-3-4-left-block_da4b784b1361798e607025eeae5a7e46 {\n            margin-top: 3rem;\n        }\n    <\/style>\n<\/div>\n\n\n<figure class=\"wp-block-embed is-type-video is-provider-youtube wp-block-embed-youtube wp-embed-aspect-16-9 wp-has-aspect-ratio\"><div class=\"wp-block-embed__wrapper\">\n<iframe loading=\"lazy\" title=\"UMENIE NA MIESTE X  \/  RA\u010cIA PROCED\u00daRA  \/  JAZERO TURZOV\" width=\"580\" height=\"326\" src=\"https:\/\/www.youtube.com\/embed\/ruahoCCEdh8?feature=oembed\" frameborder=\"0\" allow=\"accelerometer; autoplay; clipboard-write; encrypted-media; gyroscope; picture-in-picture; web-share\" referrerpolicy=\"strict-origin-when-cross-origin\" allowfullscreen><\/iframe>\n<\/div><\/figure>\n\n\n\n<div id=\"common-text-3-4-right-block_9e8ea94b12c56c578ff63eb3ced67d14\" class=\"common-text-3-4-right col-lg-10 offset-lg-1 col-xl-8 offset-xl-2 col-12 wp-embed-aspect-16-9 wp-has-aspect-ratio\">\n<div class=\"col-sm-8 col-12 offset-sm-4 px-0\">\n        <p><p style=\"font-weight: 400;\">Senianske rybn\u00edky s\u00fa v\u00fdznamn\u00fdm vt\u00e1\u010d\u00edm \u00fazem\u00edm, ktor\u00e9 l\u00e1ka tunaj\u0161\u00edch aj zahrani\u010dn\u00fdch pozorovate\u013eov vt\u00e1kov. A\u00a0tak ne\u010dudo, \u017ee si ho pre svoje dielo zvolili aj Alexandra Selmeciov\u00e1 a Tom\u00e1\u0161 Kocka Jusko. T\u00fato autorsk\u00fa dvojicu toti\u017e bavia kon\u0161trukcie, ktor\u00e9 stavaj\u00fa \u013eudia pre vt\u00e1kov, ale aj to, ako sa o\u00a0vt\u00e1kov a\u00a0ich prostredie staraj\u00fa. Na Senianskych rybn\u00edkoch \u201ezasadili\u201c dva nadrozmern\u00e9 objekty, ktor\u00e9 vyzeraj\u00fa ako sto\u017eiare, kvety, pozorovate\u013ene a\u00a0hniezda z\u00e1rove\u0148. Lupene vytvorili ko\u0161ik\u00e1rskou technikou z\u00a0pr\u00fatia a\u00a0in\u0161pirovali sa pritom hniezdami vt\u00e1kov.<strong> Dielo Kuka\u0148 <\/strong>n\u00e1m tak pripom\u00edna spolu\u017eitie vt\u00e1ctva a\u00a0\u013eud\u00ed, ale z\u00e1rove\u0148 n\u00e1s poz\u00fdva na objavenie n\u00e1dhernej pr\u00edrodnej rezerv\u00e1cie, cez ktor\u00fa ved\u00fa n\u00e1u\u010dn\u00e9 chodn\u00edky dlh\u00e9 17 km.<\/p>\n<\/p>\n    <\/div>\n    <style type=\"text\/css\">\n        #common-text-3-4-right-block_9e8ea94b12c56c578ff63eb3ced67d14 {\n            margin-top: 3rem;\n        }\n    <\/style>\n<\/div>\n\n\n<figure class=\"wp-block-embed is-type-video is-provider-youtube wp-block-embed-youtube wp-embed-aspect-16-9 wp-has-aspect-ratio\"><div class=\"wp-block-embed__wrapper\">\n<iframe loading=\"lazy\" title=\"UMENIE NA MIESTE X  \/  KUKA\u0147  \/  SENIANSKE RYBN\u00cdKY\" width=\"580\" height=\"326\" src=\"https:\/\/www.youtube.com\/embed\/3095wbf0IgQ?feature=oembed\" frameborder=\"0\" allow=\"accelerometer; autoplay; clipboard-write; encrypted-media; gyroscope; picture-in-picture; web-share\" referrerpolicy=\"strict-origin-when-cross-origin\" allowfullscreen><\/iframe>\n<\/div><\/figure>\n\n\n\n<div style=\"height:100px\" aria-hidden=\"true\" class=\"wp-block-spacer wp-embed-aspect-16-9 wp-has-aspect-ratio\"><\/div>\n\n\n\n<blockquote class=\"wp-block-quote has-text-align-center wp-embed-aspect-16-9 wp-has-aspect-ratio is-layout-flow wp-block-quote-is-layout-flow\">\n<p><\/p>\n<cite><strong>Vyberte sa na miesta X a&nbsp;spoznajte nielen nezvy\u010dajn\u00e9 land artov\u00e9 diela, ale aj n\u00e1dhern\u00fa a&nbsp;turizmom nedotknut\u00fa pr\u00edrodu v\u00fdchodn\u00e9ho Slovenska.&nbsp;<\/strong><\/cite><\/blockquote>\n\n\n\n<p>WWW.UMENIENAMIESTE.SK<\/p>\n\n\n\n<div style=\"height:100px\" aria-hidden=\"true\" class=\"wp-block-spacer wp-embed-aspect-16-9 wp-has-aspect-ratio\"><\/div>\n\n\n\n<hr class=\"wp-block-separator has-alpha-channel-opacity wp-embed-aspect-16-9 wp-has-aspect-ratio\"\/>\n\n\n\n<figure class=\"wp-block-embed is-type-video is-provider-youtube wp-block-embed-youtube wp-embed-aspect-16-9 wp-has-aspect-ratio\"><div class=\"wp-block-embed__wrapper\">\n<iframe loading=\"lazy\" title=\"Umenie na mieste X - unik\u00e1tne landartov\u00e9 diela\" width=\"580\" height=\"326\" src=\"https:\/\/www.youtube.com\/embed\/35RPh0ysNK4?feature=oembed\" frameborder=\"0\" allow=\"accelerometer; autoplay; clipboard-write; encrypted-media; gyroscope; picture-in-picture; web-share\" referrerpolicy=\"strict-origin-when-cross-origin\" allowfullscreen><\/iframe>\n<\/div><\/figure>\n","protected":false},"excerpt":{"rendered":"<p>Vyberajte v\u00e1\u0161 TO DO zoznam a ve\u013ek\u00fdmi p\u00edsmenami zapisujte UMENIE NA MIESTE X. Spozn\u00e1te tak 5 nezvy\u010dajn\u00fdch diel, ktor\u00e9 \u201evyr\u00e1stli\u201c v strede l\u00faky, v lese, v mokradi \u010di na kopci, aby \u013eud\u00ed pote\u0161ili, prekvapili, vyvolali v nich em\u00f3cie a mo\u017eno aj zamyslenie. Dobrou spr\u00e1vou je, \u017ee v\u0161etky n\u00e1jdete v Ko\u0161ickom kraji.&nbsp; Vyberte sa na miesta [&hellip;]<\/p>\n","protected":false},"author":3,"featured_media":11474,"comment_status":"closed","ping_status":"closed","sticky":false,"template":"","format":"standard","meta":{"_acf_changed":false,"_sk_post_content":"<!-- wp:beyondwords\/player {\"beyondwordsMarker\":\"d7181124-2e55-4685-a681-435777b1143c\"} -->\n<div contenteditable=\"false\" class=\"wp-block-beyondwords-player\"><div data-beyondwords-player=\"true\" contenteditable=\"false\"><\/div><\/div>\n<!-- \/wp:beyondwords\/player -->\n\n<!-- wp:html -->\n<script async defer src=\"https:\/\/proxy.beyondwords.io\/npm\/@beyondwords\/player@latest\/dist\/umd.js\" \n  onload=\"new BeyondWords.Player({ \n    target: this, \n    projectId: 45365,\n    contentId: '5570951d-10e0-400e-b9f2-38a0e6f2c11e',\n\t\tplayerStyle: 'small'\n  })\">\n<\/script>\n<!-- \/wp:html -->\n\n<!-- wp:separator -->\n<hr class=\"wp-block-separator has-alpha-channel-opacity\"\/>\n<!-- \/wp:separator -->\n\n<!-- wp:tadv\/classic-paragraph -->\n<p style=\"font-weight: 400;\"><strong>Vyberajte v\u00e1\u0161 TO DO zoznam a ve\u013ek\u00fdmi p\u00edsmenami zapisujte UMENIE NA MIESTE X. Spozn\u00e1te tak 5 nezvy\u010dajn\u00fdch diel, ktor\u00e9 \u201evyr\u00e1stli\u201c v strede l\u00faky, v lese, v mokradi \u010di na kopci, aby \u013eud\u00ed pote\u0161ili, prekvapili, vyvolali v nich em\u00f3cie a mo\u017eno aj zamyslenie. Dobrou spr\u00e1vou je, \u017ee v\u0161etky n\u00e1jdete v Ko\u0161ickom kraji.&nbsp; <\/strong><\/p>\n<!-- \/wp:tadv\/classic-paragraph -->\n\n<!-- wp:acf\/common-text-left-section {\"name\":\"acf\/common-text-left-section\",\"data\":{\"text\":\"\\u003cp style=\\u0022font-weight: 400;\\u0022\\u003e\\u003ca href=\\u0022https:\/\/www.umenienamieste.sk\/\\u0022 target=\\u0022_blank\\u0022 rel=\\u0022noopener\\u0022\\u003eUmenie na mieste X, ktor\u00e9 je s\u00fa\u010das\u0165ou Slovenskej landartovej gal\u00e9rie, \\u003c\/a\\u003evy\u0161lo zo spolo\u010dnej dielne organiz\u00e1cie KRT a\u00a0kreat\u00edvnej agent\u00fary Slovak and Friends, ktor\u00e1 stoj\u00ed za mnoh\u00fdmi \u00faspe\u0161n\u00fdmi a\u00a0oce\u0148ovan\u00fdmi kampa\u0148ami, napr. za videom Hodina de\u0165om s\u00a0jedn\u00fdm rodi\u010dom. \u010co to pre v\u00e1s znamen\u00e1? \u017de Umenie na mieste X by naozaj malo st\u00e1\u0165 za to.\\u003c\/p\\u003e\\r\\n\\u003cp style=\\u0022font-weight: 400;\\u0022\\u003e\\u003c\/p\\u003e\",\"_text\":\"field_60c66a6067e54\"},\"mode\":\"edit\",\"className\":\"wp-embed-aspect-16-9 wp-has-aspect-ratio\"} \/-->\n\n<!-- wp:acf\/common-text-right-section {\"name\":\"acf\/common-text-right-section\",\"data\":{\"text\":\"Ak sa teda chyst\u00e1te do Z\u00e1dielskej doliny, pred vstupom do Z\u00e1dielu zbystrite pozornos\u0165 a poh\u013eady smerujte na \u013eav\u00fa stranu. Na l\u00fake ne\u010faleko cesty uvid\u00edte bet\u00f3nov\u00fa mie\u0161a\u010dku a vyhoden\u00e9 viano\u010dn\u00e9 strom\u010deky.\u00a0\\u003cb\\u003eDielo Kom\u00e9ta \\u003c\/b\\u003estv\u00e1r\u0148uje padaj\u00facu hviezdu a jeho autori Michal Machcin\u00edk a Doxa s.r.o. pracovali s environment\u00e1lnymi \u00favahami o\u00a0vyu\u017e\u00edvan\u00ed pr\u00edrodn\u00fdch zdrojov, ktor\u00e9 menia krajinu a\u00a0jej vn\u00edmanie. Mimochodom, Z\u00e1dielska dolina m\u00e1 vy\u0161e 10 km a\u00a0jej s\u00fa\u010das\u0165ou je n\u00e1dhern\u00e1 pr\u00edrodn\u00e1 rezerv\u00e1cia Z\u00e1dielska ties\u0148ava. Tento monument\u00e1lny ka\u0148on je miestami len 10 metrov \u0161irok\u00fd, tvoria ho vysok\u00e9 v\u00e1pencov\u00e9 steny, hust\u00fd nedotknut\u00fd les a\u00a0pretek\u00e1 n\u00edm \u010dist\u00fd Blatn\u00fd potok. V\u00a0bl\u00edzkosti sa nach\u00e1dzaj\u00fa H\u00e1jske vodop\u00e1dy \u010di Turniansky hrad. Ak ste sa teda do Z\u00e1dielu nechystali, m\u00e1te X d\u00f4vodov na to, aby ste to zmenili.\",\"_text\":\"field_60c66a6067e54\"},\"mode\":\"preview\",\"className\":\"wp-embed-aspect-16-9 wp-has-aspect-ratio\"} \/-->\n\n<!-- wp:embed {\"url\":\"https:\/\/youtu.be\/MzQO8gn1VU0?si=R-4hXkdLqsr3G3LH\",\"type\":\"video\",\"providerNameSlug\":\"youtube\",\"responsive\":true,\"className\":\"wp-embed-aspect-16-9 wp-has-aspect-ratio\"} -->\n<figure class=\"wp-block-embed is-type-video is-provider-youtube wp-block-embed-youtube wp-embed-aspect-16-9 wp-has-aspect-ratio\"><div class=\"wp-block-embed__wrapper\">\nhttps:\/\/youtu.be\/MzQO8gn1VU0?si=R-4hXkdLqsr3G3LH\n<\/div><\/figure>\n<!-- \/wp:embed -->\n\n<!-- wp:acf\/common-text-left-section {\"name\":\"acf\/common-text-left-section\",\"data\":{\"text\":\"\u010eal\u0161\u00edm bodom na mape nezvy\u010dajn\u00fdch z\u00e1\u017eitkov je \\u003cstrong\\u003edielo Za \u010dasom na oblohe\\u003c\/strong\\u003e. Autor Samuel Velebn\u00fd sa in\u0161piroval slne\u010dn\u00fdmi hodinami, plynut\u00edm a\u00a0pre\u017e\u00edvan\u00edm \u010dasu. A\u00a0to v\u0161etko v\u00a0are\u00e1li Herlianskeho gejz\u00edru, ktor\u00e9ho erupcie s\u00fa vypo\u010d\u00edtan\u00e9 orienta\u010dne, a\u00a0tak \u010dloveku neost\u00e1va in\u00e9, len trpezlivo \u010daka\u0165, kedy vystrekne do v\u00fd\u0161ky 22 m. \u010caka\u0165 mus\u00ed aj pri Samuelovych slne\u010dn\u00fdch hodin\u00e1ch, ktor\u00e9 sa aktivuj\u00fa, a\u017e ke\u010f sa na nich niekto postav\u00ed. Ako? Zist\u00edte na mieste X pri Herlianskom gejz\u00edre.\",\"_text\":\"field_60c66a6067e54\"},\"mode\":\"preview\",\"className\":\"wp-embed-aspect-16-9 wp-has-aspect-ratio\"} \/-->\n\n<!-- wp:embed {\"url\":\"https:\/\/youtu.be\/kE3V84YWnJI?si=RiL2wj7u-SBTMq4y\",\"type\":\"video\",\"providerNameSlug\":\"youtube\",\"responsive\":true,\"className\":\"wp-embed-aspect-16-9 wp-has-aspect-ratio\"} -->\n<figure class=\"wp-block-embed is-type-video is-provider-youtube wp-block-embed-youtube wp-embed-aspect-16-9 wp-has-aspect-ratio\"><div class=\"wp-block-embed__wrapper\">\nhttps:\/\/youtu.be\/kE3V84YWnJI?si=RiL2wj7u-SBTMq4y\n<\/div><\/figure>\n<!-- \/wp:embed -->\n\n<!-- wp:acf\/common-text-right-section {\"name\":\"acf\/common-text-right-section\",\"data\":{\"text\":\"\\u003cdiv\\u003e\\r\\n\\r\\nMartin Pia\u010dek a\u00a0Matej Gavula vytvorili \\u003cb\\u003edielo\\u003c\/b\\u003e \\u003cb\\u003eFigov\u00e1 jama\\u003c\/b\\u003e v\u00a0are\u00e1li letohr\u00e1dku Sans Souci v\u00a0Ilia\u0161ovciach. Na mieste, kde kedysi gr\u00f3f \u010c\u00e1ky vytvoril barokov\u00fd rekrea\u010dn\u00fd are\u00e1l, vysadili odoln\u00fa odrodu figovn\u00edka a\u00a0urobili to naozaj umne. Najprv vyh\u013abili lievikovit\u00fa jamu s priemerom 10 metrov,\u00a0oblo\u017eili ju miestnym kame\u0148om a\u00a0do stredu zasadili rastlinu. Tento postup sa pou\u017e\u00edval u\u017e v\u00a0d\u00e1vnej hist\u00f3rii, aby \u013eudia rastline vytvorili ochranu, z\u00e1vetrie a\u00a0mikrokl\u00edmu. Dielo odkazuje na bohat\u00fa hist\u00f3riu lokality a\u00a0na v\u00e1\u0161niv\u00e9 zberate\u013estvo \u0161\u013eachty, ktor\u00e1 si zo zahrani\u010dia nechala nosi\u0165 exotick\u00e9 druhy rastl\u00edn a\u00a0tunaj\u0161\u00edm \u013eu\u010fom tak ukazovala nov\u00e9 horizonty a pos\u00favala hranice poznania.\\r\\n\\r\\n\\u003c\/div\\u003e\",\"_text\":\"field_60c66a6067e54\"},\"mode\":\"preview\",\"className\":\"wp-embed-aspect-16-9 wp-has-aspect-ratio\"} \/-->\n\n<!-- wp:embed {\"url\":\"https:\/\/youtu.be\/-lOVrG4XixY?si=WwFWWG3hDQ-JkYZf\",\"type\":\"video\",\"providerNameSlug\":\"youtube\",\"responsive\":true,\"className\":\"wp-embed-aspect-16-9 wp-has-aspect-ratio\"} -->\n<figure class=\"wp-block-embed is-type-video is-provider-youtube wp-block-embed-youtube wp-embed-aspect-16-9 wp-has-aspect-ratio\"><div class=\"wp-block-embed__wrapper\">\nhttps:\/\/youtu.be\/-lOVrG4XixY?si=WwFWWG3hDQ-JkYZf\n<\/div><\/figure>\n<!-- \/wp:embed -->\n\n<!-- wp:acf\/common-text-left-section {\"name\":\"acf\/common-text-left-section\",\"data\":{\"text\":\"\\u003cp style=\\u0022font-weight: 400;\\u0022\\u003eVedeli ste, \u017ee pri Gelnici boli kedysi sl\u00e1vne k\u00fapele, kde vodu z\u00a0jazera prev\u00e1rali s\u00a0ihli\u010d\u00edm? \u013dudia z\u00a0celej rak\u00fasko-uhorskej monarchie tak mohli inhalova\u0165 \u017eivice z\u00a0okolit\u00fdch ihli\u010dnat\u00fdch stromov a\u00a0lie\u010di\u0165 tak svoje d\u00fdchacie \u0165a\u017ekosti. V\u00a0ned\u00e1vnej minulosti sl\u00fa\u017eila lokalita Turzov ako rekrea\u010dn\u00e9 stredisko pre pionierske t\u00e1bory \u010di \u0161koly v\u00a0pr\u00edrode, dnes tam u\u017e n\u00e1jdete len nieko\u013eko vz\u00e1cnych ch\u00e1traj\u00facich objektov, ktor\u00e9 sa podarilo zachr\u00e1ni\u0165 pred z\u00e1nikom. Ich za\u0161l\u00fa sl\u00e1vu pripom\u00edna \\u003cstrong\\u003edielo Ra\u010dia proced\u00fara \\u003c\/strong\\u003eod Jarmily Mitr\u00edkovej. Keramick\u00fd reli\u00e9f zahraban\u00fd v\u00a0zemi pri jazere je akousi pam\u00e4\u0165ovou stopou, je to rozsypan\u00e1 farebn\u00e1 mozaika z\u00e1\u017eitkov a\u00a0celej hist\u00f3rie Turzovsk\u00fdch k\u00fape\u013eov. Je to miesto, kde si m\u00f4\u017eete odd\u00fdchnu\u0165, spom\u00edna\u0165 na bezstarostn\u00e9 letn\u00e9 hry \u010di sa dokonca vyk\u00fapa\u0165 v\u00a0pr\u00edrodnom jazere.\\u003c\/p\\u003e\",\"_text\":\"field_60c66a6067e54\"},\"mode\":\"preview\",\"className\":\"wp-embed-aspect-16-9 wp-has-aspect-ratio\"} \/-->\n\n<!-- wp:embed {\"url\":\"https:\/\/youtu.be\/ruahoCCEdh8?si=-k0uT8xMNYF1Mw8C\",\"type\":\"video\",\"providerNameSlug\":\"youtube\",\"responsive\":true,\"className\":\"wp-embed-aspect-16-9 wp-has-aspect-ratio\"} -->\n<figure class=\"wp-block-embed is-type-video is-provider-youtube wp-block-embed-youtube wp-embed-aspect-16-9 wp-has-aspect-ratio\"><div class=\"wp-block-embed__wrapper\">\nhttps:\/\/youtu.be\/ruahoCCEdh8?si=-k0uT8xMNYF1Mw8C\n<\/div><\/figure>\n<!-- \/wp:embed -->\n\n<!-- wp:acf\/common-text-right-section {\"name\":\"acf\/common-text-right-section\",\"data\":{\"text\":\"\\u003cp style=\\u0022font-weight: 400;\\u0022\\u003eSenianske rybn\u00edky s\u00fa v\u00fdznamn\u00fdm vt\u00e1\u010d\u00edm \u00fazem\u00edm, ktor\u00e9 l\u00e1ka tunaj\u0161\u00edch aj zahrani\u010dn\u00fdch pozorovate\u013eov vt\u00e1kov. A\u00a0tak ne\u010dudo, \u017ee si ho pre svoje dielo zvolili aj Alexandra Selmeciov\u00e1 a Tom\u00e1\u0161 Kocka Jusko. T\u00fato autorsk\u00fa dvojicu toti\u017e bavia kon\u0161trukcie, ktor\u00e9 stavaj\u00fa \u013eudia pre vt\u00e1kov, ale aj to, ako sa o\u00a0vt\u00e1kov a\u00a0ich prostredie staraj\u00fa. Na Senianskych rybn\u00edkoch \u201ezasadili\u201c dva nadrozmern\u00e9 objekty, ktor\u00e9 vyzeraj\u00fa ako sto\u017eiare, kvety, pozorovate\u013ene a\u00a0hniezda z\u00e1rove\u0148. Lupene vytvorili ko\u0161ik\u00e1rskou technikou z\u00a0pr\u00fatia a\u00a0in\u0161pirovali sa pritom hniezdami vt\u00e1kov.\\u003cstrong\\u003e Dielo Kuka\u0148 \\u003c\/strong\\u003en\u00e1m tak pripom\u00edna spolu\u017eitie vt\u00e1ctva a\u00a0\u013eud\u00ed, ale z\u00e1rove\u0148 n\u00e1s poz\u00fdva na objavenie n\u00e1dhernej pr\u00edrodnej rezerv\u00e1cie, cez ktor\u00fa ved\u00fa n\u00e1u\u010dn\u00e9 chodn\u00edky dlh\u00e9 17 km.\\u003c\/p\\u003e\",\"_text\":\"field_60c66a6067e54\"},\"mode\":\"preview\",\"className\":\"wp-embed-aspect-16-9 wp-has-aspect-ratio\"} \/-->\n\n<!-- wp:embed {\"url\":\"https:\/\/youtu.be\/3095wbf0IgQ?si=2aIcIqo-zbWvnQ8H\",\"type\":\"video\",\"providerNameSlug\":\"youtube\",\"responsive\":true,\"className\":\"wp-embed-aspect-16-9 wp-has-aspect-ratio\"} -->\n<figure class=\"wp-block-embed is-type-video is-provider-youtube wp-block-embed-youtube wp-embed-aspect-16-9 wp-has-aspect-ratio\"><div class=\"wp-block-embed__wrapper\">\nhttps:\/\/youtu.be\/3095wbf0IgQ?si=2aIcIqo-zbWvnQ8H\n<\/div><\/figure>\n<!-- \/wp:embed -->\n\n<!-- wp:spacer {\"className\":\"wp-embed-aspect-16-9 wp-has-aspect-ratio\"} -->\n<div style=\"height:100px\" aria-hidden=\"true\" class=\"wp-block-spacer wp-embed-aspect-16-9 wp-has-aspect-ratio\"><\/div>\n<!-- \/wp:spacer -->\n\n<!-- wp:quote {\"textAlign\":\"center\",\"className\":\"wp-embed-aspect-16-9 wp-has-aspect-ratio\"} -->\n<blockquote class=\"wp-block-quote has-text-align-center wp-embed-aspect-16-9 wp-has-aspect-ratio\"><!-- wp:paragraph -->\n<p><\/p>\n<!-- \/wp:paragraph --><cite><strong>Vyberte sa na miesta X a&nbsp;spoznajte nielen nezvy\u010dajn\u00e9 land artov\u00e9 diela, ale aj n\u00e1dhern\u00fa a&nbsp;turizmom nedotknut\u00fa pr\u00edrodu v\u00fdchodn\u00e9ho Slovenska.&nbsp;<\/strong><\/cite><\/blockquote>\n<!-- \/wp:quote -->\n\n<!-- wp:tadv\/classic-paragraph -->\n<p>WWW.UMENIENAMIESTE.SK<\/p>\n<!-- \/wp:tadv\/classic-paragraph -->\n\n<!-- wp:spacer {\"className\":\"wp-embed-aspect-16-9 wp-has-aspect-ratio\"} -->\n<div style=\"height:100px\" aria-hidden=\"true\" class=\"wp-block-spacer wp-embed-aspect-16-9 wp-has-aspect-ratio\"><\/div>\n<!-- \/wp:spacer -->\n\n<!-- wp:separator {\"className\":\"wp-embed-aspect-16-9 wp-has-aspect-ratio\"} -->\n<hr class=\"wp-block-separator has-alpha-channel-opacity wp-embed-aspect-16-9 wp-has-aspect-ratio\"\/>\n<!-- \/wp:separator -->\n\n<!-- wp:embed {\"url\":\"https:\/\/youtu.be\/35RPh0ysNK4\",\"type\":\"video\",\"providerNameSlug\":\"youtube\",\"responsive\":true,\"className\":\"wp-embed-aspect-16-9 wp-has-aspect-ratio\"} -->\n<figure class=\"wp-block-embed is-type-video is-provider-youtube wp-block-embed-youtube wp-embed-aspect-16-9 wp-has-aspect-ratio\"><div class=\"wp-block-embed__wrapper\">\nhttps:\/\/youtu.be\/35RPh0ysNK4\n<\/div><\/figure>\n<!-- \/wp:embed -->","_sk_post_name":"urobte-si-vylet-za-nezvycajnymi-dielami-v-prirode-umenie-na-mieste-x","_sk_post_excerpt":"","_sk_post_title":"Urobte si v\u00fdlet za nezvy\u010dajn\u00fdmi dielami v\u00a0pr\u00edrode","_en_post_content":"<!-- wp:tadv\/classic-paragraph -->\n<p><strong>Choose your TO DO list and write ART AT PLACE X in capital letters. This way you will get to know 5 unusual artworks that \"have grown up\" in the middle of a meadow, in the woods, in a wetland, or on a hill, to delight, surprise, evoke emotions, and maybe even make people think. The good news is that all of them can be found in the Ko\u0161ice Region.<\/strong><\/p>\n<!-- \/wp:tadv\/classic-paragraph -->\n\n<!-- wp:acf\/common-text-left-section {\"name\":\"acf\/common-text-left-section\",\"data\":{\"field_60c66a6067e54\":\"\\u003cu\\u003eArt at Place X \\u003c\/u\\u003eis a joint work of KRT and the creative agency Slovak and Friends, which is behind many successful and award-winning campaigns, e.g. the video An Hour for Children with One Parent. What does it mean to you? That Art in Place X really should be worth it.\\r\\n\\u003cp style=\\u0022font-weight: 400;\\u0022\\u003e\\u003c\/p\\u003e\"},\"mode\":\"edit\",\"className\":\"wp-embed-aspect-16-9 wp-has-aspect-ratio\"} \/-->\n\n<!-- wp:acf\/common-text-right-section {\"name\":\"acf\/common-text-right-section\",\"data\":{\"field_60c66a6067e54\":\"So if you are going to visit the Z\u00e1dielska Dolina valley, pay attention and keep your sight to the left before entering Z\u00e1diel. You will see a concrete mixer and discarded Christmas trees in the meadow near the road. The \\u003cstrong\\u003eartwork Comet\\u003c\/strong\\u003e depicts a shooting star and its authors, Michal Machcin\u00edk and Doxa s.r.o., worked with environmental considerations about the use of natural resources that change the landscape and its perception. By the way, the Z\u00e1dielska Dolina valley is over 10 km long and includes the beautiful Nature Preserve of Z\u00e1dielska Ties\u0148ava gorge. This monumental canyon is only 10 metres wide in places, is made up of high limestone walls, dense pristine forest, and the clean-water Blatn\u00fd Potok brook flowing through it. The H\u00e1jske Vodop\u00e1dy waterfalls and the Tur\u0148a Castle are located nearby. So, if you did not intend to visit Z\u00e1diel, you have X reasons to do so.\"},\"mode\":\"edit\",\"className\":\"wp-embed-aspect-16-9 wp-has-aspect-ratio\"} \/-->\n\n<!-- wp:embed {\"url\":\"https:\/\/youtu.be\/35RPh0ysNK4\",\"type\":\"video\",\"providerNameSlug\":\"youtube\",\"responsive\":true,\"className\":\"wp-embed-aspect-16-9 wp-has-aspect-ratio\"} -->\n<figure class=\"wp-block-embed is-type-video is-provider-youtube wp-block-embed-youtube wp-embed-aspect-16-9 wp-has-aspect-ratio\"><div class=\"wp-block-embed__wrapper\">\nhttps:\/\/youtu.be\/35RPh0ysNK4\n<\/div><\/figure>\n<!-- \/wp:embed -->\n\n<!-- wp:acf\/common-text-left-section {\"name\":\"acf\/common-text-left-section\",\"data\":{\"field_60c66a6067e54\":\"The \\u003cstrong\\u003eartwork Following the Time in the Sky \\u003c\/strong\\u003eis another point on the map of unusual experiences. The author Samuel Velebn\u00fd was inspired by sundials, the passing of and experiencing the time. And all this in the Herliansky Gejz\u00edr geyser, whose eruptions are tentatively calculated, so one has any choice but to wait patiently for it to erupt to a height of 22 m. One must also wait for Samuel's Sundial, which is activated only when someone stands on it. How so? You will find out at Place X by the Herliansky Gejz\u00edr geyser.\"},\"mode\":\"edit\",\"className\":\"wp-embed-aspect-16-9 wp-has-aspect-ratio\"} \/-->\n\n<!-- wp:embed {\"url\":\"https:\/\/youtu.be\/35RPh0ysNK4\",\"type\":\"video\",\"providerNameSlug\":\"youtube\",\"responsive\":true,\"className\":\"wp-embed-aspect-16-9 wp-has-aspect-ratio\"} -->\n<figure class=\"wp-block-embed is-type-video is-provider-youtube wp-block-embed-youtube wp-embed-aspect-16-9 wp-has-aspect-ratio\"><div class=\"wp-block-embed__wrapper\">\nhttps:\/\/youtu.be\/35RPh0ysNK4\n<\/div><\/figure>\n<!-- \/wp:embed -->\n\n<!-- wp:acf\/common-text-right-section {\"name\":\"acf\/common-text-right-section\",\"data\":{\"field_60c66a6067e54\":\"Martin Pia\u010dek and Matej Gavula created the \\u003cstrong\\u003eartwork Fig Pit\\u003c\/strong\\u003e in the grounds of the Sans Souci Summer Palace in Ilia\u0161ovce. They planted a resistant variety of fig tree in the place where Count \u010c\u00e1ky once created a Baroque recreation area, and they have done it in an artful way. First, they dug a funnel-shaped pit 10 metres in diameter, lined it with local stone, and planted the plant in the centre. This practice has been used since ancient times to give the plant protection, shelter, and a microclimate. This artwork refers to the long history of the site and to the passionate plant collecting of the nobility, who had exotic plant species brought from abroad to show the local people new horizons and push the limits of knowledge.\"},\"mode\":\"edit\",\"className\":\"wp-embed-aspect-16-9 wp-has-aspect-ratio\"} \/-->\n\n<!-- wp:embed {\"url\":\"https:\/\/youtu.be\/35RPh0ysNK4\",\"type\":\"video\",\"providerNameSlug\":\"youtube\",\"responsive\":true,\"className\":\"wp-embed-aspect-16-9 wp-has-aspect-ratio\"} -->\n<figure class=\"wp-block-embed is-type-video is-provider-youtube wp-block-embed-youtube wp-embed-aspect-16-9 wp-has-aspect-ratio\"><div class=\"wp-block-embed__wrapper\">\nhttps:\/\/youtu.be\/35RPh0ysNK4\n<\/div><\/figure>\n<!-- \/wp:embed -->\n\n<!-- wp:acf\/common-text-left-section {\"name\":\"acf\/common-text-left-section\",\"data\":{\"field_60c66a6067e54\":\"Did you know that there was once a famous spa near Gelnica, where they used to boil the water from the lake with pine needles? People from all over the Austro-Hungarian Monarchy could inhale resins from the surrounding coniferous trees and cure their respiratory ailments. The Turzov site was once used as a recreation centre for pioneer camps and nature schools, but today you will only find a few precious dilapidated buildings that have been saved from decay. Their former glory is reminded by the artwork \\u003cstrong\\u003eRa\u010dia Proced\u00fara\\u003c\/strong\\u003e crayfish procedure by Jarmila Mitr\u00edkov\u00e1. The ceramic relief buried in the ground by the lake is a kind of memory trace, it is a scattered colourful mosaic of experiences and the whole history of Turzovsk\u00e9 K\u00fapele spa. It is a place where you can relax, reminisce about carefree summer games, or even take a dip in the natural lake.\"},\"mode\":\"edit\",\"className\":\"wp-embed-aspect-16-9 wp-has-aspect-ratio\"} \/-->\n\n<!-- wp:embed {\"url\":\"https:\/\/youtu.be\/35RPh0ysNK4\",\"type\":\"video\",\"providerNameSlug\":\"youtube\",\"responsive\":true,\"className\":\"wp-embed-aspect-16-9 wp-has-aspect-ratio\"} -->\n<figure class=\"wp-block-embed is-type-video is-provider-youtube wp-block-embed-youtube wp-embed-aspect-16-9 wp-has-aspect-ratio\"><div class=\"wp-block-embed__wrapper\">\nhttps:\/\/youtu.be\/35RPh0ysNK4\n<\/div><\/figure>\n<!-- \/wp:embed -->\n\n<!-- wp:acf\/common-text-right-section {\"name\":\"acf\/common-text-right-section\",\"data\":{\"field_60c66a6067e54\":\"The Senianske Rybn\u00e9ly ponds are an important avifaunal area attracting both local and international birdwatchers. So, it is not surprising that Alexandra Selmeciov\u00e1 and Tom\u00e1\u0161 Kocka Jusko chose it for their artwork. This author duo is fascinated by the constructions that people build for birds, but also by the way they care for birds and their environment. They have \\u0022planted\\u0022 two oversized objects on the Senianske Rybn\u00edky ponds that look like poles, flowers, observation posts, and nests at the same time. They created the shells using a basketry technique made of wicker, taking inspiration from birds' nests. In this way, the \\u003cstrong\\u003eartwork Kuka\u0148\\u003c\/strong\\u003e reminds us of the coexistence of birds and people, but also invites us to discover a beautiful nature preserve, through which 17 km of nature trails lead.\"},\"mode\":\"edit\",\"className\":\"wp-embed-aspect-16-9 wp-has-aspect-ratio\"} \/-->\n\n<!-- wp:embed {\"url\":\"https:\/\/youtu.be\/35RPh0ysNK4\",\"type\":\"video\",\"providerNameSlug\":\"youtube\",\"responsive\":true,\"className\":\"wp-embed-aspect-16-9 wp-has-aspect-ratio\"} -->\n<figure class=\"wp-block-embed is-type-video is-provider-youtube wp-block-embed-youtube wp-embed-aspect-16-9 wp-has-aspect-ratio\"><div class=\"wp-block-embed__wrapper\">\nhttps:\/\/youtu.be\/35RPh0ysNK4\n<\/div><\/figure>\n<!-- \/wp:embed -->\n\n<!-- wp:spacer {\"className\":\"wp-embed-aspect-16-9 wp-has-aspect-ratio\"} -->\n<div style=\"height:100px\" aria-hidden=\"true\" class=\"wp-block-spacer wp-embed-aspect-16-9 wp-has-aspect-ratio\"><\/div>\n<!-- \/wp:spacer -->\n\n<!-- wp:quote {\"align\":\"center\",\"className\":\"wp-embed-aspect-16-9 wp-has-aspect-ratio\"} -->\n<blockquote class=\"wp-block-quote has-text-align-center wp-embed-aspect-16-9 wp-has-aspect-ratio\"><!-- wp:paragraph -->\n<p><\/p>\n<!-- \/wp:paragraph --><cite><strong><strong><em><strong>Go to places X and get to know not just the unusual land art works, but also the beautiful and pristine nature of eastern Slovakia, unaffected by tourism.<\/strong><\/em><\/strong><\/strong><\/cite><\/blockquote>\n<!-- \/wp:quote -->\n\n<!-- wp:tadv\/classic-paragraph -->\n<p>WWW.UMENIENAMIESTE.SK<\/p>\n<!-- \/wp:tadv\/classic-paragraph -->\n\n<!-- wp:spacer {\"className\":\"wp-embed-aspect-16-9 wp-has-aspect-ratio\"} -->\n<div style=\"height:100px\" aria-hidden=\"true\" class=\"wp-block-spacer wp-embed-aspect-16-9 wp-has-aspect-ratio\"><\/div>\n<!-- \/wp:spacer -->\n\n<!-- wp:separator {\"className\":\"wp-embed-aspect-16-9 wp-has-aspect-ratio\"} -->\n<hr class=\"wp-block-separator has-alpha-channel-opacity wp-embed-aspect-16-9 wp-has-aspect-ratio\"\/>\n<!-- \/wp:separator -->\n\n<!-- wp:embed {\"url\":\"https:\/\/youtu.be\/35RPh0ysNK4\",\"type\":\"video\",\"providerNameSlug\":\"youtube\",\"responsive\":true,\"className\":\"wp-embed-aspect-16-9 wp-has-aspect-ratio\"} -->\n<figure class=\"wp-block-embed is-type-video is-provider-youtube wp-block-embed-youtube wp-embed-aspect-16-9 wp-has-aspect-ratio\"><div class=\"wp-block-embed__wrapper\">\nhttps:\/\/youtu.be\/35RPh0ysNK4\n<\/div><\/figure>\n<!-- \/wp:embed -->","_en_post_name":"","_en_post_excerpt":"","_en_post_title":"Take a trip to see unusual artworks in nature.","_hu_post_content":"<!-- wp:tadv\/classic-paragraph -->\n<p><strong>Vegye el\u0151 a \u201eTO DO\u201c list\u00e1j\u00e1t \u00e9s nagybet\u0171kkel jegyezze fel r\u00e1: A\u00a0M\u0170V\u00c9SZET HELYSZ\u00cdNE X. \u00d6t olyan szokatlan m\u0171t\u00e1rgyat ismerhet meg, amelyek a\u00a0r\u00e9t k\u00f6zep\u00e9n, az erd\u0151ben, a\u00a0l\u00e1pon vagy a\u00a0dombon \u201etermettek\u201c, hogy \u00f6r\u00f6met szerezzenek, meglepet\u00e9st okozzanak, \u00e9rz\u00e9seket keltsenek, vagy gondolatokat \u00e9bresszenek. \u00c9s a\u00a0j\u00f3 h\u00edr az, hogy mindezek a\u00a0Kassai r\u00e9gi\u00f3ban tal\u00e1lhat\u00f3k. <\/strong><\/p>\n<!-- \/wp:tadv\/classic-paragraph -->\n\n<!-- wp:acf\/common-text-left-section {\"name\":\"acf\/common-text-left-section\",\"data\":{\"field_60c66a6067e54\":\"\\u003ca href=\\u0022https:\/\/www.umenienamieste.sk\/\\u0022\\u003eA\u00a0m\u0171v\u00e9szet helysz\u00edne X\\u003c\/a\\u003e\u00a0 a\u00a0KRT idegenforgalmi iroda \u00e9s a\u00a0sz\u00e1mos sikeres \u00e9s d\u00edjazott kamp\u00e1nyt (pl. az Egy \u00f3ra az egysz\u00fcl\u0151s gyermekeknek c.) jegyz\u0151 Slovak and Friends kreat\u00edv \u00fcgyn\u00f6ks\u00e9g k\u00f6z\u00f6s m\u0171hely\u00e9ben sz\u00fcletett. Ebb\u0151l is tudhat\u00f3, hogy A\u00a0m\u0171v\u00e9szet helysz\u00edne X val\u00f3ban meg\u00e9rdemli a\u00a0figyelmet.\\r\\n\\u003cp style=\\u0022font-weight: 400;\\u0022\\u003e\\u003c\/p\\u003e\"},\"mode\":\"edit\",\"className\":\"wp-embed-aspect-16-9 wp-has-aspect-ratio\"} \/-->\n\n<!-- wp:acf\/common-text-right-section {\"name\":\"acf\/common-text-right-section\",\"data\":{\"field_60c66a6067e54\":\"Ha teh\u00e1t \u00e9ppen a\u00a0Sz\u00e1del\u0151i v\u00f6lgybe k\u00e9sz\u00fcl, m\u00e1r a\u00a0k\u00f6zs\u00e9g (Z\u00e1diel) elej\u00e9n figyeljen, \u00e9s f\u0151k\u00e9nt bal oldalon n\u00e9zel\u0151dj\u00f6n. Az \u00fat mellett elter\u00fcl\u0151 r\u00e9ten egy betonkever\u0151t \u00e9s eldobott kar\u00e1csonyf\u00e1kat fog l\u00e1tni.\u00a0 \\u003cstrong\\u003eAz \u00dcst\u00f6k\u00f6s \\u003c\/strong\\u003ec. m\u0171t\u00e1rgy egy hull\u00f3csillagot \u00e1br\u00e1zol. Alkot\u00f3i, Michal Machcin\u00edk \u00e9s a \u00a0Doxa s.r.o. a\u00a0k\u00f6rnyezetv\u00e9delem kapcs\u00e1n arr\u00f3l elm\u00e9lkedtek, hogyan v\u00e1ltoztatja meg a t\u00e1jat \u00e9s a\u00a0t\u00e1j \u00e9rz\u00e9kel\u00e9s\u00e9t a term\u00e9szeti forr\u00e1sok kihaszn\u00e1l\u00e1sa. A\u00a0Sz\u00e1del\u0151i v\u00f6lgy egy\u00e9bk\u00e9nt 10 km hossz\u00fa, r\u00e9sz\u00e9t k\u00e9pezi a\u00a0Sz\u00e1del\u0151i szurdok, ami egy gy\u00f6ny\u00f6r\u0171 term\u00e9szeti rezerv\u00e1tum. Ez a\u00a0monument\u00e1lis kanyon helyenk\u00e9nt csup\u00e1n 10 m\u00e9ter sz\u00e9les, magas m\u00e9szk\u0151szikl\u00e1k \u00e9s s\u0171r\u0171, \u00e9rintetlen erd\u0151 alkotja, \u00e9s a\u00a0S\u00e1ros patak szeli \u00e1t. A\u00a0k\u00f6zelben tal\u00e1lhat\u00f3k az \u00c1ji v\u00edzes\u00e9sek \u00e9s a\u00a0Tornai v\u00e1r. Ha eddig nem k\u00e9sz\u00fclt Sz\u00e1del\u0151be, most m\u00e1r X oka van, hogy ezen v\u00e1ltoztasson.\"},\"mode\":\"edit\",\"className\":\"wp-embed-aspect-16-9 wp-has-aspect-ratio\"} \/-->\n\n<!-- wp:embed {\"url\":\"https:\/\/youtu.be\/35RPh0ysNK4\",\"type\":\"video\",\"providerNameSlug\":\"youtube\",\"responsive\":true,\"className\":\"wp-embed-aspect-16-9 wp-has-aspect-ratio\"} -->\n<figure class=\"wp-block-embed is-type-video is-provider-youtube wp-block-embed-youtube wp-embed-aspect-16-9 wp-has-aspect-ratio\"><div class=\"wp-block-embed__wrapper\">\nhttps:\/\/youtu.be\/35RPh0ysNK4\n<\/div><\/figure>\n<!-- \/wp:embed -->\n\n<!-- wp:acf\/common-text-left-section {\"name\":\"acf\/common-text-left-section\",\"data\":{\"field_60c66a6067e54\":\"A\u00a0szokatlan \u00e9lm\u00e9nyek t\u00e9rk\u00e9p\u00e9n egy m\u00e1sik pont az \\u003cstrong\\u003e\u00c9gen t\u00fali id\u0151 c. m\u0171t\u00e1rgy.\\u003c\/strong\\u003e\u00a0 Alkot\u00f3ja, Samuel Velebn\u00fd, a\u00a0nap\u00f3r\u00e1kb\u00f3l, az id\u0151 folyam\u00e1b\u00f3l, annak meg\u00e9l\u00e9s\u00e9b\u0151l nyert ihletet. Mindez a\u00a0R\u00e1nkf\u00fcredi gejz\u00edr ter\u00fclet\u00e9n \u00f6lt\u00f6tt testet, ahol a\u00a0v\u00edz kit\u00f6r\u00e9seinek id\u0151pontj\u00e1t csak hozz\u00e1vet\u0151legesen lehet meghat\u00e1rozni, \u00edgy h\u00e1t nincs mit tenni: t\u00fcrelmesen v\u00e1rni kell, hogy megl\u00e1ssuk a\u00a022 m magasra felt\u00f6r\u0151 er\u0151t. Samuel nap\u00f3r\u00e1ja is v\u00e1rakozik, csak akkor l\u00e9p m\u0171k\u00f6d\u00e9sbe, ha valaki odal\u00e9p. Hogy hogyan? Azt az X helysz\u00ednen tudhatjuk meg, a\u00a0R\u00e1nkf\u00fcredi gejz\u00edrn\u00e9l (Her\u013eany).\"},\"mode\":\"edit\",\"className\":\"wp-embed-aspect-16-9 wp-has-aspect-ratio\"} \/-->\n\n<!-- wp:embed {\"url\":\"https:\/\/youtu.be\/35RPh0ysNK4\",\"type\":\"video\",\"providerNameSlug\":\"youtube\",\"responsive\":true,\"className\":\"wp-embed-aspect-16-9 wp-has-aspect-ratio\"} -->\n<figure class=\"wp-block-embed is-type-video is-provider-youtube wp-block-embed-youtube wp-embed-aspect-16-9 wp-has-aspect-ratio\"><div class=\"wp-block-embed__wrapper\">\nhttps:\/\/youtu.be\/35RPh0ysNK4\n<\/div><\/figure>\n<!-- \/wp:embed -->\n\n<!-- wp:acf\/common-text-right-section {\"name\":\"acf\/common-text-right-section\",\"data\":{\"field_60c66a6067e54\":\"Martin Pia\u010dek \u00e9s Matej Gavula hozta l\u00e9tre\u00a0 a\u00a0\\u003cstrong\\u003eF\u00fcg\u00e9s g\u00f6d\u00f6r c. m\u0171t\u00e1rgyat \\u003c\/strong\\u003eaz ill\u00e9sfalvi (Ilia\u0161ovce) Sans Souci ny\u00e1ri lak ter\u00fclet\u00e9n. Azon a\u00a0helyen, ahol valaha Cs\u00e1ky gr\u00f3f egy barokk \u00fcd\u00fcl\u0151helyet \u00e9p\u00edtett, ellen\u00e1ll\u00f3 f\u00fcgefajt\u00e1t \u00fcltettek ki, igaz\u00e1n agyaf\u00fart m\u00f3don. El\u0151sz\u00f6r egy 10 m\u00e9ter \u00e1tm\u00e9r\u0151j\u0171, t\u00f6lcs\u00e9r-szer\u0171 g\u00f6dr\u00f6t \u00e1stak, amelyet helyi k\u00f6vekkel raktak ki \u00e9s a\u00a0k\u00f6zep\u00e9be \u00fcltett\u00e9k a\u00a0n\u00f6v\u00e9nyt. Az elj\u00e1r\u00e1st \u00a0a\u00a0r\u00e9gm\u00faltban is alkalmazt\u00e1k, annak \u00e9rdek\u00e9ben, hogy a\u00a0n\u00f6v\u00e9ny v\u00e9dve legyen a\u00a0sz\u00e9lt\u0151l \u00e9s egy mikrokl\u00edma vegye k\u00f6r\u00fcl. A\u00a0m\u0171t\u00e1rgy a\u00a0helysz\u00edn gazdag m\u00faltj\u00e1ra h\u00edvja fel a\u00a0figyelmet, valamint a\u00a0nemess\u00e9g gy\u0171jt\u0151szenved\u00e9ly\u00e9re is, akik k\u00fclf\u00f6ldr\u0151l egzotikus n\u00f6v\u00e9nyeket hoztak haza, hogy t\u00e1g\u00edts\u00e1k a\u00a0helybeliek l\u00e1t\u00f3k\u00f6r\u00e9t, b\u0151v\u00edts\u00e9k ismereteiket.\"},\"mode\":\"edit\",\"className\":\"wp-embed-aspect-16-9 wp-has-aspect-ratio\"} \/-->\n\n<!-- wp:embed {\"url\":\"https:\/\/youtu.be\/35RPh0ysNK4\",\"type\":\"video\",\"providerNameSlug\":\"youtube\",\"responsive\":true,\"className\":\"wp-embed-aspect-16-9 wp-has-aspect-ratio\"} -->\n<figure class=\"wp-block-embed is-type-video is-provider-youtube wp-block-embed-youtube wp-embed-aspect-16-9 wp-has-aspect-ratio\"><div class=\"wp-block-embed__wrapper\">\nhttps:\/\/youtu.be\/35RPh0ysNK4\n<\/div><\/figure>\n<!-- \/wp:embed -->\n\n<!-- wp:acf\/common-text-left-section {\"name\":\"acf\/common-text-left-section\",\"data\":{\"field_60c66a6067e54\":\"Tudt\u00e1k, hogy G\u00f6lnicb\u00e1nya (Gelnica) mellett valaha egy h\u00edres f\u00fcrd\u0151 volt, ahol a\u00a0vizet t\u0171levekkel f\u0151zt\u00e9k \u00e1t? Az Osztr\u00e1k-Magyar Monarchia lakosai \u00edgy a\u00a0k\u00f6rnyez\u0151 fenyvesek gyant\u00e1j\u00e1nak illat\u00e1t inhal\u00e1lt\u00e1k, hogy enyh\u00edts\u00e9k a\u00a0l\u00e9gz\u0151rendszer megbeteged\u00e9seit. Thurz\u00f3f\u00fcreden (Turzov) a\u00a0k\u00f6zelm\u00faltban gyermek\u00fcd\u00fcl\u0151 volt, pion\u00edrt\u00e1borokat \u00e9s erdei iskol\u00e1kat szerveztek ide, de ma m\u00e1r csup\u00e1n egy-k\u00e9t, \u00e9rt\u00e9kes \u00e9s lassan romm\u00e1 v\u00e1l\u00f3 \u00e9s megment\u00e9sre szorul\u00f3 \u00e9p\u00fclet maradt fent. \u00a0A\u00a0r\u00e9gi dics\u0151s\u00e9get id\u00e9zi fel a\u00a0\\u003cstrong\\u003eR\u00e1kmenet c. m\u0171t\u00e1rgy\\u003c\/strong\\u003e, amelynek alkot\u00f3ja Jarmila Mitr\u00edkov\u00e1.\u00a0 A\u00a0t\u00f3 mellett, a\u00a0f\u00f6ldbe \u00e1gyazott ker\u00e1mia-domborm\u0171 egyfajta eml\u00e9knyom, Thurz\u00f3f\u00fcred t\u00f6rt\u00e9net\u00e9nek, a\u00a0hozz\u00e1 kapcsol\u00f3d\u00f3 \u00e9lm\u00e9nyeknek szertesz\u00e9t sz\u00f3rt, sz\u00ednes mozaikdarabokb\u00f3l kirakott k\u00e9pe.\u00a0 A\u00a0hely, ahol meg tudunk pihenni, ahol eml\u00e9kezhet\u00fcnk a\u00a0gondtalan, j\u00e1t\u00e9kos nyarakra, vagy ak\u00e1r meg is f\u00fcr\u00f6dhet\u00fcnk.\"},\"mode\":\"edit\",\"className\":\"wp-embed-aspect-16-9 wp-has-aspect-ratio\"} \/-->\n\n<!-- wp:embed {\"url\":\"https:\/\/youtu.be\/35RPh0ysNK4\",\"type\":\"video\",\"providerNameSlug\":\"youtube\",\"responsive\":true,\"className\":\"wp-embed-aspect-16-9 wp-has-aspect-ratio\"} -->\n<figure class=\"wp-block-embed is-type-video is-provider-youtube wp-block-embed-youtube wp-embed-aspect-16-9 wp-has-aspect-ratio\"><div class=\"wp-block-embed__wrapper\">\nhttps:\/\/youtu.be\/35RPh0ysNK4\n<\/div><\/figure>\n<!-- \/wp:embed -->\n\n<!-- wp:acf\/common-text-right-section {\"name\":\"acf\/common-text-right-section\",\"data\":{\"field_60c66a6067e54\":\"Az Ungszennai halastavak jelent\u0151s mad\u00e1rter\u00fclet, amely egyar\u00e1nt vonzza a\u00a0hazai \u00e9s a\u00a0k\u00fclf\u00f6ldi mad\u00e1rmegfigyel\u0151ket. \u00cdgy azt\u00e1n nem csoda, hogy Alexandra Selmeciov\u00e1 \u00e9s Tom\u00e1\u0161 Kocka Jusko is ehhez k\u00f6t\u00f6tt\u00e9k az alkot\u00e1sukat. A\u00a0szerz\u0151p\u00e1ros ugyanis odavan azok\u00e9rt a\u00a0szerkezetek\u00e9rt, amelyeket az emberek \u00e9p\u00edtenek a\u00a0madaraknak, \u00e9s azt is szeretik megfigyelni, hogy gondoskodnak az emberek a\u00a0madarakr\u00f3l \u00e9s a\u00a0k\u00f6rnyezet\u00fckr\u0151l. Az Ungszennai halastavakn\u00e1l k\u00e9t \u00f3ri\u00e1s objektumot helyeztek el, amelyek egyszerre n\u00e9znek ki oszlopoknak, vir\u00e1goknak, megfigyel\u0151helyeknek \u00e9s f\u00e9szkeknek.\u00a0 A\u00a0szirmokat kos\u00e1rfon\u00f3-technik\u00e1val k\u00e9sz\u00edtett\u00e9k vessz\u0151kb\u0151l \u00e9s ehhez a\u00a0mad\u00e1rf\u00e9szkekb\u0151l is nyertek inspir\u00e1ci\u00f3t. A \\u003cstrong\\u003e\u00a0Kuka\u0148\u00a0(vessz\u0151kos\u00e1r, kas) \\u003c\/strong\\u003enevet visel\u0151 m\u0171t\u00e1rgy ez\u00e9rt a\u00a0madarak \u00e9s az emberek egy\u00fctt\u00e9l\u00e9s\u00e9re eml\u00e9keztet benn\u00fcnket, \u00e9s egy\u00fattal a\u00a0gy\u00f6ny\u00f6r\u0171 term\u00e9szeti rezerv\u00e1tum felfedez\u00e9s\u00e9re is h\u00edvogat, ahol \u00f6sszesen 17 km hossz\u00fa tan\u00f6sv\u00e9nyek v\u00e1rj\u00e1k a\u00a0l\u00e1togat\u00f3kat.\"},\"mode\":\"edit\",\"className\":\"wp-embed-aspect-16-9 wp-has-aspect-ratio\"} \/-->\n\n<!-- wp:embed {\"url\":\"https:\/\/youtu.be\/35RPh0ysNK4\",\"type\":\"video\",\"providerNameSlug\":\"youtube\",\"responsive\":true,\"className\":\"wp-embed-aspect-16-9 wp-has-aspect-ratio\"} -->\n<figure class=\"wp-block-embed is-type-video is-provider-youtube wp-block-embed-youtube wp-embed-aspect-16-9 wp-has-aspect-ratio\"><div class=\"wp-block-embed__wrapper\">\nhttps:\/\/youtu.be\/35RPh0ysNK4\n<\/div><\/figure>\n<!-- \/wp:embed -->\n\n<!-- wp:spacer {\"className\":\"wp-embed-aspect-16-9 wp-has-aspect-ratio\"} -->\n<div style=\"height:100px\" aria-hidden=\"true\" class=\"wp-block-spacer wp-embed-aspect-16-9 wp-has-aspect-ratio\"><\/div>\n<!-- \/wp:spacer -->\n\n<!-- wp:quote {\"align\":\"center\",\"className\":\"wp-embed-aspect-16-9 wp-has-aspect-ratio\"} -->\n<blockquote class=\"wp-block-quote has-text-align-center wp-embed-aspect-16-9 wp-has-aspect-ratio\"><!-- wp:paragraph -->\n<p><\/p>\n<!-- \/wp:paragraph --><cite><strong><strong><em>Vegye c\u00e9lba az X helysz\u00edneket \u00e9s n\u00e9zze meg nem csak a\u00a0rendhagy\u00f3 land art m\u0171t\u00e1rgyakat, hanem a\u00a0gy\u00f6ny\u00f6r\u0171, turizmust\u00f3l \u00e9rintetlen term\u00e9szetet is Szlov\u00e1kia keleti t\u00e1jain.<\/em><\/strong><\/strong><\/cite><\/blockquote>\n<!-- \/wp:quote -->\n\n<!-- wp:tadv\/classic-paragraph -->\n<p>WWW.UMENIENAMIESTE.SK<\/p>\n<!-- \/wp:tadv\/classic-paragraph -->\n\n<!-- wp:spacer {\"className\":\"wp-embed-aspect-16-9 wp-has-aspect-ratio\"} -->\n<div style=\"height:100px\" aria-hidden=\"true\" class=\"wp-block-spacer wp-embed-aspect-16-9 wp-has-aspect-ratio\"><\/div>\n<!-- \/wp:spacer -->\n\n<!-- wp:separator {\"className\":\"wp-embed-aspect-16-9 wp-has-aspect-ratio\"} -->\n<hr class=\"wp-block-separator has-alpha-channel-opacity wp-embed-aspect-16-9 wp-has-aspect-ratio\"\/>\n<!-- \/wp:separator -->\n\n<!-- wp:embed {\"url\":\"https:\/\/youtu.be\/35RPh0ysNK4\",\"type\":\"video\",\"providerNameSlug\":\"youtube\",\"responsive\":true,\"className\":\"wp-embed-aspect-16-9 wp-has-aspect-ratio\"} -->\n<figure class=\"wp-block-embed is-type-video is-provider-youtube wp-block-embed-youtube wp-embed-aspect-16-9 wp-has-aspect-ratio\"><div class=\"wp-block-embed__wrapper\">\nhttps:\/\/youtu.be\/35RPh0ysNK4\n<\/div><\/figure>\n<!-- \/wp:embed -->","_hu_post_name":"","_hu_post_excerpt":"","_hu_post_title":"Kir\u00e1nduljon \u00e9s n\u00e9zzen meg n\u00e9h\u00e1ny k\u00fcl\u00f6nleges m\u0171t\u00e1rgyat a\u00a0term\u00e9szetben","_es_post_content":"","_es_post_name":"","_es_post_excerpt":"","_es_post_title":"","_de_post_content":"","_de_post_name":"","_de_post_excerpt":"","_de_post_title":"","_pl_post_content":"<!-- wp:tadv\/classic-paragraph -->\n<p><strong>Wybierz swoj\u0105 list\u0119 \u201eRZECZY DO ZOBACZENIA\u201d i wielkimi literami wpisz has\u0142o <em>UMENIE NA MIESTE X<\/em> (sztuka w miejscu X). W ten spos\u00f3b poznasz pi\u0119\u0107 niezwyk\u0142ych dzie\u0142, kt\u00f3re \u201ewyros\u0142y\u201d po\u015brodku \u0142\u0105ki, w lesie, na bagnach lub na wzg\u00f3rzu, by zachwyca\u0107, zaskakiwa\u0107, wywo\u0142ywa\u0107 emocje, a mo\u017ce nawet sk\u0142ania\u0107 do refleksji. Dobra wiadomo\u015b\u0107 jest taka, \u017ce wszystkie z nich mo\u017cesz znale\u017a\u0107 w regionie koszyckim.\u00a0<\/strong><\/p>\n<!-- \/wp:tadv\/classic-paragraph -->\n\n<!-- wp:acf\/common-text-left-section {\"name\":\"acf\/common-text-left-section\",\"data\":{\"field_60c66a6067e54\":\"\\u003ca href=\\u0022https:\/\/www.umenienamieste.sk\/\\u0022\\u003e\\u003cem\\u003eUmenie na mieste X\\u003c\/em\\u003e\\u003c\/a\\u003e, czyli \u2013 m\u00f3wi\u0105c po polsku \u2013 Sztuka w miejscu X, to wsp\u00f3lne dzie\u0142o organizacji KRT i agencji kreatywnej Slovak and Friends, kt\u00f3ra stoi za wieloma pomys\u0142owymi i nagradzanymi kampaniami, takimi jak np. wideo zrobione na potrzeby kampanii, kt\u00f3ra mia\u0142a zwraca\u0107 uwag\u0119 na potrzeby dzieci wychowywanych przez jednego rodzica. Co to oznacza? \u017be \\u003cem\\u003eUmenie na mieste X\\u003c\/em\\u003e to naprawd\u0119 co\u015b.\\r\\n\\u003cp style=\\u0022font-weight: 400;\\u0022\\u003e\\u003c\/p\\u003e\"},\"mode\":\"edit\",\"className\":\"wp-embed-aspect-16-9 wp-has-aspect-ratio\"} \/-->\n\n<!-- wp:acf\/common-text-right-section {\"name\":\"acf\/common-text-right-section\",\"data\":{\"field_60c66a6067e54\":\"Je\u015bli zatem wybierasz si\u0119 do Doliny Zadielskiej, dobrze si\u0119 po niej rozejrzyj i sp\u00f3jrz na lewo. Na \u0142\u0105ce przy drodze zobaczysz betoniark\u0119 i porzucone choinki.\u00a0To w\u0142a\u015bnie praca zatytu\u0142owana\\u003cstrong\\u003e Kometa\\u003c\/strong\\u003e,\u00a0kt\u00f3ra przedstawia spadaj\u0105c\u0105 gwiazd\u0119, a jej autorzy, Michal Machcin\u00edk i Doxa s.r.o., zastanawiali si\u0119 w niej nad kwestiami dotycz\u0105cymi \u015brodowiska i wykorzystania zasob\u00f3w naturalnych, kt\u00f3re zmieniaj\u0105 krajobraz i jego postrzeganie. Nawiasem m\u00f3wi\u0105c, Dolina Zadielska ma ponad 10 km d\u0142ugo\u015bci, a jej cz\u0119\u015bci\u0105 jest rezerwat przyrody W\u0105w\u00f3z Zadielski (Z\u00e1dielska ties\u0148ava). To robi wra\u017cenie! W niekt\u00f3rych miejscach w\u0105w\u00f3z ma zaledwie 10 metr\u00f3w szeroko\u015bci \u2013 tworz\u0105 go wysokie wapienne \u015bciany i g\u0119sty dziewiczy las. Przez w\u0105w\u00f3z przep\u0142ywa potok Blatn\u00fd, a w pobli\u017cu znajduj\u0105 si\u0119 wodospady Hajskie i zamek Turnianski. Je\u015bli nie znasz jeszcze tego miejsca, masz X powod\u00f3w, \u017ceby to zmieni\u0107.\"},\"mode\":\"edit\",\"className\":\"wp-embed-aspect-16-9 wp-has-aspect-ratio\"} \/-->\n\n<!-- wp:embed {\"url\":\"https:\/\/youtu.be\/35RPh0ysNK4\",\"type\":\"video\",\"providerNameSlug\":\"youtube\",\"responsive\":true,\"className\":\"wp-embed-aspect-16-9 wp-has-aspect-ratio\"} -->\n<figure class=\"wp-block-embed is-type-video is-provider-youtube wp-block-embed-youtube wp-embed-aspect-16-9 wp-has-aspect-ratio\"><div class=\"wp-block-embed__wrapper\">\nhttps:\/\/youtu.be\/35RPh0ysNK4\n<\/div><\/figure>\n<!-- \/wp:embed -->\n\n<!-- wp:acf\/common-text-left-section {\"name\":\"acf\/common-text-left-section\",\"data\":{\"field_60c66a6067e54\":\"Kolejnym punktem na mapie niesamowitych miejsc jest\u00a0lokalizacja, w kt\u00f3rej mo\u017cna zobaczy\u0107 \\u003cstrong\\u003eprac\u0119 Poza czasem na niebie\\u003c\/strong\\u003e. Jej autor, Samuel Velebn\u00fd, inspirowa\u0142 si\u0119 zegarami s\u0142onecznymi, up\u0142ywem czasu i jego do\u015bwiadczaniem. Sam\u0105 prac\u0119 mo\u017cna zobaczy\u0107 w pobli\u017cu gejzeru (jego oficjalna nazwa to Herliansky gejz\u00edr), kt\u00f3rego erupcje odbywaj\u0105 si\u0119\u2026 dosy\u0107 nieregularnie. Nie zostaje Ci zatem nic innego, jak tylko cierpliwie czeka\u0107, a\u017c wystrzeli na wysoko\u015b\u0107 22 metr\u00f3w. Czekanie jest r\u00f3wnie\u017c istot\u0105 zegara s\u0142onecznego stworzonego przez Samuela. Uruchamia si\u0119 on tylko wtedy, gdy kto\u015b na nim stanie. Jak? Dowiesz si\u0119 tego w miejscu X, przy gejzerze.\"},\"mode\":\"edit\",\"className\":\"wp-embed-aspect-16-9 wp-has-aspect-ratio\"} \/-->\n\n<!-- wp:embed {\"url\":\"https:\/\/youtu.be\/35RPh0ysNK4\",\"type\":\"video\",\"providerNameSlug\":\"youtube\",\"responsive\":true,\"className\":\"wp-embed-aspect-16-9 wp-has-aspect-ratio\"} -->\n<figure class=\"wp-block-embed is-type-video is-provider-youtube wp-block-embed-youtube wp-embed-aspect-16-9 wp-has-aspect-ratio\"><div class=\"wp-block-embed__wrapper\">\nhttps:\/\/youtu.be\/35RPh0ysNK4\n<\/div><\/figure>\n<!-- \/wp:embed -->\n\n<!-- wp:acf\/common-text-right-section {\"name\":\"acf\/common-text-right-section\",\"data\":{\"field_60c66a6067e54\":\"Martin Pia\u010dek i Matej Gavula stworzyli razem prac\u0119 \\u003cstrong\\u003eJaskinia figowa\\u003c\/strong\\u003e prezentowan\u0105 w parku otaczaj\u0105cym letni\u0105 rezydencj\u0119 Sans Souci w Ilia\u0161ovcach. Posadzili oni odporn\u0105 odmian\u0119 figowca w miejscu, w kt\u00f3rym hrabia Csaky zaplanowa\u0142 tereny rekreacyjne. To im si\u0119 uda\u0142o! Najpierw wykopali d\u00f3\u0142 w kszta\u0142cie lejka o \u015brednicy 10 metr\u00f3w, wy\u0142o\u017cyli go kamieniem z okolicy i posadzili ro\u015blin\u0119. Takie rozwi\u0105zanie stosowano ju\u017c dawniej, by zapewni\u0107 ro\u015blinie odpowiedni\u0105 ochron\u0119 i mikroklimat. Praca nawi\u0105zuje do historii tego miejsca i zwraca uwag\u0119 na mani\u0119 kolekcjonersk\u0105 arystokrat\u00f3w, kt\u00f3rzy sprowadzali z zagranicy egzotyczne gatunki ro\u015blin, aby poszerza\u0107 horyzonty wyobra\u017ani i wiedzy.\"},\"mode\":\"edit\",\"className\":\"wp-embed-aspect-16-9 wp-has-aspect-ratio\"} \/-->\n\n<!-- wp:embed {\"url\":\"https:\/\/youtu.be\/35RPh0ysNK4\",\"type\":\"video\",\"providerNameSlug\":\"youtube\",\"responsive\":true,\"className\":\"wp-embed-aspect-16-9 wp-has-aspect-ratio\"} -->\n<figure class=\"wp-block-embed is-type-video is-provider-youtube wp-block-embed-youtube wp-embed-aspect-16-9 wp-has-aspect-ratio\"><div class=\"wp-block-embed__wrapper\">\nhttps:\/\/youtu.be\/35RPh0ysNK4\n<\/div><\/figure>\n<!-- \/wp:embed -->\n\n<!-- wp:acf\/common-text-left-section {\"name\":\"acf\/common-text-left-section\",\"data\":{\"field_60c66a6067e54\":\"Czy wiesz, \u017ce niedaleko Gelnicy znajdowa\u0142o si\u0119 niegdy\u015b s\u0142ynne uzdrowisko, w kt\u00f3rym wod\u0119 z jeziora podgrzewano z igliwiem, by kuracjusze z ca\u0142ych Austro-W\u0119gier mogli wdycha\u0107 \u017cywice z okolicznych drzew iglastych i leczy\u0107 dolegliwo\u015bci uk\u0142adu oddechowego. Nie tak dawno w lokalizacji Turzov organizowano obozy harcerskie i zielone szko\u0142y, a dzi\u015b mo\u017cna znale\u017a\u0107 tu kilka cennych, niszczej\u0105cych budynk\u00f3w, kt\u00f3re uda\u0142o si\u0119 uratowa\u0107 przed rozbi\u00f3rk\u0105. O ich dawnej \u015bwietno\u015bci przypomina\u00a0\\u003cstrong\\u003epraca zatytu\u0142owana Zabieg z u\u017cyciem rak\u00f3w\u00a0\\u003c\/strong\\u003eautorstwa Jarmily Mitr\u00edkovej. Ceramiczna p\u0142askorze\u017aba jest zakopana w ziemi nad jeziorem i stanowi swego rodzaju \u015blad pami\u0119ci. Jest to rozsypana r\u00f3\u017cnobarwna mozaika prze\u017cy\u0107 i opowie\u015bci o pobliskim uzdrowisku. To miejsce, w kt\u00f3rym mo\u017cna si\u0119 zrelaksowa\u0107, powspomina\u0107 beztroskie letnie igraszki i wyk\u0105pa\u0107 w jeziorze.\"},\"mode\":\"edit\",\"className\":\"wp-embed-aspect-16-9 wp-has-aspect-ratio\"} \/-->\n\n<!-- wp:embed {\"url\":\"https:\/\/youtu.be\/35RPh0ysNK4\",\"type\":\"video\",\"providerNameSlug\":\"youtube\",\"responsive\":true,\"className\":\"wp-embed-aspect-16-9 wp-has-aspect-ratio\"} -->\n<figure class=\"wp-block-embed is-type-video is-provider-youtube wp-block-embed-youtube wp-embed-aspect-16-9 wp-has-aspect-ratio\"><div class=\"wp-block-embed__wrapper\">\nhttps:\/\/youtu.be\/35RPh0ysNK4\n<\/div><\/figure>\n<!-- \/wp:embed -->\n\n<!-- wp:acf\/common-text-right-section {\"name\":\"acf\/common-text-right-section\",\"data\":{\"field_60c66a6067e54\":\"Stawy Senianske rybn\u00edky s\u0105 wa\u017cnym siedliskiem ptak\u00f3w, kt\u00f3re przyci\u0105ga mi\u0142o\u015bnik\u00f3w ptasich obserwacji z kraju i zagranicy. Nic wi\u0119c dziwnego zatem, \u017ce w\u0142a\u015bnie tu stan\u0119\u0142a praca Alexandry Selmeciovej i Tom\u00e1\u0161a Kocki Juska. To duet zafascynowany obiektami, kt\u00f3re ludzie buduj\u0105 dla ptak\u00f3w oraz sposobem, w jaki dbaj\u0105 o ptaki i ich \u015brodowisko \u017cycia. I tak nad stawami znalaz\u0142y si\u0119 dwa sporych rozmiar\u00f3w obiekty, kt\u00f3re wygl\u0105daj\u0105 jak po\u0142\u0105czenie maszt\u00f3w, gigantycznych kwiat\u00f3w, punkt\u00f3w obserwacyjnych i gniazd jednocze\u015bnie. P\u0142atki \u201ekwiat\u00f3w\u201d zosta\u0142y wykonane z wikliny. Inspiracj\u0105 do ich stworzenia by\u0142y ptasie gniazda.\\u003cstrong\\u003e\u00a0Praca zatytu\u0142owana Ptasi kosz\u00a0\\u003c\/strong\\u003eprzypomina o wsp\u00f3\u0142istnieniu ptak\u00f3w i ludzi, a jednocze\u015bnie zaprasza do odkrywania pi\u0119knego rezerwatu przyrody, przez kt\u00f3ry prowadzi 17 km \u015bcie\u017cek przyrodniczych.\"},\"mode\":\"edit\",\"className\":\"wp-embed-aspect-16-9 wp-has-aspect-ratio\"} \/-->\n\n<!-- wp:embed {\"url\":\"https:\/\/youtu.be\/35RPh0ysNK4\",\"type\":\"video\",\"providerNameSlug\":\"youtube\",\"responsive\":true,\"className\":\"wp-embed-aspect-16-9 wp-has-aspect-ratio\"} -->\n<figure class=\"wp-block-embed is-type-video is-provider-youtube wp-block-embed-youtube wp-embed-aspect-16-9 wp-has-aspect-ratio\"><div class=\"wp-block-embed__wrapper\">\nhttps:\/\/youtu.be\/35RPh0ysNK4\n<\/div><\/figure>\n<!-- \/wp:embed -->\n\n<!-- wp:spacer {\"className\":\"wp-embed-aspect-16-9 wp-has-aspect-ratio\"} -->\n<div style=\"height:100px\" aria-hidden=\"true\" class=\"wp-block-spacer wp-embed-aspect-16-9 wp-has-aspect-ratio\"><\/div>\n<!-- \/wp:spacer -->\n\n<!-- wp:quote {\"align\":\"center\",\"className\":\"wp-embed-aspect-16-9 wp-has-aspect-ratio\"} -->\n<blockquote class=\"wp-block-quote has-text-align-center wp-embed-aspect-16-9 wp-has-aspect-ratio\"><!-- wp:paragraph -->\n<p><\/p>\n<!-- \/wp:paragraph --><cite><strong><strong><em><strong>Udaj si\u0119 do miejsc X i poznaj nie tylko niezwyk\u0142e dzie\u0142a sztuki l\u0105dowej, ale tak\u017ce pi\u0119kn\u0105 i dziewicz\u0105 przyrod\u0119 wschodniej S\u0142owacji, nienaruszon\u0105 przez turystyk\u0119.<br><br><img height=\"16\" width=\"16\" src=\"data:image\/png;base64,iVBORw0KGgoAAAANSUhEUgAAABQAAAAUCAQAAAAngNWGAAAA\/0lEQVR4AYXNMSiEcRyA4cfmGHQbCZIipkuxnJgMStlMNmeyD2dwmc8+sZgxYJd9ErIZFHUyYYD7fkr6l4\/rnvmtl7+KitrqV\/fq2Y5eLY3Z9S48eRLe7BmVZ9qhTLhQ0algzZWQOVKSsCF8OjAnwbxDTWFDUhPK\/jMr1H6HE\/IqRky2DyvCefuwItwZzodVoYRiLqMkVCXrwpJ9twZ+sgfDYEFYl8wIWxZ9uFf7zkallxlJh4YrLGsKjZRx7VGHhLqwgFUN45DGdb8MeXGpgB4ABZdeDcpZEY51A+hyLKz4S1W4MQWm3AibWtgWmk6dyISa1pSdyWTOlLXVp0+eL9D\/ZPfBTNanAAAAAElFTkSuQmCC\" alt=\"Ikona Overen\u00e9 komunitou\"><br><br><\/strong><\/em><\/strong><\/strong><\/cite><\/blockquote>\n<!-- \/wp:quote -->\n\n<!-- wp:tadv\/classic-paragraph -->\n<p>WWW.UMENIENAMIESTE.SK<\/p>\n<!-- \/wp:tadv\/classic-paragraph -->\n\n<!-- wp:spacer {\"className\":\"wp-embed-aspect-16-9 wp-has-aspect-ratio\"} -->\n<div style=\"height:100px\" aria-hidden=\"true\" class=\"wp-block-spacer wp-embed-aspect-16-9 wp-has-aspect-ratio\"><\/div>\n<!-- \/wp:spacer -->\n\n<!-- wp:separator {\"className\":\"wp-embed-aspect-16-9 wp-has-aspect-ratio\"} -->\n<hr class=\"wp-block-separator has-alpha-channel-opacity wp-embed-aspect-16-9 wp-has-aspect-ratio\"\/>\n<!-- \/wp:separator -->\n\n<!-- wp:embed {\"url\":\"https:\/\/youtu.be\/35RPh0ysNK4\",\"type\":\"video\",\"providerNameSlug\":\"youtube\",\"responsive\":true,\"className\":\"wp-embed-aspect-16-9 wp-has-aspect-ratio\"} -->\n<figure class=\"wp-block-embed is-type-video is-provider-youtube wp-block-embed-youtube wp-embed-aspect-16-9 wp-has-aspect-ratio\"><div class=\"wp-block-embed__wrapper\">\nhttps:\/\/youtu.be\/35RPh0ysNK4\n<\/div><\/figure>\n<!-- \/wp:embed -->","_pl_post_name":"","_pl_post_excerpt":"","_pl_post_title":"Zr\u00f3b sobie wycieczk\u0119 i zobacz niezwyk\u0142e dzie\u0142a ukryte na \u0142onie natury","_it_post_content":"","_it_post_name":"","_it_post_excerpt":"","_it_post_title":"","edit_language":"sk","footnotes":""},"categories":[22,17],"tags":[290,284,932,128],"class_list":["post-11350","post","type-post","status-publish","format-standard","has-post-thumbnail","hentry","category-get-inspired","category-top","tag-kosicky-kraj","tag-kosicky-svetovy-kraj","tag-umenie-na-mieste-x","tag-vylet"],"acf":[],"yoast_head":"<!-- This site is optimized with the Yoast SEO Premium plugin v25.5 (Yoast SEO v27.4) - https:\/\/yoast.com\/product\/yoast-seo-premium-wordpress\/ -->\n<title>Ko\u0161ice Regi\u00f3n<\/title>\n<meta name=\"description\" content=\"Vyberajte v\u00e1\u0161 TO DO zoznam a ve\u013ek\u00fdmi p\u00edsmenami zapisujte UMENIE NA MIESTE X. Spozn\u00e1te tak 5 nezvy\u010dajn\u00fdch diel, ktor\u00e9 \u201evyr\u00e1stli\u201c v strede l\u00faky, v lese, v mokradi \u010di na kopci, aby \u013eud\u00ed pote\u0161ili, prekvapili, vyvolali v nich em\u00f3cie\u2026\" \/>\n<meta name=\"robots\" content=\"index, follow, max-snippet:-1, max-image-preview:large, max-video-preview:-1\" \/>\n<link rel=\"canonical\" href=\"https:\/\/www.kosiceregion.com\/sk\/urobte-si-vylet-za-nezvycajnymi-dielami-v-prirode-umenie-na-mieste-x\/\" \/>\n<meta property=\"og:locale\" content=\"sk_SK\" \/>\n<meta property=\"og:type\" content=\"article\" \/>\n<meta property=\"og:title\" content=\"TIP NA V\u00ddLET - Urobte si v\u00fdlet za nezvy\u010dajn\u00fdmi dielami v\u00a0pr\u00edrode\" \/>\n<meta property=\"og:description\" content=\"Vyberajte v\u00e1\u0161 TO DO zoznam a\u00a0ve\u013ek\u00fdmi p\u00edsmenami zapisujte UMENIE NA MIESTE X. Spozn\u00e1te tak 5 nezvy\u010dajn\u00fdch diel, ktor\u00e9 \u201evyr\u00e1stli\u201c v\u00a0strede l\u00faky, v\u00a0lese, v mokradi \u010di na kopci, aby \u013eud\u00ed pote\u0161ili, prekvapili, vyvolali v\u00a0nich em\u00f3cie a\u00a0mo\u017eno aj zamyslenie. Dobrou spr\u00e1vou je, \u017ee v\u0161etky n\u00e1jdete v\u00a0ko\u0161ickom kraji.\u00a0\" \/>\n<meta property=\"og:url\" content=\"https:\/\/www.kosiceregion.com\/sk\/wp-json\/wp\/v2\/posts\/11350\" \/>\n<meta property=\"og:site_name\" content=\"Ko\u0161ice Regi\u00f3n\" \/>\n<meta property=\"article:publisher\" content=\"https:\/\/www.facebook.com\/kosiceregion\" \/>\n<meta property=\"article:published_time\" content=\"2026-03-19T07:53:20+00:00\" \/>\n<meta property=\"article:modified_time\" content=\"2026-03-19T07:53:28+00:00\" \/>\n<meta property=\"og:image\" content=\"https:\/\/www.kosiceregion.com\/wp-content\/uploads\/2023\/08\/Dizajn-bez-nazvu.jpg\" \/>\n\t<meta property=\"og:image:width\" content=\"1200\" \/>\n\t<meta property=\"og:image:height\" content=\"628\" \/>\n\t<meta property=\"og:image:type\" content=\"image\/jpeg\" \/>\n<meta name=\"author\" content=\"Attila Torok\" \/>\n<meta name=\"twitter:card\" content=\"summary_large_image\" \/>\n<meta name=\"twitter:title\" content=\"Urobte si v\u00fdlet za nezvy\u010dajn\u00fdmi dielami v\u00a0pr\u00edrode\" \/>\n<meta name=\"twitter:creator\" content=\"@KOSICEREGION\" \/>\n<meta name=\"twitter:site\" content=\"@KOSICEREGION\" \/>\n<meta name=\"twitter:label1\" content=\"Autor\" \/>\n\t<meta name=\"twitter:data1\" content=\"Attila Torok\" \/>\n\t<meta name=\"twitter:label2\" content=\"Predpokladan\u00fd \u010das \u010d\u00edtania\" \/>\n\t<meta name=\"twitter:data2\" content=\"4 min\u00faty\" \/>\n<script type=\"application\/ld+json\" class=\"yoast-schema-graph\">{\"@context\":\"https:\\\/\\\/schema.org\",\"@graph\":[{\"@type\":\"Article\",\"@id\":\"https:\\\/\\\/www.kosiceregion.com\\\/sk\\\/urobte-si-vylet-za-nezvycajnymi-dielami-v-prirode-umenie-na-mieste-x\\\/#article\",\"isPartOf\":{\"@id\":\"https:\\\/\\\/www.kosiceregion.com\\\/sk\\\/urobte-si-vylet-za-nezvycajnymi-dielami-v-prirode-umenie-na-mieste-x\\\/\"},\"author\":{\"name\":\"Attila Torok\",\"@id\":\"https:\\\/\\\/www.kosiceregion.com\\\/#\\\/schema\\\/person\\\/18aca0bae16b5f9c2d3f5c8e4bbf3391\"},\"headline\":\"Urobte si v\u00fdlet za nezvy\u010dajn\u00fdmi dielami v\u00a0pr\u00edrode\",\"datePublished\":\"2026-03-19T07:53:20+00:00\",\"dateModified\":\"2026-03-19T07:53:28+00:00\",\"mainEntityOfPage\":{\"@id\":\"https:\\\/\\\/www.kosiceregion.com\\\/sk\\\/urobte-si-vylet-za-nezvycajnymi-dielami-v-prirode-umenie-na-mieste-x\\\/\"},\"wordCount\":163,\"publisher\":{\"@id\":\"https:\\\/\\\/www.kosiceregion.com\\\/#organization\"},\"image\":{\"@id\":\"https:\\\/\\\/www.kosiceregion.com\\\/sk\\\/urobte-si-vylet-za-nezvycajnymi-dielami-v-prirode-umenie-na-mieste-x\\\/#primaryimage\"},\"thumbnailUrl\":\"https:\\\/\\\/www.kosiceregion.com\\\/wp-content\\\/uploads\\\/2023\\\/08\\\/Dizajn-bez-nazvu.jpg\",\"keywords\":[\"Ko\u0161ick\u00fd kraj\",\"ko\u0161ick\u00fd svetov\u00fd kraj\",\"umenie na mieste X\",\"v\u00fdlet\"],\"articleSection\":[\"In\u0161piruj sa\",\"Top\"],\"inLanguage\":\"sk-SK\"},{\"@type\":\"WebPage\",\"@id\":\"https:\\\/\\\/www.kosiceregion.com\\\/sk\\\/urobte-si-vylet-za-nezvycajnymi-dielami-v-prirode-umenie-na-mieste-x\\\/\",\"url\":\"https:\\\/\\\/www.kosiceregion.com\\\/sk\\\/urobte-si-vylet-za-nezvycajnymi-dielami-v-prirode-umenie-na-mieste-x\\\/\",\"name\":\"Urobte si v\u00fdlet za nezvy\u010dajn\u00fdmi dielami v\u00a0pr\u00edrode - Ko\u0161ice Regi\u00f3n\",\"isPartOf\":{\"@id\":\"https:\\\/\\\/www.kosiceregion.com\\\/#website\"},\"primaryImageOfPage\":{\"@id\":\"https:\\\/\\\/www.kosiceregion.com\\\/sk\\\/urobte-si-vylet-za-nezvycajnymi-dielami-v-prirode-umenie-na-mieste-x\\\/#primaryimage\"},\"image\":{\"@id\":\"https:\\\/\\\/www.kosiceregion.com\\\/sk\\\/urobte-si-vylet-za-nezvycajnymi-dielami-v-prirode-umenie-na-mieste-x\\\/#primaryimage\"},\"thumbnailUrl\":\"https:\\\/\\\/www.kosiceregion.com\\\/wp-content\\\/uploads\\\/2023\\\/08\\\/Dizajn-bez-nazvu.jpg\",\"datePublished\":\"2026-03-19T07:53:20+00:00\",\"dateModified\":\"2026-03-19T07:53:28+00:00\",\"description\":\"Vyberajte v\u00e1\u0161 TO DO zoznam a ve\u013ek\u00fdmi p\u00edsmenami zapisujte UMENIE NA MIESTE X. Spozn\u00e1te tak 5 nezvy\u010dajn\u00fdch diel, ktor\u00e9 \u201evyr\u00e1stli\u201c ...\",\"breadcrumb\":{\"@id\":\"https:\\\/\\\/www.kosiceregion.com\\\/sk\\\/urobte-si-vylet-za-nezvycajnymi-dielami-v-prirode-umenie-na-mieste-x\\\/#breadcrumb\"},\"inLanguage\":\"sk-SK\",\"potentialAction\":[{\"@type\":\"ReadAction\",\"target\":[\"https:\\\/\\\/www.kosiceregion.com\\\/sk\\\/urobte-si-vylet-za-nezvycajnymi-dielami-v-prirode-umenie-na-mieste-x\\\/\"]}]},{\"@type\":\"ImageObject\",\"inLanguage\":\"sk-SK\",\"@id\":\"https:\\\/\\\/www.kosiceregion.com\\\/sk\\\/urobte-si-vylet-za-nezvycajnymi-dielami-v-prirode-umenie-na-mieste-x\\\/#primaryimage\",\"url\":\"https:\\\/\\\/www.kosiceregion.com\\\/wp-content\\\/uploads\\\/2023\\\/08\\\/Dizajn-bez-nazvu.jpg\",\"contentUrl\":\"https:\\\/\\\/www.kosiceregion.com\\\/wp-content\\\/uploads\\\/2023\\\/08\\\/Dizajn-bez-nazvu.jpg\",\"width\":1200,\"height\":628},{\"@type\":\"BreadcrumbList\",\"@id\":\"https:\\\/\\\/www.kosiceregion.com\\\/sk\\\/urobte-si-vylet-za-nezvycajnymi-dielami-v-prirode-umenie-na-mieste-x\\\/#breadcrumb\",\"itemListElement\":[{\"@type\":\"ListItem\",\"position\":1,\"name\":\"Home\",\"item\":\"https:\\\/\\\/www.kosiceregion.com\\\/sk\\\/\"},{\"@type\":\"ListItem\",\"position\":2,\"name\":\"Urobte si v\u00fdlet za nezvy\u010dajn\u00fdmi dielami v\u00a0pr\u00edrode\"}]},{\"@type\":\"WebSite\",\"@id\":\"https:\\\/\\\/www.kosiceregion.com\\\/#website\",\"url\":\"https:\\\/\\\/www.kosiceregion.com\\\/\",\"name\":\"Ko\u0161ice Regi\u00f3n\",\"description\":\"Turistick\u00fd sprievodca Ko\u0161ick\u00fdm krajom\",\"publisher\":{\"@id\":\"https:\\\/\\\/www.kosiceregion.com\\\/#organization\"},\"potentialAction\":[{\"@type\":\"SearchAction\",\"target\":{\"@type\":\"EntryPoint\",\"urlTemplate\":\"https:\\\/\\\/www.kosiceregion.com\\\/?s={search_term_string}\"},\"query-input\":{\"@type\":\"PropertyValueSpecification\",\"valueRequired\":true,\"valueName\":\"search_term_string\"}}],\"inLanguage\":\"sk-SK\"},{\"@type\":\"Organization\",\"@id\":\"https:\\\/\\\/www.kosiceregion.com\\\/#organization\",\"name\":\"Ko\u0161ice Regi\u00f3n Turizmus\",\"url\":\"https:\\\/\\\/www.kosiceregion.com\\\/\",\"logo\":{\"@type\":\"ImageObject\",\"inLanguage\":\"sk-SK\",\"@id\":\"https:\\\/\\\/www.kosiceregion.com\\\/#\\\/schema\\\/logo\\\/image\\\/\",\"url\":\"https:\\\/\\\/www.kosiceregion.com\\\/wp-content\\\/uploads\\\/2019\\\/03\\\/logo-web-sk.png\",\"contentUrl\":\"https:\\\/\\\/www.kosiceregion.com\\\/wp-content\\\/uploads\\\/2019\\\/03\\\/logo-web-sk.png\",\"width\":225,\"height\":100,\"caption\":\"Ko\u0161ice Regi\u00f3n Turizmus\"},\"image\":{\"@id\":\"https:\\\/\\\/www.kosiceregion.com\\\/#\\\/schema\\\/logo\\\/image\\\/\"},\"sameAs\":[\"https:\\\/\\\/www.facebook.com\\\/kosiceregion\",\"https:\\\/\\\/x.com\\\/KOSICEREGION\",\"https:\\\/\\\/www.instagram.com\\\/kosiceregion\",\"https:\\\/\\\/www.youtube.com\\\/kosiceregion\"]},{\"@type\":\"Person\",\"@id\":\"https:\\\/\\\/www.kosiceregion.com\\\/#\\\/schema\\\/person\\\/18aca0bae16b5f9c2d3f5c8e4bbf3391\",\"name\":\"Attila Torok\",\"image\":{\"@type\":\"ImageObject\",\"inLanguage\":\"sk-SK\",\"@id\":\"https:\\\/\\\/secure.gravatar.com\\\/avatar\\\/f289d63cba2f064b26e632d396cfd7b9ddc40138c86207c90d65e718e60dd5c6?s=96&d=mm&r=g\",\"url\":\"https:\\\/\\\/secure.gravatar.com\\\/avatar\\\/f289d63cba2f064b26e632d396cfd7b9ddc40138c86207c90d65e718e60dd5c6?s=96&d=mm&r=g\",\"contentUrl\":\"https:\\\/\\\/secure.gravatar.com\\\/avatar\\\/f289d63cba2f064b26e632d396cfd7b9ddc40138c86207c90d65e718e60dd5c6?s=96&d=mm&r=g\",\"caption\":\"Attila Torok\"}}]}<\/script>\n<!-- \/ Yoast SEO Premium plugin. -->","yoast_head_json":{"title":"Ko\u0161ice Regi\u00f3n","description":"Vyberajte v\u00e1\u0161 TO DO zoznam a ve\u013ek\u00fdmi p\u00edsmenami zapisujte UMENIE NA MIESTE X. Spozn\u00e1te tak 5 nezvy\u010dajn\u00fdch diel, ktor\u00e9 \u201evyr\u00e1stli\u201c v strede l\u00faky, v lese, v mokradi \u010di na kopci, aby \u013eud\u00ed pote\u0161ili, prekvapili, vyvolali v nich em\u00f3cie\u2026","robots":{"index":"index","follow":"follow","max-snippet":"max-snippet:-1","max-image-preview":"max-image-preview:large","max-video-preview":"max-video-preview:-1"},"canonical":"https:\/\/www.kosiceregion.com\/sk\/urobte-si-vylet-za-nezvycajnymi-dielami-v-prirode-umenie-na-mieste-x\/","og_locale":"sk_SK","og_type":"article","og_title":"TIP NA V\u00ddLET - Urobte si v\u00fdlet za nezvy\u010dajn\u00fdmi dielami v\u00a0pr\u00edrode","og_description":"Vyberajte v\u00e1\u0161 TO DO zoznam a\u00a0ve\u013ek\u00fdmi p\u00edsmenami zapisujte UMENIE NA MIESTE X. Spozn\u00e1te tak 5 nezvy\u010dajn\u00fdch diel, ktor\u00e9 \u201evyr\u00e1stli\u201c v\u00a0strede l\u00faky, v\u00a0lese, v mokradi \u010di na kopci, aby \u013eud\u00ed pote\u0161ili, prekvapili, vyvolali v\u00a0nich em\u00f3cie a\u00a0mo\u017eno aj zamyslenie. Dobrou spr\u00e1vou je, \u017ee v\u0161etky n\u00e1jdete v\u00a0ko\u0161ickom kraji.\u00a0","og_url":"https:\/\/www.kosiceregion.com\/sk\/wp-json\/wp\/v2\/posts\/11350","og_site_name":"Ko\u0161ice Regi\u00f3n","article_publisher":"https:\/\/www.facebook.com\/kosiceregion","article_published_time":"2026-03-19T07:53:20+00:00","article_modified_time":"2026-03-19T07:53:28+00:00","og_image":[{"width":1200,"height":628,"url":"https:\/\/www.kosiceregion.com\/wp-content\/uploads\/2023\/08\/Dizajn-bez-nazvu.jpg","type":"image\/jpeg"}],"author":"Attila Torok","twitter_card":"summary_large_image","twitter_title":"Urobte si v\u00fdlet za nezvy\u010dajn\u00fdmi dielami v\u00a0pr\u00edrode","twitter_creator":"@KOSICEREGION","twitter_site":"@KOSICEREGION","twitter_misc":{"Autor":"Attila Torok","Predpokladan\u00fd \u010das \u010d\u00edtania":"4 min\u00faty"},"schema":{"@context":"https:\/\/schema.org","@graph":[{"@type":"Article","@id":"https:\/\/www.kosiceregion.com\/sk\/urobte-si-vylet-za-nezvycajnymi-dielami-v-prirode-umenie-na-mieste-x\/#article","isPartOf":{"@id":"https:\/\/www.kosiceregion.com\/sk\/urobte-si-vylet-za-nezvycajnymi-dielami-v-prirode-umenie-na-mieste-x\/"},"author":{"name":"Attila Torok","@id":"https:\/\/www.kosiceregion.com\/#\/schema\/person\/18aca0bae16b5f9c2d3f5c8e4bbf3391"},"headline":"Urobte si v\u00fdlet za nezvy\u010dajn\u00fdmi dielami v\u00a0pr\u00edrode","datePublished":"2026-03-19T07:53:20+00:00","dateModified":"2026-03-19T07:53:28+00:00","mainEntityOfPage":{"@id":"https:\/\/www.kosiceregion.com\/sk\/urobte-si-vylet-za-nezvycajnymi-dielami-v-prirode-umenie-na-mieste-x\/"},"wordCount":163,"publisher":{"@id":"https:\/\/www.kosiceregion.com\/#organization"},"image":{"@id":"https:\/\/www.kosiceregion.com\/sk\/urobte-si-vylet-za-nezvycajnymi-dielami-v-prirode-umenie-na-mieste-x\/#primaryimage"},"thumbnailUrl":"https:\/\/www.kosiceregion.com\/wp-content\/uploads\/2023\/08\/Dizajn-bez-nazvu.jpg","keywords":["Ko\u0161ick\u00fd kraj","ko\u0161ick\u00fd svetov\u00fd kraj","umenie na mieste X","v\u00fdlet"],"articleSection":["In\u0161piruj sa","Top"],"inLanguage":"sk-SK"},{"@type":"WebPage","@id":"https:\/\/www.kosiceregion.com\/sk\/urobte-si-vylet-za-nezvycajnymi-dielami-v-prirode-umenie-na-mieste-x\/","url":"https:\/\/www.kosiceregion.com\/sk\/urobte-si-vylet-za-nezvycajnymi-dielami-v-prirode-umenie-na-mieste-x\/","name":"Urobte si v\u00fdlet za nezvy\u010dajn\u00fdmi dielami v\u00a0pr\u00edrode - Ko\u0161ice Regi\u00f3n","isPartOf":{"@id":"https:\/\/www.kosiceregion.com\/#website"},"primaryImageOfPage":{"@id":"https:\/\/www.kosiceregion.com\/sk\/urobte-si-vylet-za-nezvycajnymi-dielami-v-prirode-umenie-na-mieste-x\/#primaryimage"},"image":{"@id":"https:\/\/www.kosiceregion.com\/sk\/urobte-si-vylet-za-nezvycajnymi-dielami-v-prirode-umenie-na-mieste-x\/#primaryimage"},"thumbnailUrl":"https:\/\/www.kosiceregion.com\/wp-content\/uploads\/2023\/08\/Dizajn-bez-nazvu.jpg","datePublished":"2026-03-19T07:53:20+00:00","dateModified":"2026-03-19T07:53:28+00:00","description":"Vyberajte v\u00e1\u0161 TO DO zoznam a ve\u013ek\u00fdmi p\u00edsmenami zapisujte UMENIE NA MIESTE X. Spozn\u00e1te tak 5 nezvy\u010dajn\u00fdch diel, ktor\u00e9 \u201evyr\u00e1stli\u201c ...","breadcrumb":{"@id":"https:\/\/www.kosiceregion.com\/sk\/urobte-si-vylet-za-nezvycajnymi-dielami-v-prirode-umenie-na-mieste-x\/#breadcrumb"},"inLanguage":"sk-SK","potentialAction":[{"@type":"ReadAction","target":["https:\/\/www.kosiceregion.com\/sk\/urobte-si-vylet-za-nezvycajnymi-dielami-v-prirode-umenie-na-mieste-x\/"]}]},{"@type":"ImageObject","inLanguage":"sk-SK","@id":"https:\/\/www.kosiceregion.com\/sk\/urobte-si-vylet-za-nezvycajnymi-dielami-v-prirode-umenie-na-mieste-x\/#primaryimage","url":"https:\/\/www.kosiceregion.com\/wp-content\/uploads\/2023\/08\/Dizajn-bez-nazvu.jpg","contentUrl":"https:\/\/www.kosiceregion.com\/wp-content\/uploads\/2023\/08\/Dizajn-bez-nazvu.jpg","width":1200,"height":628},{"@type":"BreadcrumbList","@id":"https:\/\/www.kosiceregion.com\/sk\/urobte-si-vylet-za-nezvycajnymi-dielami-v-prirode-umenie-na-mieste-x\/#breadcrumb","itemListElement":[{"@type":"ListItem","position":1,"name":"Home","item":"https:\/\/www.kosiceregion.com\/sk\/"},{"@type":"ListItem","position":2,"name":"Urobte si v\u00fdlet za nezvy\u010dajn\u00fdmi dielami v\u00a0pr\u00edrode"}]},{"@type":"WebSite","@id":"https:\/\/www.kosiceregion.com\/#website","url":"https:\/\/www.kosiceregion.com\/","name":"Ko\u0161ice Regi\u00f3n","description":"Turistick\u00fd sprievodca Ko\u0161ick\u00fdm krajom","publisher":{"@id":"https:\/\/www.kosiceregion.com\/#organization"},"potentialAction":[{"@type":"SearchAction","target":{"@type":"EntryPoint","urlTemplate":"https:\/\/www.kosiceregion.com\/?s={search_term_string}"},"query-input":{"@type":"PropertyValueSpecification","valueRequired":true,"valueName":"search_term_string"}}],"inLanguage":"sk-SK"},{"@type":"Organization","@id":"https:\/\/www.kosiceregion.com\/#organization","name":"Ko\u0161ice Regi\u00f3n Turizmus","url":"https:\/\/www.kosiceregion.com\/","logo":{"@type":"ImageObject","inLanguage":"sk-SK","@id":"https:\/\/www.kosiceregion.com\/#\/schema\/logo\/image\/","url":"https:\/\/www.kosiceregion.com\/wp-content\/uploads\/2019\/03\/logo-web-sk.png","contentUrl":"https:\/\/www.kosiceregion.com\/wp-content\/uploads\/2019\/03\/logo-web-sk.png","width":225,"height":100,"caption":"Ko\u0161ice Regi\u00f3n Turizmus"},"image":{"@id":"https:\/\/www.kosiceregion.com\/#\/schema\/logo\/image\/"},"sameAs":["https:\/\/www.facebook.com\/kosiceregion","https:\/\/x.com\/KOSICEREGION","https:\/\/www.instagram.com\/kosiceregion","https:\/\/www.youtube.com\/kosiceregion"]},{"@type":"Person","@id":"https:\/\/www.kosiceregion.com\/#\/schema\/person\/18aca0bae16b5f9c2d3f5c8e4bbf3391","name":"Attila Torok","image":{"@type":"ImageObject","inLanguage":"sk-SK","@id":"https:\/\/secure.gravatar.com\/avatar\/f289d63cba2f064b26e632d396cfd7b9ddc40138c86207c90d65e718e60dd5c6?s=96&d=mm&r=g","url":"https:\/\/secure.gravatar.com\/avatar\/f289d63cba2f064b26e632d396cfd7b9ddc40138c86207c90d65e718e60dd5c6?s=96&d=mm&r=g","contentUrl":"https:\/\/secure.gravatar.com\/avatar\/f289d63cba2f064b26e632d396cfd7b9ddc40138c86207c90d65e718e60dd5c6?s=96&d=mm&r=g","caption":"Attila Torok"}}]}},"_links":{"self":[{"href":"https:\/\/www.kosiceregion.com\/sk\/wp-json\/wp\/v2\/posts\/11350","targetHints":{"allow":["GET"]}}],"collection":[{"href":"https:\/\/www.kosiceregion.com\/sk\/wp-json\/wp\/v2\/posts"}],"about":[{"href":"https:\/\/www.kosiceregion.com\/sk\/wp-json\/wp\/v2\/types\/post"}],"author":[{"embeddable":true,"href":"https:\/\/www.kosiceregion.com\/sk\/wp-json\/wp\/v2\/users\/3"}],"replies":[{"embeddable":true,"href":"https:\/\/www.kosiceregion.com\/sk\/wp-json\/wp\/v2\/comments?post=11350"}],"version-history":[{"count":6,"href":"https:\/\/www.kosiceregion.com\/sk\/wp-json\/wp\/v2\/posts\/11350\/revisions"}],"predecessor-version":[{"id":16353,"href":"https:\/\/www.kosiceregion.com\/sk\/wp-json\/wp\/v2\/posts\/11350\/revisions\/16353"}],"wp:featuredmedia":[{"embeddable":true,"href":"https:\/\/www.kosiceregion.com\/sk\/wp-json\/wp\/v2\/media\/11474"}],"wp:attachment":[{"href":"https:\/\/www.kosiceregion.com\/sk\/wp-json\/wp\/v2\/media?parent=11350"}],"wp:term":[{"taxonomy":"category","embeddable":true,"href":"https:\/\/www.kosiceregion.com\/sk\/wp-json\/wp\/v2\/categories?post=11350"},{"taxonomy":"post_tag","embeddable":true,"href":"https:\/\/www.kosiceregion.com\/sk\/wp-json\/wp\/v2\/tags?post=11350"}],"curies":[{"name":"wp","href":"https:\/\/api.w.org\/{rel}","templated":true}]}}