{"id":16319,"date":"2026-03-12T09:16:44","date_gmt":"2026-03-12T08:16:44","guid":{"rendered":"https:\/\/www.kosiceregion.com\/sk\/?p=16319"},"modified":"2026-03-12T09:16:45","modified_gmt":"2026-03-12T08:16:45","slug":"zazi-velku-noc-na-dolnom-zempline-duchovna-cesta-tokajske-zlato-a-jarny-relax-pri-slovenskom-mori","status":"publish","type":"post","link":"https:\/\/www.kosiceregion.com\/sk\/zazi-velku-noc-na-dolnom-zempline-duchovna-cesta-tokajske-zlato-a-jarny-relax-pri-slovenskom-mori\/","title":{"rendered":"Za\u017ei Ve\u013ek\u00fa noc na dolnom Zempl\u00edne: Duchovn\u00e1 cesta, tokajsk\u00e9 zlato a jarn\u00fd relax pri \u201eslovenskom mori\u201c"},"content":{"rendered":"\n<p><strong>Doln\u00fd Zempl\u00edn sa pripravuje na sviatky jari vo ve\u013ekom \u0161t\u00fdle. Ve\u013ek\u00e1 noc tu u\u017e d\u00e1vno neznamen\u00e1 len za\u010diatok letnej sez\u00f3ny \u010di prehliadku folkl\u00f3ru \u2013 stala sa vyh\u013ead\u00e1van\u00fdm obdob\u00edm pre n\u00e1v\u0161tevn\u00edkov, ktor\u00ed h\u013eadaj\u00fa jedine\u010dn\u00e9 spojenie spirituality, kvalitn\u00e9ho oddychu a v\u00fdnimo\u010dnej vin\u00e1rskej trad\u00edcie.<\/strong><\/p>\n\n\n\n<p>Prepojenie n\u00e1bo\u017eensk\u00fdch trad\u00edci\u00ed v\u00fdchodn\u00e9ho obradu s prvotriednymi ubytovac\u00edmi slu\u017ebami na Zempl\u00ednskej \u0161\u00edrave, relaxom v term\u00e1lnej vode a autentickou atmosf\u00e9rou tokajsk\u00fdch pivn\u00edc vytv\u00e1ra atrakt\u00edvny a unik\u00e1tny jarn\u00fd turistick\u00fd produkt.<\/p>\n\n\n\n<h2>Gastron\u00f3mia v\u00fdchodu: Od syrca a\u017e po \u00faden\u00fa \u0161ovdru<\/h2>\n<p>Ve\u013ekono\u010dn\u00fd st\u00f4l na Zempl\u00edne m\u00e1 svoje nezamenite\u013en\u00e9 \u010daro a poves\u0165, ktor\u00e1 \u010faleko presahuje hranice regi\u00f3nu. Miestne re\u0161taur\u00e1cie a hotely po\u010das sviatkov pon\u00fakaj\u00fa to najlep\u0161ie z tradi\u010dnej kuchyne \u2013 chute, ktor\u00e9 sa dedia z gener\u00e1cie na gener\u00e1ciu.<\/p>\n<div id='gallery-1' class='gallery galleryid-16319 gallery-columns-1 gallery-size-full'><figure class='gallery-item'>\n\t\t\t<div class='gallery-icon landscape'>\n\t\t\t\t<a href='https:\/\/www.kosiceregion.com\/sk\/zazi-velku-noc-na-dolnom-zempline-duchovna-cesta-tokajske-zlato-a-jarny-relax-pri-slovenskom-mori\/vela-noc-na-dolnom-zempline\/'><img decoding=\"async\" width=\"2000\" height=\"2000\" src=\"https:\/\/www.kosiceregion.com\/wp-content\/uploads\/2026\/03\/Vela-noc-na-Dolnom-Zempline.jpg\" class=\"attachment-full size-full\" alt=\"Ve\u013ek\u00e1 noc na Zempl\u00edne\" aria-describedby=\"gallery-1-16330\" srcset=\"https:\/\/www.kosiceregion.com\/wp-content\/uploads\/2026\/03\/Vela-noc-na-Dolnom-Zempline.jpg 2000w, https:\/\/www.kosiceregion.com\/wp-content\/uploads\/2026\/03\/Vela-noc-na-Dolnom-Zempline-300x300.jpg 300w, https:\/\/www.kosiceregion.com\/wp-content\/uploads\/2026\/03\/Vela-noc-na-Dolnom-Zempline-1024x1024.jpg 1024w, https:\/\/www.kosiceregion.com\/wp-content\/uploads\/2026\/03\/Vela-noc-na-Dolnom-Zempline-150x150.jpg 150w, https:\/\/www.kosiceregion.com\/wp-content\/uploads\/2026\/03\/Vela-noc-na-Dolnom-Zempline-768x768.jpg 768w, https:\/\/www.kosiceregion.com\/wp-content\/uploads\/2026\/03\/Vela-noc-na-Dolnom-Zempline-1536x1536.jpg 1536w\" sizes=\"(max-width: 2000px) 100vw, 2000px\" \/><\/a>\n\t\t\t<\/div>\n\t\t\t\t<figcaption class='wp-caption-text gallery-caption' id='gallery-1-16330'>\n\t\t\t\tVe\u013ek\u00e1 noc na Zempl\u00edne\n\t\t\t\t<\/figcaption><\/figure>\n\t\t<\/div>\n\n<p>Dominantou ka\u017ed\u00e9ho ko\u0161\u00edka je syrec (\u017elt\u00e1 hrudka) \u2013 jedine\u010dn\u00fd vaje\u010dn\u00fd syr so sladkastou chu\u0165ou, ktor\u00fd patr\u00ed k symbolom sviatkov. Ch\u00fdba\u0165 nesmie ani \u0161ovdra, poctiv\u00e1 dom\u00e1ca \u00faden\u00e1 \u0161unka pripravovan\u00e1 tradi\u010dn\u00fdm sp\u00f4sobom na dyme z tvrd\u00e9ho dreva, ktor\u00e1 je p\u00fdchou miestnych gazdiniek. Sladk\u00fa bodku predstavuje paska, nad\u00fdchan\u00fd biely kol\u00e1\u010d symbolizuj\u00faci rados\u0165, nov\u00fd \u017eivot a hojnos\u0165.<\/p>\n<div id='gallery-2' class='gallery galleryid-16319 gallery-columns-1 gallery-size-full'><figure class='gallery-item'>\n\t\t\t<div class='gallery-icon landscape'>\n\t\t\t\t<a href='https:\/\/www.kosiceregion.com\/sk\/zazi-velku-noc-na-dolnom-zempline-duchovna-cesta-tokajske-zlato-a-jarny-relax-pri-slovenskom-mori\/tokaj-ostrozovic-pivnice-ochutnavky4\/'><img decoding=\"async\" width=\"1200\" height=\"613\" src=\"https:\/\/www.kosiceregion.com\/wp-content\/uploads\/2026\/03\/tokaj-ostrozovic-pivnice-ochutnavky4.jpg\" class=\"attachment-full size-full\" alt=\"Ve\u013ek\u00e1 noc na dolnom Zeml\u00edne\" aria-describedby=\"gallery-2-16320\" srcset=\"https:\/\/www.kosiceregion.com\/wp-content\/uploads\/2026\/03\/tokaj-ostrozovic-pivnice-ochutnavky4.jpg 1200w, https:\/\/www.kosiceregion.com\/wp-content\/uploads\/2026\/03\/tokaj-ostrozovic-pivnice-ochutnavky4-300x153.jpg 300w, https:\/\/www.kosiceregion.com\/wp-content\/uploads\/2026\/03\/tokaj-ostrozovic-pivnice-ochutnavky4-1024x523.jpg 1024w, https:\/\/www.kosiceregion.com\/wp-content\/uploads\/2026\/03\/tokaj-ostrozovic-pivnice-ochutnavky4-768x392.jpg 768w\" sizes=\"(max-width: 1200px) 100vw, 1200px\" \/><\/a>\n\t\t\t<\/div>\n\t\t\t\t<figcaption class='wp-caption-text gallery-caption' id='gallery-2-16320'>\n\t\t\t\tVe\u013ek\u00e1 noc na dolnom Zeml\u00edne \n\t\t\t\t<\/figcaption><\/figure>\n\t\t<\/div>\n\n\n\n\n<p>Na svoje si pr\u00eddu aj t\u00ed, ktor\u00ed po\u010das sviatkov uprednost\u0148uj\u00fa \u013eah\u0161ie \u010di p\u00f4stne jedl\u00e1. Re\u0161taur\u00e1cie pon\u00fakaj\u00fa \u0161peciality z lok\u00e1lnych v\u00f4d \u2013 napr\u00edklad pstruha na mlyn\u00e1rsky sp\u00f4sob alebo jemn\u00e9ho zub\u00e1\u010da na masle, pripraven\u00e9ho s d\u00f4razom na \u010derstvos\u0165 a kvalitu surov\u00edn.<\/p>\n\n\n\n<h4><strong>Ve\u013ekono\u010dn\u00e9 pobyty na \u0160\u00edrave: Modern\u00fd wellness v n\u00e1ru\u010d\u00ed pr\u00edrody<\/strong><\/h4>\n<p>Hotely a penzi\u00f3ny v jednotliv\u00fdch stredisk\u00e1ch pripravili tematick\u00e9 bal\u00ed\u010dky zameran\u00e9 na rodiny s de\u0165mi aj n\u00e1ro\u010dn\u00e9 p\u00e1ry h\u013eadaj\u00face pokoj.<\/p>\n<p><a href=\"https:\/\/thermalsirava.sk\/velkonocny-pobyt\/\"><strong>Thermal \u0160\u00edrava Spa Resort\u00a0<\/strong><\/a><\/p>\n<p><strong>Wellness re\u0161tart:<\/strong> Pon\u00faka ve\u013ekono\u010dn\u00fd pobyt s neobmedzen\u00fdm vstupom do baz\u00e9nov s lie\u010divou geoterm\u00e1lnou vodou. S\u00fa\u010das\u0165ou s\u00fa rann\u00e9 ritu\u00e1ly pri posviacke jed\u00e1l a sviato\u010dn\u00fd bufet, kde nech\u00fdba tradi\u010dn\u00e1 paska a sir\u00f3k.<\/p>\n<div id='gallery-3' class='gallery galleryid-16319 gallery-columns-1 gallery-size-full'><figure class='gallery-item'>\n\t\t\t<div class='gallery-icon landscape'>\n\t\t\t\t<a href='https:\/\/www.kosiceregion.com\/sk\/zazi-velku-noc-na-dolnom-zempline-duchovna-cesta-tokajske-zlato-a-jarny-relax-pri-slovenskom-mori\/created-by-dji-camera\/'><img decoding=\"async\" width=\"1280\" height=\"737\" src=\"https:\/\/www.kosiceregion.com\/wp-content\/uploads\/2026\/03\/Thermalpark-4.jpg\" class=\"attachment-full size-full\" alt=\"Thermal \u0160\u00edrava Spa Resort\u00a0\" aria-describedby=\"gallery-3-16328\" srcset=\"https:\/\/www.kosiceregion.com\/wp-content\/uploads\/2026\/03\/Thermalpark-4.jpg 1280w, https:\/\/www.kosiceregion.com\/wp-content\/uploads\/2026\/03\/Thermalpark-4-300x173.jpg 300w, https:\/\/www.kosiceregion.com\/wp-content\/uploads\/2026\/03\/Thermalpark-4-1024x590.jpg 1024w, https:\/\/www.kosiceregion.com\/wp-content\/uploads\/2026\/03\/Thermalpark-4-768x442.jpg 768w\" sizes=\"(max-width: 1280px) 100vw, 1280px\" \/><\/a>\n\t\t\t<\/div>\n\t\t\t\t<figcaption class='wp-caption-text gallery-caption' id='gallery-3-16328'>\n\t\t\t\tThermal \u0160\u00edrava Spa Resort\u00a0\n\t\t\t\t<\/figcaption><\/figure>\n\t\t<\/div>\n\n<p>Pobytov\u00e9 bal\u00ed\u010dky v okolit\u00fdch hoteloch ako <a href=\"https:\/\/thermalsirava.sk\/\">Residence \u0160\u00edrava<\/a> \u010di <a href=\"http:\/\/www.hotelchemes.sk\/\">Hotel Chemes<\/a> zah\u0155\u0148aj\u00fa neobmedzen\u00e9 vstupy do vodn\u00e9ho sveta, \u010d\u00edm vytv\u00e1raj\u00fa ide\u00e1lne podmienky pre jarn\u00fd re\u0161tart.<\/p>\n<p><a href=\"https:\/\/hotelglamour.sk\/\"><strong>Hotel Glamour <\/strong><\/a><\/p>\n<p>Sviato\u010dn\u00e1 elegancia: Pripravil pobytov\u00e9 bal\u00ed\u010dky s v\u00fdh\u013eadom na jarn\u00fa hladinu \u0160\u00edravy. Ich kuchy\u0148a l\u00e1ka na pstruha z vihorlatsk\u00fdch s\u00e1dok a degusta\u010dn\u00e9 ve\u010dere s tokajsk\u00fdmi v\u00ednami.<\/p>\n<div id='gallery-4' class='gallery galleryid-16319 gallery-columns-1 gallery-size-full'><figure class='gallery-item'>\n\t\t\t<div class='gallery-icon landscape'>\n\t\t\t\t<a href='https:\/\/www.kosiceregion.com\/sk\/zazi-velku-noc-na-dolnom-zempline-duchovna-cesta-tokajske-zlato-a-jarny-relax-pri-slovenskom-mori\/glamour046\/'><img decoding=\"async\" width=\"3000\" height=\"1830\" src=\"https:\/\/www.kosiceregion.com\/wp-content\/uploads\/2026\/03\/glamour046.jpg\" class=\"attachment-full size-full\" alt=\"Hotel Glamour\" aria-describedby=\"gallery-4-16325\" srcset=\"https:\/\/www.kosiceregion.com\/wp-content\/uploads\/2026\/03\/glamour046.jpg 3000w, https:\/\/www.kosiceregion.com\/wp-content\/uploads\/2026\/03\/glamour046-300x183.jpg 300w, https:\/\/www.kosiceregion.com\/wp-content\/uploads\/2026\/03\/glamour046-1024x625.jpg 1024w, https:\/\/www.kosiceregion.com\/wp-content\/uploads\/2026\/03\/glamour046-768x468.jpg 768w, https:\/\/www.kosiceregion.com\/wp-content\/uploads\/2026\/03\/glamour046-1536x937.jpg 1536w, https:\/\/www.kosiceregion.com\/wp-content\/uploads\/2026\/03\/glamour046-2048x1249.jpg 2048w\" sizes=\"(max-width: 3000px) 100vw, 3000px\" \/><\/a>\n\t\t\t<\/div>\n\t\t\t\t<figcaption class='wp-caption-text gallery-caption' id='gallery-4-16325'>\n\t\t\t\tHotel Glamour\n\t\t\t\t<\/figcaption><\/figure>\n\t\t<\/div>\n\n<p><strong><a href=\"https:\/\/hotelmerkur.sk\/\">Hotel Merk\u00far<\/a> a <a href=\"https:\/\/www.facebook.com\/salas.zemplinska.sirava\/?locale=sk_SK\">HOTEL EUROPENZI\u00d3N SALA\u0160<\/a> s\u00fa miestami ide\u00e1lnymi pre rodiny.<\/strong><\/p>\n<p><a href=\"https:\/\/hotelvinnay.sk\/\"><strong>Wellness Hotel Vinnay <\/strong><\/a><\/p>\n<p>Pokoj pri jazere. V ponuke je aj tento hotel pri Vinianskom jazere, ktor\u00fd l\u00e1ka na kombin\u00e1ciu modern\u00e9ho wellness a tich\u00e9ho lesn\u00e9ho prostredia.<\/p>\n<div id='gallery-5' class='gallery galleryid-16319 gallery-columns-1 gallery-size-full'><figure class='gallery-item'>\n\t\t\t<div class='gallery-icon landscape'>\n\t\t\t\t<a href='https:\/\/www.kosiceregion.com\/sk\/zazi-velku-noc-na-dolnom-zempline-duchovna-cesta-tokajske-zlato-a-jarny-relax-pri-slovenskom-mori\/img-5dc09b91e75cfa14660269eb538f00f6-v\/'><img decoding=\"async\" width=\"1600\" height=\"899\" src=\"https:\/\/www.kosiceregion.com\/wp-content\/uploads\/2026\/03\/IMG-5dc09b91e75cfa14660269eb538f00f6-V.jpg\" class=\"attachment-full size-full\" alt=\"Wellness Hotel Vinnay\" aria-describedby=\"gallery-5-16324\" srcset=\"https:\/\/www.kosiceregion.com\/wp-content\/uploads\/2026\/03\/IMG-5dc09b91e75cfa14660269eb538f00f6-V.jpg 1600w, https:\/\/www.kosiceregion.com\/wp-content\/uploads\/2026\/03\/IMG-5dc09b91e75cfa14660269eb538f00f6-V-300x169.jpg 300w, https:\/\/www.kosiceregion.com\/wp-content\/uploads\/2026\/03\/IMG-5dc09b91e75cfa14660269eb538f00f6-V-1024x575.jpg 1024w, https:\/\/www.kosiceregion.com\/wp-content\/uploads\/2026\/03\/IMG-5dc09b91e75cfa14660269eb538f00f6-V-768x432.jpg 768w, https:\/\/www.kosiceregion.com\/wp-content\/uploads\/2026\/03\/IMG-5dc09b91e75cfa14660269eb538f00f6-V-1536x863.jpg 1536w\" sizes=\"(max-width: 1600px) 100vw, 1600px\" \/><\/a>\n\t\t\t<\/div>\n\t\t\t\t<figcaption class='wp-caption-text gallery-caption' id='gallery-5-16324'>\n\t\t\t\tWellness Hotel Vinnay\n\t\t\t\t<\/figcaption><\/figure>\n\t\t<\/div>\n\n\n\n\n<h4><a href=\"https:\/\/www.kosiceregion.com\/sk\/destination\/tokaj\/\"><strong>Komornej\u0161\u00ed Tokaj<\/strong><\/a><\/h4>\n<p>Pre t\u00fdch, ktor\u00ed uprednost\u0148uj\u00fa komornej\u0161iu atmosf\u00e9ru a gastron\u00f3miu, s\u00fa ur\u010den\u00e9 pobyty priamo vo vin\u00e1rskych obciach Mal\u00e1 T\u0155\u0148a, Ve\u013ek\u00e1 T\u0155\u0148a a Vini\u010dky. Tu sa Ve\u013ek\u00e1 noc oslavuje v rytme odomykania pivn\u00edc. Vin\u00e1rstva ako <a href=\"https:\/\/www.ostrozovic.sk\/?gad_source=1&amp;gad_campaignid=22379908442&amp;gbraid=0AAAAADJ-fISPcXAKUF8Ccrnu1uk6tJ8-B&amp;gclid=CjwKCAjwyMnNBhBNEiwA-Kcgu7KEFXv35VIwk7-83Zy3qkrZZMvIJJi-DNSJkqTf8TFHZcemYZfToBoC9YoQAvD_BwE\">J&amp;J Ostro\u017eovi\u010d<\/a> \u010di <a href=\"https:\/\/www.tokajmacik.sk\/\">Tokaj Macik Winery<\/a> pon\u00fakaj\u00fa ubytovanie priamo vo vinohradn\u00edckych domoch. Modern\u00e9 a luxusn\u00e9 vin\u00e1rstvo<a href=\"https:\/\/www.grandbari.sk\/?gad_source=1&amp;gad_campaignid=23630378522&amp;gbraid=0AAAAApSx3OhBxkCVmhlJ_cGscdInoJEZ1&amp;gclid=CjwKCAjwyMnNBhBNEiwA-Kcgu80FckAAoFBwyEhW9aDg34x8ZqkQAW8zyOhInFoNWSvlZtpuv57NtRoCbOgQAvD_BwE\"> Chateau Grand Bari (Ve\u013ek\u00e1 Bara)<\/a> pripom\u00ednaj\u00face taliansku architekt\u00faru pon\u00faka pr\u00e9miov\u00e9 izby a panoramatick\u00fa re\u0161taur\u00e1ciu.<\/p>\n<div id='gallery-6' class='gallery galleryid-16319 gallery-columns-1 gallery-size-full'><figure class='gallery-item'>\n\t\t\t<div class='gallery-icon landscape'>\n\t\t\t\t<a href='https:\/\/www.kosiceregion.com\/sk\/zazi-velku-noc-na-dolnom-zempline-duchovna-cesta-tokajske-zlato-a-jarny-relax-pri-slovenskom-mori\/grandbari1\/'><img decoding=\"async\" width=\"768\" height=\"512\" src=\"https:\/\/www.kosiceregion.com\/wp-content\/uploads\/2026\/03\/GrandBari1.jpg\" class=\"attachment-full size-full\" alt=\"Modern\u00e9 a luxusn\u00e9 vin\u00e1rstvo Chateau Grand Bari\" aria-describedby=\"gallery-6-16331\" srcset=\"https:\/\/www.kosiceregion.com\/wp-content\/uploads\/2026\/03\/GrandBari1.jpg 768w, https:\/\/www.kosiceregion.com\/wp-content\/uploads\/2026\/03\/GrandBari1-300x200.jpg 300w\" sizes=\"(max-width: 768px) 100vw, 768px\" \/><\/a>\n\t\t\t<\/div>\n\t\t\t\t<figcaption class='wp-caption-text gallery-caption' id='gallery-6-16331'>\n\t\t\t\tModern\u00e9 a luxusn\u00e9 vin\u00e1rstvo Chateau Grand Bari\n\t\t\t\t<\/figcaption><\/figure>\n\t\t<\/div>\n\n<p>Do ponuky ubytovania na neodmyslite\u013ene patr\u00ed modern\u00fd Penzi\u00f3n <a href=\"http:\/\/meagrati.sk\/?srsltid=AfmBOortIBt6jHXIKpBd3rtRbeOVSYujnOmvZq9_EXqrI3mtfdnG-pab\">Mea Grati<\/a>. Pon\u00faka \u0161t\u00fdlov\u00e9 ubytovanie, ktor\u00e9 v sebe sp\u00e1ja trad\u00edciu s \u010dist\u00fdm dizajnom, a je skvel\u00fdm v\u00fdchodiskov\u00fdm bodom pre n\u00e1v\u0161tevu okolit\u00fdch pivn\u00edc. Ve\u013ekono\u010dn\u00fd pondelok v <a href=\"https:\/\/www.kosiceregion.com\/sk\/destination\/tokaj\/\">Tokaji<\/a> priamo vo vin\u00e1rskych dvoroch je z\u00e1\u017eitkom. S\u00fa\u010das\u0165ou pobytov s\u00fa riaden\u00e9 degust\u00e1cie mlad\u00fdch v\u00edn ro\u010dn\u00edka 2025, ktor\u00e9 pr\u00e1ve v tomto obdob\u00ed odha\u013euj\u00fa svoj pln\u00fd potenci\u00e1l.<\/p>\n<div id='gallery-7' class='gallery galleryid-16319 gallery-columns-1 gallery-size-full'><figure class='gallery-item'>\n\t\t\t<div class='gallery-icon landscape'>\n\t\t\t\t<a href='https:\/\/www.kosiceregion.com\/sk\/zazi-velku-noc-na-dolnom-zempline-duchovna-cesta-tokajske-zlato-a-jarny-relax-pri-slovenskom-mori\/ostrozovic_sony-064\/'><img decoding=\"async\" width=\"2048\" height=\"1538\" src=\"https:\/\/www.kosiceregion.com\/wp-content\/uploads\/2026\/03\/Ostrozovic_sony-064.jpg\" class=\"attachment-full size-full\" alt=\"Vin\u00e1rstvo J&amp;J Ostro\u017eovi\u010d\" aria-describedby=\"gallery-7-16333\" srcset=\"https:\/\/www.kosiceregion.com\/wp-content\/uploads\/2026\/03\/Ostrozovic_sony-064.jpg 2048w, https:\/\/www.kosiceregion.com\/wp-content\/uploads\/2026\/03\/Ostrozovic_sony-064-300x225.jpg 300w, https:\/\/www.kosiceregion.com\/wp-content\/uploads\/2026\/03\/Ostrozovic_sony-064-1024x769.jpg 1024w, https:\/\/www.kosiceregion.com\/wp-content\/uploads\/2026\/03\/Ostrozovic_sony-064-768x577.jpg 768w, https:\/\/www.kosiceregion.com\/wp-content\/uploads\/2026\/03\/Ostrozovic_sony-064-1536x1154.jpg 1536w\" sizes=\"(max-width: 2048px) 100vw, 2048px\" \/><\/a>\n\t\t\t<\/div>\n\t\t\t\t<figcaption class='wp-caption-text gallery-caption' id='gallery-7-16333'>\n\t\t\t\tVin\u00e1rstvo J&#038;J Ostro\u017eovi\u010d\n\t\t\t\t<\/figcaption><\/figure>\n\t\t<\/div>\n\n\n\n\n<p><!--more--><\/p>\n","protected":false},"excerpt":{"rendered":"<p>Doln\u00fd Zempl\u00edn sa pripravuje na sviatky jari vo ve\u013ekom \u0161t\u00fdle. Ve\u013ek\u00e1 noc tu u\u017e d\u00e1vno neznamen\u00e1 len za\u010diatok letnej sez\u00f3ny \u010di prehliadku folkl\u00f3ru \u2013 stala sa vyh\u013ead\u00e1van\u00fdm obdob\u00edm pre n\u00e1v\u0161tevn\u00edkov, ktor\u00ed h\u013eadaj\u00fa jedine\u010dn\u00e9 spojenie spirituality, kvalitn\u00e9ho oddychu a v\u00fdnimo\u010dnej vin\u00e1rskej trad\u00edcie. Prepojenie n\u00e1bo\u017eensk\u00fdch trad\u00edci\u00ed v\u00fdchodn\u00e9ho obradu s prvotriednymi ubytovac\u00edmi slu\u017ebami na Zempl\u00ednskej \u0161\u00edrave, relaxom v [&hellip;]<\/p>\n","protected":false},"author":17,"featured_media":16320,"comment_status":"closed","ping_status":"closed","sticky":false,"template":"","format":"standard","meta":{"_acf_changed":false,"_sk_post_content":"<!-- wp:tadv\/classic-paragraph -->\n<p><strong>Doln\u00fd Zempl\u00edn sa pripravuje na sviatky jari vo ve\u013ekom \u0161t\u00fdle. Ve\u013ek\u00e1 noc tu u\u017e d\u00e1vno neznamen\u00e1 len za\u010diatok letnej sez\u00f3ny \u010di prehliadku folkl\u00f3ru \u2013 stala sa vyh\u013ead\u00e1van\u00fdm obdob\u00edm pre n\u00e1v\u0161tevn\u00edkov, ktor\u00ed h\u013eadaj\u00fa jedine\u010dn\u00e9 spojenie spirituality, kvalitn\u00e9ho oddychu a v\u00fdnimo\u010dnej vin\u00e1rskej trad\u00edcie.<\/strong><\/p>\n<!-- \/wp:tadv\/classic-paragraph -->\n\n<!-- wp:tadv\/classic-paragraph -->\n<p>Prepojenie n\u00e1bo\u017eensk\u00fdch trad\u00edci\u00ed v\u00fdchodn\u00e9ho obradu s prvotriednymi ubytovac\u00edmi slu\u017ebami na Zempl\u00ednskej \u0161\u00edrave, relaxom v term\u00e1lnej vode a autentickou atmosf\u00e9rou tokajsk\u00fdch pivn\u00edc vytv\u00e1ra atrakt\u00edvny a unik\u00e1tny jarn\u00fd turistick\u00fd produkt.<\/p>\n<!-- \/wp:tadv\/classic-paragraph -->\n\n<!-- wp:tadv\/classic-paragraph -->\n<h2>Gastron\u00f3mia v\u00fdchodu: Od syrca a\u017e po \u00faden\u00fa \u0161ovdru<\/h2>\n<p>Ve\u013ekono\u010dn\u00fd st\u00f4l na Zempl\u00edne m\u00e1 svoje nezamenite\u013en\u00e9 \u010daro a poves\u0165, ktor\u00e1 \u010faleko presahuje hranice regi\u00f3nu. Miestne re\u0161taur\u00e1cie a hotely po\u010das sviatkov pon\u00fakaj\u00fa to najlep\u0161ie z tradi\u010dnej kuchyne \u2013 chute, ktor\u00e9 sa dedia z gener\u00e1cie na gener\u00e1ciu.<\/p>\n<p>[gallery columns=\"1\" size=\"full\" ids=\"16330\"]<\/p>\n<p>Dominantou ka\u017ed\u00e9ho ko\u0161\u00edka je syrec (\u017elt\u00e1 hrudka) \u2013 jedine\u010dn\u00fd vaje\u010dn\u00fd syr so sladkastou chu\u0165ou, ktor\u00fd patr\u00ed k symbolom sviatkov. Ch\u00fdba\u0165 nesmie ani \u0161ovdra, poctiv\u00e1 dom\u00e1ca \u00faden\u00e1 \u0161unka pripravovan\u00e1 tradi\u010dn\u00fdm sp\u00f4sobom na dyme z tvrd\u00e9ho dreva, ktor\u00e1 je p\u00fdchou miestnych gazdiniek. Sladk\u00fa bodku predstavuje paska, nad\u00fdchan\u00fd biely kol\u00e1\u010d symbolizuj\u00faci rados\u0165, nov\u00fd \u017eivot a hojnos\u0165.<\/p>\n<p>[gallery columns=\"1\" size=\"full\" ids=\"16320\"]<\/p>\n<!-- \/wp:tadv\/classic-paragraph -->\n\n<!-- wp:tadv\/classic-paragraph -->\n<p>Na svoje si pr\u00eddu aj t\u00ed, ktor\u00ed po\u010das sviatkov uprednost\u0148uj\u00fa \u013eah\u0161ie \u010di p\u00f4stne jedl\u00e1. Re\u0161taur\u00e1cie pon\u00fakaj\u00fa \u0161peciality z lok\u00e1lnych v\u00f4d \u2013 napr\u00edklad pstruha na mlyn\u00e1rsky sp\u00f4sob alebo jemn\u00e9ho zub\u00e1\u010da na masle, pripraven\u00e9ho s d\u00f4razom na \u010derstvos\u0165 a kvalitu surov\u00edn.<\/p>\n<!-- \/wp:tadv\/classic-paragraph -->\n\n<!-- wp:tadv\/classic-paragraph -->\n<h4><strong>Ve\u013ekono\u010dn\u00e9 pobyty na \u0160\u00edrave: Modern\u00fd wellness v n\u00e1ru\u010d\u00ed pr\u00edrody<\/strong><\/h4>\n<p>Hotely a penzi\u00f3ny v jednotliv\u00fdch stredisk\u00e1ch pripravili tematick\u00e9 bal\u00ed\u010dky zameran\u00e9 na rodiny s de\u0165mi aj n\u00e1ro\u010dn\u00e9 p\u00e1ry h\u013eadaj\u00face pokoj.<\/p>\n<p><a href=\"https:\/\/thermalsirava.sk\/velkonocny-pobyt\/\"><strong>Thermal \u0160\u00edrava Spa Resort\u00a0<\/strong><\/a><\/p>\n<p><strong>Wellness re\u0161tart:<\/strong> Pon\u00faka ve\u013ekono\u010dn\u00fd pobyt s neobmedzen\u00fdm vstupom do baz\u00e9nov s lie\u010divou geoterm\u00e1lnou vodou. S\u00fa\u010das\u0165ou s\u00fa rann\u00e9 ritu\u00e1ly pri posviacke jed\u00e1l a sviato\u010dn\u00fd bufet, kde nech\u00fdba tradi\u010dn\u00e1 paska a sir\u00f3k.<\/p>\n<p>[gallery columns=\"1\" size=\"full\" ids=\"16328\"]<\/p>\n<p>Pobytov\u00e9 bal\u00ed\u010dky v okolit\u00fdch hoteloch ako <a href=\"https:\/\/thermalsirava.sk\/\">Residence \u0160\u00edrava<\/a> \u010di <a href=\"http:\/\/www.hotelchemes.sk\/\">Hotel Chemes<\/a> zah\u0155\u0148aj\u00fa neobmedzen\u00e9 vstupy do vodn\u00e9ho sveta, \u010d\u00edm vytv\u00e1raj\u00fa ide\u00e1lne podmienky pre jarn\u00fd re\u0161tart.<\/p>\n<p><a href=\"https:\/\/hotelglamour.sk\/\"><strong>Hotel Glamour <\/strong><\/a><\/p>\n<p>Sviato\u010dn\u00e1 elegancia: Pripravil pobytov\u00e9 bal\u00ed\u010dky s v\u00fdh\u013eadom na jarn\u00fa hladinu \u0160\u00edravy. Ich kuchy\u0148a l\u00e1ka na pstruha z vihorlatsk\u00fdch s\u00e1dok a degusta\u010dn\u00e9 ve\u010dere s tokajsk\u00fdmi v\u00ednami.<\/p>\n<p>[gallery columns=\"1\" size=\"full\" ids=\"16325\"]<\/p>\n<p><strong><a href=\"https:\/\/hotelmerkur.sk\/\">Hotel Merk\u00far<\/a> a <a href=\"https:\/\/www.facebook.com\/salas.zemplinska.sirava\/?locale=sk_SK\">HOTEL EUROPENZI\u00d3N SALA\u0160<\/a> s\u00fa miestami ide\u00e1lnymi pre rodiny.<\/strong><\/p>\n<p><a href=\"https:\/\/hotelvinnay.sk\/\"><strong>Wellness Hotel Vinnay <\/strong><\/a><\/p>\n<p>Pokoj pri jazere. V ponuke je aj tento hotel pri Vinianskom jazere, ktor\u00fd l\u00e1ka na kombin\u00e1ciu modern\u00e9ho wellness a tich\u00e9ho lesn\u00e9ho prostredia.<\/p>\n<p>[gallery columns=\"1\" size=\"full\" ids=\"16324\"]<\/p>\n<!-- \/wp:tadv\/classic-paragraph -->\n\n<!-- wp:tadv\/classic-paragraph -->\n<h4><a href=\"https:\/\/www.kosiceregion.com\/sk\/destination\/tokaj\/\"><strong>Komornej\u0161\u00ed Tokaj<\/strong><\/a><\/h4>\n<p>Pre t\u00fdch, ktor\u00ed uprednost\u0148uj\u00fa komornej\u0161iu atmosf\u00e9ru a gastron\u00f3miu, s\u00fa ur\u010den\u00e9 pobyty priamo vo vin\u00e1rskych obciach Mal\u00e1 T\u0155\u0148a, Ve\u013ek\u00e1 T\u0155\u0148a a Vini\u010dky. Tu sa Ve\u013ek\u00e1 noc oslavuje v rytme odomykania pivn\u00edc. Vin\u00e1rstva ako <a href=\"https:\/\/www.ostrozovic.sk\/?gad_source=1&amp;gad_campaignid=22379908442&amp;gbraid=0AAAAADJ-fISPcXAKUF8Ccrnu1uk6tJ8-B&amp;gclid=CjwKCAjwyMnNBhBNEiwA-Kcgu7KEFXv35VIwk7-83Zy3qkrZZMvIJJi-DNSJkqTf8TFHZcemYZfToBoC9YoQAvD_BwE\">J&amp;J Ostro\u017eovi\u010d<\/a> \u010di <a href=\"https:\/\/www.tokajmacik.sk\/\">Tokaj Macik Winery<\/a> pon\u00fakaj\u00fa ubytovanie priamo vo vinohradn\u00edckych domoch. Modern\u00e9 a luxusn\u00e9 vin\u00e1rstvo<a href=\"https:\/\/www.grandbari.sk\/?gad_source=1&amp;gad_campaignid=23630378522&amp;gbraid=0AAAAApSx3OhBxkCVmhlJ_cGscdInoJEZ1&amp;gclid=CjwKCAjwyMnNBhBNEiwA-Kcgu80FckAAoFBwyEhW9aDg34x8ZqkQAW8zyOhInFoNWSvlZtpuv57NtRoCbOgQAvD_BwE\"> Chateau Grand Bari (Ve\u013ek\u00e1 Bara)<\/a> pripom\u00ednaj\u00face taliansku architekt\u00faru pon\u00faka pr\u00e9miov\u00e9 izby a panoramatick\u00fa re\u0161taur\u00e1ciu.<\/p>\n<p>[gallery columns=\"1\" size=\"full\" ids=\"16331\"]<\/p>\n<p>Do ponuky ubytovania na neodmyslite\u013ene patr\u00ed modern\u00fd Penzi\u00f3n <a href=\"http:\/\/meagrati.sk\/?srsltid=AfmBOortIBt6jHXIKpBd3rtRbeOVSYujnOmvZq9_EXqrI3mtfdnG-pab\">Mea Grati<\/a>. Pon\u00faka \u0161t\u00fdlov\u00e9 ubytovanie, ktor\u00e9 v sebe sp\u00e1ja trad\u00edciu s \u010dist\u00fdm dizajnom, a je skvel\u00fdm v\u00fdchodiskov\u00fdm bodom pre n\u00e1v\u0161tevu okolit\u00fdch pivn\u00edc. Ve\u013ekono\u010dn\u00fd pondelok v <a href=\"https:\/\/www.kosiceregion.com\/sk\/destination\/tokaj\/\">Tokaji<\/a> priamo vo vin\u00e1rskych dvoroch je z\u00e1\u017eitkom. S\u00fa\u010das\u0165ou pobytov s\u00fa riaden\u00e9 degust\u00e1cie mlad\u00fdch v\u00edn ro\u010dn\u00edka 2025, ktor\u00e9 pr\u00e1ve v tomto obdob\u00ed odha\u013euj\u00fa svoj pln\u00fd potenci\u00e1l.<\/p>\n<p>[gallery columns=\"1\" size=\"full\" ids=\"16333\"]<\/p>\n<!-- \/wp:tadv\/classic-paragraph -->\n\n<!-- wp:tadv\/classic-paragraph -->\n<p><!--more--><\/p>\n<!-- \/wp:tadv\/classic-paragraph -->","_sk_post_name":"zazi-velku-noc-na-dolnom-zempline-duchovna-cesta-tokajske-zlato-a-jarny-relax-pri-slovenskom-mori","_sk_post_excerpt":"","_sk_post_title":"Za\u017ei Ve\u013ek\u00fa noc na dolnom Zempl\u00edne: Duchovn\u00e1 cesta, tokajsk\u00e9 zlato a jarn\u00fd relax pri \u201eslovenskom mori\u201c","_en_post_content":"","_en_post_name":"","_en_post_excerpt":"","_en_post_title":"","_hu_post_content":"","_hu_post_name":"","_hu_post_excerpt":"","_hu_post_title":"","_es_post_content":"","_es_post_name":"","_es_post_excerpt":"","_es_post_title":"","_de_post_content":"","_de_post_name":"","_de_post_excerpt":"","_de_post_title":"","_pl_post_content":"","_pl_post_name":"","_pl_post_excerpt":"","_pl_post_title":"","_it_post_content":"","_it_post_name":"","_it_post_excerpt":"","_it_post_title":"","edit_language":"sk","footnotes":""},"categories":[22,1],"tags":[88,836,102,687,290,284,924,778,306,86,293,922,923,128,300,54],"class_list":["post-16319","post","type-post","status-publish","format-standard","has-post-thumbnail","hentry","category-get-inspired","category-uncategorized","tag-dolny-zemplin","tag-hotel-vinnay","tag-jedlo","tag-kam-na-vylet","tag-kosicky-kraj","tag-kosicky-svetovy-kraj","tag-mea-grati","tag-prazdniny","tag-thermalpark","tag-tokaj","tag-ubytovanie","tag-velka-noc","tag-vinarstvo","tag-vylet","tag-wellness","tag-zemplinska-sirava"],"acf":[],"yoast_head":"<!-- This site is optimized with the Yoast SEO Premium plugin v25.5 (Yoast SEO v27.4) - https:\/\/yoast.com\/product\/yoast-seo-premium-wordpress\/ -->\n<title>Ko\u0161ice Regi\u00f3n<\/title>\n<meta name=\"description\" content=\"Doln\u00fd Zempl\u00edn sa pripravuje na sviatky jari vo ve\u013ekom \u0161t\u00fdle. Ve\u013ek\u00e1 noc tu u\u017e d\u00e1vno neznamen\u00e1 len za\u010diatok letnej sez\u00f3ny \u010di prehliadku folkl\u00f3ru \u2013 stala sa vyh\u013ead\u00e1van\u00fdm obdob\u00edm pre n\u00e1v\u0161tevn\u00edkov, ktor\u00ed h\u013eadaj\u00fa jedine\u010dn\u00e9\u2026\" \/>\n<meta name=\"robots\" content=\"index, follow, max-snippet:-1, max-image-preview:large, max-video-preview:-1\" \/>\n<link rel=\"canonical\" href=\"https:\/\/www.kosiceregion.com\/sk\/zazi-velku-noc-na-dolnom-zempline-duchovna-cesta-tokajske-zlato-a-jarny-relax-pri-slovenskom-mori\/\" \/>\n<meta property=\"og:locale\" content=\"sk_SK\" \/>\n<meta property=\"og:type\" content=\"article\" \/>\n<meta property=\"og:title\" content=\"Za\u017ei Ve\u013ek\u00fa noc na dolnom Zempl\u00edne: Duchovn\u00e1 cesta, tokajsk\u00e9 zlato a jarn\u00fd relax pri \u201eslovenskom mori\u201c\" \/>\n<meta property=\"og:description\" content=\"Za\u017ei Ve\u013ek\u00fa noc na dolnom Zempl\u00edne: Duchovn\u00e1 cesta, tokajsk\u00e9 zlato a jarn\u00fd relax pri \u201eslovenskom mori\u201c\" \/>\n<meta property=\"og:url\" content=\"https:\/\/www.kosiceregion.com\/sk\/wp-json\/wp\/v2\/posts\/16319\" \/>\n<meta property=\"og:site_name\" content=\"Ko\u0161ice Regi\u00f3n\" \/>\n<meta property=\"article:publisher\" content=\"https:\/\/www.facebook.com\/kosiceregion\" \/>\n<meta property=\"article:published_time\" content=\"2026-03-12T08:16:44+00:00\" \/>\n<meta property=\"article:modified_time\" content=\"2026-03-12T08:16:45+00:00\" \/>\n<meta property=\"og:image\" content=\"https:\/\/www.kosiceregion.com\/wp-content\/uploads\/2026\/03\/tokaj-ostrozovic-pivnice-ochutnavky4.jpg\" \/>\n\t<meta property=\"og:image:width\" content=\"1200\" \/>\n\t<meta property=\"og:image:height\" content=\"613\" \/>\n\t<meta property=\"og:image:type\" content=\"image\/jpeg\" \/>\n<meta name=\"author\" content=\"Tatiana \u010cerven\u00e1\" \/>\n<meta name=\"twitter:card\" content=\"summary_large_image\" \/>\n<meta name=\"twitter:creator\" content=\"@KOSICEREGION\" \/>\n<meta name=\"twitter:site\" content=\"@KOSICEREGION\" \/>\n<meta name=\"twitter:label1\" content=\"Autor\" \/>\n\t<meta name=\"twitter:data1\" content=\"Tatiana \u010cerven\u00e1\" \/>\n\t<meta name=\"twitter:label2\" content=\"Predpokladan\u00fd \u010das \u010d\u00edtania\" \/>\n\t<meta name=\"twitter:data2\" content=\"3 min\u00faty\" \/>\n<script type=\"application\/ld+json\" class=\"yoast-schema-graph\">{\"@context\":\"https:\\\/\\\/schema.org\",\"@graph\":[{\"@type\":\"Article\",\"@id\":\"https:\\\/\\\/www.kosiceregion.com\\\/sk\\\/zazi-velku-noc-na-dolnom-zempline-duchovna-cesta-tokajske-zlato-a-jarny-relax-pri-slovenskom-mori\\\/#article\",\"isPartOf\":{\"@id\":\"https:\\\/\\\/www.kosiceregion.com\\\/sk\\\/zazi-velku-noc-na-dolnom-zempline-duchovna-cesta-tokajske-zlato-a-jarny-relax-pri-slovenskom-mori\\\/\"},\"author\":{\"name\":\"Tatiana \u010cerven\u00e1\",\"@id\":\"https:\\\/\\\/www.kosiceregion.com\\\/#\\\/schema\\\/person\\\/6cd0b3706091bbb7fc11437086db9ccb\"},\"headline\":\"Za\u017ei Ve\u013ek\u00fa noc na dolnom Zempl\u00edne: Duchovn\u00e1 cesta, tokajsk\u00e9 zlato a jarn\u00fd relax pri \u201eslovenskom mori\u201c\",\"datePublished\":\"2026-03-12T08:16:44+00:00\",\"dateModified\":\"2026-03-12T08:16:45+00:00\",\"mainEntityOfPage\":{\"@id\":\"https:\\\/\\\/www.kosiceregion.com\\\/sk\\\/zazi-velku-noc-na-dolnom-zempline-duchovna-cesta-tokajske-zlato-a-jarny-relax-pri-slovenskom-mori\\\/\"},\"wordCount\":725,\"publisher\":{\"@id\":\"https:\\\/\\\/www.kosiceregion.com\\\/#organization\"},\"image\":{\"@id\":\"https:\\\/\\\/www.kosiceregion.com\\\/sk\\\/zazi-velku-noc-na-dolnom-zempline-duchovna-cesta-tokajske-zlato-a-jarny-relax-pri-slovenskom-mori\\\/#primaryimage\"},\"thumbnailUrl\":\"https:\\\/\\\/www.kosiceregion.com\\\/wp-content\\\/uploads\\\/2026\\\/03\\\/tokaj-ostrozovic-pivnice-ochutnavky4.jpg\",\"keywords\":[\"Doln\u00fd Zempl\u00edn\",\"Hotel Vinnay\",\"jedlo\",\"kam na v\u00fdlet\",\"Ko\u0161ick\u00fd kraj\",\"ko\u0161ick\u00fd svetov\u00fd kraj\",\"mea grati\",\"pr\u00e1zdniny\",\"thermalpark\",\"Tokaj\",\"ubytovanie\",\"Ve\u013ek\u00e1 noc\",\"vin\u00e1rstvo\",\"v\u00fdlet\",\"wellness\",\"Zempl\u00ednska \u0161\u00edrava\"],\"articleSection\":[\"In\u0161piruj sa\"],\"inLanguage\":\"sk-SK\"},{\"@type\":\"WebPage\",\"@id\":\"https:\\\/\\\/www.kosiceregion.com\\\/sk\\\/zazi-velku-noc-na-dolnom-zempline-duchovna-cesta-tokajske-zlato-a-jarny-relax-pri-slovenskom-mori\\\/\",\"url\":\"https:\\\/\\\/www.kosiceregion.com\\\/sk\\\/zazi-velku-noc-na-dolnom-zempline-duchovna-cesta-tokajske-zlato-a-jarny-relax-pri-slovenskom-mori\\\/\",\"name\":\"Za\u017ei Ve\u013ek\u00fa noc na dolnom Zempl\u00edne\",\"isPartOf\":{\"@id\":\"https:\\\/\\\/www.kosiceregion.com\\\/#website\"},\"primaryImageOfPage\":{\"@id\":\"https:\\\/\\\/www.kosiceregion.com\\\/sk\\\/zazi-velku-noc-na-dolnom-zempline-duchovna-cesta-tokajske-zlato-a-jarny-relax-pri-slovenskom-mori\\\/#primaryimage\"},\"image\":{\"@id\":\"https:\\\/\\\/www.kosiceregion.com\\\/sk\\\/zazi-velku-noc-na-dolnom-zempline-duchovna-cesta-tokajske-zlato-a-jarny-relax-pri-slovenskom-mori\\\/#primaryimage\"},\"thumbnailUrl\":\"https:\\\/\\\/www.kosiceregion.com\\\/wp-content\\\/uploads\\\/2026\\\/03\\\/tokaj-ostrozovic-pivnice-ochutnavky4.jpg\",\"datePublished\":\"2026-03-12T08:16:44+00:00\",\"dateModified\":\"2026-03-12T08:16:45+00:00\",\"description\":\"Za\u017ei Ve\u013ek\u00fa noc na dolnom Zempl\u00edne: Duchovn\u00e1 cesta, tokajsk\u00e9 zlato a jarn\u00fd relax pri \u201eslovenskom mori\u201c\",\"breadcrumb\":{\"@id\":\"https:\\\/\\\/www.kosiceregion.com\\\/sk\\\/zazi-velku-noc-na-dolnom-zempline-duchovna-cesta-tokajske-zlato-a-jarny-relax-pri-slovenskom-mori\\\/#breadcrumb\"},\"inLanguage\":\"sk-SK\",\"potentialAction\":[{\"@type\":\"ReadAction\",\"target\":[\"https:\\\/\\\/www.kosiceregion.com\\\/sk\\\/zazi-velku-noc-na-dolnom-zempline-duchovna-cesta-tokajske-zlato-a-jarny-relax-pri-slovenskom-mori\\\/\"]}]},{\"@type\":\"ImageObject\",\"inLanguage\":\"sk-SK\",\"@id\":\"https:\\\/\\\/www.kosiceregion.com\\\/sk\\\/zazi-velku-noc-na-dolnom-zempline-duchovna-cesta-tokajske-zlato-a-jarny-relax-pri-slovenskom-mori\\\/#primaryimage\",\"url\":\"https:\\\/\\\/www.kosiceregion.com\\\/wp-content\\\/uploads\\\/2026\\\/03\\\/tokaj-ostrozovic-pivnice-ochutnavky4.jpg\",\"contentUrl\":\"https:\\\/\\\/www.kosiceregion.com\\\/wp-content\\\/uploads\\\/2026\\\/03\\\/tokaj-ostrozovic-pivnice-ochutnavky4.jpg\",\"width\":1200,\"height\":613,\"caption\":\"Ve\u013ek\u00e1 noc na dolnom Zeml\u00edne\"},{\"@type\":\"BreadcrumbList\",\"@id\":\"https:\\\/\\\/www.kosiceregion.com\\\/sk\\\/zazi-velku-noc-na-dolnom-zempline-duchovna-cesta-tokajske-zlato-a-jarny-relax-pri-slovenskom-mori\\\/#breadcrumb\",\"itemListElement\":[{\"@type\":\"ListItem\",\"position\":1,\"name\":\"Home\",\"item\":\"https:\\\/\\\/www.kosiceregion.com\\\/sk\\\/\"},{\"@type\":\"ListItem\",\"position\":2,\"name\":\"Za\u017ei Ve\u013ek\u00fa noc na dolnom Zempl\u00edne: Duchovn\u00e1 cesta, tokajsk\u00e9 zlato a jarn\u00fd relax pri \u201eslovenskom mori\u201c\"}]},{\"@type\":\"WebSite\",\"@id\":\"https:\\\/\\\/www.kosiceregion.com\\\/#website\",\"url\":\"https:\\\/\\\/www.kosiceregion.com\\\/\",\"name\":\"Ko\u0161ice Regi\u00f3n\",\"description\":\"Turistick\u00fd sprievodca Ko\u0161ick\u00fdm krajom\",\"publisher\":{\"@id\":\"https:\\\/\\\/www.kosiceregion.com\\\/#organization\"},\"potentialAction\":[{\"@type\":\"SearchAction\",\"target\":{\"@type\":\"EntryPoint\",\"urlTemplate\":\"https:\\\/\\\/www.kosiceregion.com\\\/?s={search_term_string}\"},\"query-input\":{\"@type\":\"PropertyValueSpecification\",\"valueRequired\":true,\"valueName\":\"search_term_string\"}}],\"inLanguage\":\"sk-SK\"},{\"@type\":\"Organization\",\"@id\":\"https:\\\/\\\/www.kosiceregion.com\\\/#organization\",\"name\":\"Ko\u0161ice Regi\u00f3n Turizmus\",\"url\":\"https:\\\/\\\/www.kosiceregion.com\\\/\",\"logo\":{\"@type\":\"ImageObject\",\"inLanguage\":\"sk-SK\",\"@id\":\"https:\\\/\\\/www.kosiceregion.com\\\/#\\\/schema\\\/logo\\\/image\\\/\",\"url\":\"https:\\\/\\\/www.kosiceregion.com\\\/wp-content\\\/uploads\\\/2019\\\/03\\\/logo-web-sk.png\",\"contentUrl\":\"https:\\\/\\\/www.kosiceregion.com\\\/wp-content\\\/uploads\\\/2019\\\/03\\\/logo-web-sk.png\",\"width\":225,\"height\":100,\"caption\":\"Ko\u0161ice Regi\u00f3n Turizmus\"},\"image\":{\"@id\":\"https:\\\/\\\/www.kosiceregion.com\\\/#\\\/schema\\\/logo\\\/image\\\/\"},\"sameAs\":[\"https:\\\/\\\/www.facebook.com\\\/kosiceregion\",\"https:\\\/\\\/x.com\\\/KOSICEREGION\",\"https:\\\/\\\/www.instagram.com\\\/kosiceregion\",\"https:\\\/\\\/www.youtube.com\\\/kosiceregion\"]},{\"@type\":\"Person\",\"@id\":\"https:\\\/\\\/www.kosiceregion.com\\\/#\\\/schema\\\/person\\\/6cd0b3706091bbb7fc11437086db9ccb\",\"name\":\"Tatiana \u010cerven\u00e1\",\"image\":{\"@type\":\"ImageObject\",\"inLanguage\":\"sk-SK\",\"@id\":\"https:\\\/\\\/secure.gravatar.com\\\/avatar\\\/050b709342af43d17b1f982522b7ac660b814df8c4c872be4a6ccf432c3f6ccc?s=96&d=mm&r=g\",\"url\":\"https:\\\/\\\/secure.gravatar.com\\\/avatar\\\/050b709342af43d17b1f982522b7ac660b814df8c4c872be4a6ccf432c3f6ccc?s=96&d=mm&r=g\",\"contentUrl\":\"https:\\\/\\\/secure.gravatar.com\\\/avatar\\\/050b709342af43d17b1f982522b7ac660b814df8c4c872be4a6ccf432c3f6ccc?s=96&d=mm&r=g\",\"caption\":\"Tatiana \u010cerven\u00e1\"}}]}<\/script>\n<!-- \/ Yoast SEO Premium plugin. -->","yoast_head_json":{"title":"Ko\u0161ice Regi\u00f3n","description":"Doln\u00fd Zempl\u00edn sa pripravuje na sviatky jari vo ve\u013ekom \u0161t\u00fdle. Ve\u013ek\u00e1 noc tu u\u017e d\u00e1vno neznamen\u00e1 len za\u010diatok letnej sez\u00f3ny \u010di prehliadku folkl\u00f3ru \u2013 stala sa vyh\u013ead\u00e1van\u00fdm obdob\u00edm pre n\u00e1v\u0161tevn\u00edkov, ktor\u00ed h\u013eadaj\u00fa jedine\u010dn\u00e9\u2026","robots":{"index":"index","follow":"follow","max-snippet":"max-snippet:-1","max-image-preview":"max-image-preview:large","max-video-preview":"max-video-preview:-1"},"canonical":"https:\/\/www.kosiceregion.com\/sk\/zazi-velku-noc-na-dolnom-zempline-duchovna-cesta-tokajske-zlato-a-jarny-relax-pri-slovenskom-mori\/","og_locale":"sk_SK","og_type":"article","og_title":"Za\u017ei Ve\u013ek\u00fa noc na dolnom Zempl\u00edne: Duchovn\u00e1 cesta, tokajsk\u00e9 zlato a jarn\u00fd relax pri \u201eslovenskom mori\u201c","og_description":"Za\u017ei Ve\u013ek\u00fa noc na dolnom Zempl\u00edne: Duchovn\u00e1 cesta, tokajsk\u00e9 zlato a jarn\u00fd relax pri \u201eslovenskom mori\u201c","og_url":"https:\/\/www.kosiceregion.com\/sk\/wp-json\/wp\/v2\/posts\/16319","og_site_name":"Ko\u0161ice Regi\u00f3n","article_publisher":"https:\/\/www.facebook.com\/kosiceregion","article_published_time":"2026-03-12T08:16:44+00:00","article_modified_time":"2026-03-12T08:16:45+00:00","og_image":[{"width":1200,"height":613,"url":"https:\/\/www.kosiceregion.com\/wp-content\/uploads\/2026\/03\/tokaj-ostrozovic-pivnice-ochutnavky4.jpg","type":"image\/jpeg"}],"author":"Tatiana \u010cerven\u00e1","twitter_card":"summary_large_image","twitter_creator":"@KOSICEREGION","twitter_site":"@KOSICEREGION","twitter_misc":{"Autor":"Tatiana \u010cerven\u00e1","Predpokladan\u00fd \u010das \u010d\u00edtania":"3 min\u00faty"},"schema":{"@context":"https:\/\/schema.org","@graph":[{"@type":"Article","@id":"https:\/\/www.kosiceregion.com\/sk\/zazi-velku-noc-na-dolnom-zempline-duchovna-cesta-tokajske-zlato-a-jarny-relax-pri-slovenskom-mori\/#article","isPartOf":{"@id":"https:\/\/www.kosiceregion.com\/sk\/zazi-velku-noc-na-dolnom-zempline-duchovna-cesta-tokajske-zlato-a-jarny-relax-pri-slovenskom-mori\/"},"author":{"name":"Tatiana \u010cerven\u00e1","@id":"https:\/\/www.kosiceregion.com\/#\/schema\/person\/6cd0b3706091bbb7fc11437086db9ccb"},"headline":"Za\u017ei Ve\u013ek\u00fa noc na dolnom Zempl\u00edne: Duchovn\u00e1 cesta, tokajsk\u00e9 zlato a jarn\u00fd relax pri \u201eslovenskom mori\u201c","datePublished":"2026-03-12T08:16:44+00:00","dateModified":"2026-03-12T08:16:45+00:00","mainEntityOfPage":{"@id":"https:\/\/www.kosiceregion.com\/sk\/zazi-velku-noc-na-dolnom-zempline-duchovna-cesta-tokajske-zlato-a-jarny-relax-pri-slovenskom-mori\/"},"wordCount":725,"publisher":{"@id":"https:\/\/www.kosiceregion.com\/#organization"},"image":{"@id":"https:\/\/www.kosiceregion.com\/sk\/zazi-velku-noc-na-dolnom-zempline-duchovna-cesta-tokajske-zlato-a-jarny-relax-pri-slovenskom-mori\/#primaryimage"},"thumbnailUrl":"https:\/\/www.kosiceregion.com\/wp-content\/uploads\/2026\/03\/tokaj-ostrozovic-pivnice-ochutnavky4.jpg","keywords":["Doln\u00fd Zempl\u00edn","Hotel Vinnay","jedlo","kam na v\u00fdlet","Ko\u0161ick\u00fd kraj","ko\u0161ick\u00fd svetov\u00fd kraj","mea grati","pr\u00e1zdniny","thermalpark","Tokaj","ubytovanie","Ve\u013ek\u00e1 noc","vin\u00e1rstvo","v\u00fdlet","wellness","Zempl\u00ednska \u0161\u00edrava"],"articleSection":["In\u0161piruj sa"],"inLanguage":"sk-SK"},{"@type":"WebPage","@id":"https:\/\/www.kosiceregion.com\/sk\/zazi-velku-noc-na-dolnom-zempline-duchovna-cesta-tokajske-zlato-a-jarny-relax-pri-slovenskom-mori\/","url":"https:\/\/www.kosiceregion.com\/sk\/zazi-velku-noc-na-dolnom-zempline-duchovna-cesta-tokajske-zlato-a-jarny-relax-pri-slovenskom-mori\/","name":"Za\u017ei Ve\u013ek\u00fa noc na dolnom Zempl\u00edne","isPartOf":{"@id":"https:\/\/www.kosiceregion.com\/#website"},"primaryImageOfPage":{"@id":"https:\/\/www.kosiceregion.com\/sk\/zazi-velku-noc-na-dolnom-zempline-duchovna-cesta-tokajske-zlato-a-jarny-relax-pri-slovenskom-mori\/#primaryimage"},"image":{"@id":"https:\/\/www.kosiceregion.com\/sk\/zazi-velku-noc-na-dolnom-zempline-duchovna-cesta-tokajske-zlato-a-jarny-relax-pri-slovenskom-mori\/#primaryimage"},"thumbnailUrl":"https:\/\/www.kosiceregion.com\/wp-content\/uploads\/2026\/03\/tokaj-ostrozovic-pivnice-ochutnavky4.jpg","datePublished":"2026-03-12T08:16:44+00:00","dateModified":"2026-03-12T08:16:45+00:00","description":"Za\u017ei Ve\u013ek\u00fa noc na dolnom Zempl\u00edne: Duchovn\u00e1 cesta, tokajsk\u00e9 zlato a jarn\u00fd relax pri \u201eslovenskom mori\u201c","breadcrumb":{"@id":"https:\/\/www.kosiceregion.com\/sk\/zazi-velku-noc-na-dolnom-zempline-duchovna-cesta-tokajske-zlato-a-jarny-relax-pri-slovenskom-mori\/#breadcrumb"},"inLanguage":"sk-SK","potentialAction":[{"@type":"ReadAction","target":["https:\/\/www.kosiceregion.com\/sk\/zazi-velku-noc-na-dolnom-zempline-duchovna-cesta-tokajske-zlato-a-jarny-relax-pri-slovenskom-mori\/"]}]},{"@type":"ImageObject","inLanguage":"sk-SK","@id":"https:\/\/www.kosiceregion.com\/sk\/zazi-velku-noc-na-dolnom-zempline-duchovna-cesta-tokajske-zlato-a-jarny-relax-pri-slovenskom-mori\/#primaryimage","url":"https:\/\/www.kosiceregion.com\/wp-content\/uploads\/2026\/03\/tokaj-ostrozovic-pivnice-ochutnavky4.jpg","contentUrl":"https:\/\/www.kosiceregion.com\/wp-content\/uploads\/2026\/03\/tokaj-ostrozovic-pivnice-ochutnavky4.jpg","width":1200,"height":613,"caption":"Ve\u013ek\u00e1 noc na dolnom Zeml\u00edne"},{"@type":"BreadcrumbList","@id":"https:\/\/www.kosiceregion.com\/sk\/zazi-velku-noc-na-dolnom-zempline-duchovna-cesta-tokajske-zlato-a-jarny-relax-pri-slovenskom-mori\/#breadcrumb","itemListElement":[{"@type":"ListItem","position":1,"name":"Home","item":"https:\/\/www.kosiceregion.com\/sk\/"},{"@type":"ListItem","position":2,"name":"Za\u017ei Ve\u013ek\u00fa noc na dolnom Zempl\u00edne: Duchovn\u00e1 cesta, tokajsk\u00e9 zlato a jarn\u00fd relax pri \u201eslovenskom mori\u201c"}]},{"@type":"WebSite","@id":"https:\/\/www.kosiceregion.com\/#website","url":"https:\/\/www.kosiceregion.com\/","name":"Ko\u0161ice Regi\u00f3n","description":"Turistick\u00fd sprievodca Ko\u0161ick\u00fdm krajom","publisher":{"@id":"https:\/\/www.kosiceregion.com\/#organization"},"potentialAction":[{"@type":"SearchAction","target":{"@type":"EntryPoint","urlTemplate":"https:\/\/www.kosiceregion.com\/?s={search_term_string}"},"query-input":{"@type":"PropertyValueSpecification","valueRequired":true,"valueName":"search_term_string"}}],"inLanguage":"sk-SK"},{"@type":"Organization","@id":"https:\/\/www.kosiceregion.com\/#organization","name":"Ko\u0161ice Regi\u00f3n Turizmus","url":"https:\/\/www.kosiceregion.com\/","logo":{"@type":"ImageObject","inLanguage":"sk-SK","@id":"https:\/\/www.kosiceregion.com\/#\/schema\/logo\/image\/","url":"https:\/\/www.kosiceregion.com\/wp-content\/uploads\/2019\/03\/logo-web-sk.png","contentUrl":"https:\/\/www.kosiceregion.com\/wp-content\/uploads\/2019\/03\/logo-web-sk.png","width":225,"height":100,"caption":"Ko\u0161ice Regi\u00f3n Turizmus"},"image":{"@id":"https:\/\/www.kosiceregion.com\/#\/schema\/logo\/image\/"},"sameAs":["https:\/\/www.facebook.com\/kosiceregion","https:\/\/x.com\/KOSICEREGION","https:\/\/www.instagram.com\/kosiceregion","https:\/\/www.youtube.com\/kosiceregion"]},{"@type":"Person","@id":"https:\/\/www.kosiceregion.com\/#\/schema\/person\/6cd0b3706091bbb7fc11437086db9ccb","name":"Tatiana \u010cerven\u00e1","image":{"@type":"ImageObject","inLanguage":"sk-SK","@id":"https:\/\/secure.gravatar.com\/avatar\/050b709342af43d17b1f982522b7ac660b814df8c4c872be4a6ccf432c3f6ccc?s=96&d=mm&r=g","url":"https:\/\/secure.gravatar.com\/avatar\/050b709342af43d17b1f982522b7ac660b814df8c4c872be4a6ccf432c3f6ccc?s=96&d=mm&r=g","contentUrl":"https:\/\/secure.gravatar.com\/avatar\/050b709342af43d17b1f982522b7ac660b814df8c4c872be4a6ccf432c3f6ccc?s=96&d=mm&r=g","caption":"Tatiana \u010cerven\u00e1"}}]}},"_links":{"self":[{"href":"https:\/\/www.kosiceregion.com\/sk\/wp-json\/wp\/v2\/posts\/16319","targetHints":{"allow":["GET"]}}],"collection":[{"href":"https:\/\/www.kosiceregion.com\/sk\/wp-json\/wp\/v2\/posts"}],"about":[{"href":"https:\/\/www.kosiceregion.com\/sk\/wp-json\/wp\/v2\/types\/post"}],"author":[{"embeddable":true,"href":"https:\/\/www.kosiceregion.com\/sk\/wp-json\/wp\/v2\/users\/17"}],"replies":[{"embeddable":true,"href":"https:\/\/www.kosiceregion.com\/sk\/wp-json\/wp\/v2\/comments?post=16319"}],"version-history":[{"count":6,"href":"https:\/\/www.kosiceregion.com\/sk\/wp-json\/wp\/v2\/posts\/16319\/revisions"}],"predecessor-version":[{"id":16334,"href":"https:\/\/www.kosiceregion.com\/sk\/wp-json\/wp\/v2\/posts\/16319\/revisions\/16334"}],"wp:featuredmedia":[{"embeddable":true,"href":"https:\/\/www.kosiceregion.com\/sk\/wp-json\/wp\/v2\/media\/16320"}],"wp:attachment":[{"href":"https:\/\/www.kosiceregion.com\/sk\/wp-json\/wp\/v2\/media?parent=16319"}],"wp:term":[{"taxonomy":"category","embeddable":true,"href":"https:\/\/www.kosiceregion.com\/sk\/wp-json\/wp\/v2\/categories?post=16319"},{"taxonomy":"post_tag","embeddable":true,"href":"https:\/\/www.kosiceregion.com\/sk\/wp-json\/wp\/v2\/tags?post=16319"}],"curies":[{"name":"wp","href":"https:\/\/api.w.org\/{rel}","templated":true}]}}