{"id":3098,"date":"2020-01-14T10:59:55","date_gmt":"2020-01-14T09:59:55","guid":{"rendered":"https:\/\/www.kosiceregion.com\/sk\/?p=3098"},"modified":"2024-11-11T10:05:03","modified_gmt":"2024-11-11T09:05:03","slug":"kam-na-lyzovacku-na-spisi-a-na-zempline","status":"publish","type":"post","link":"https:\/\/www.kosiceregion.com\/sk\/kam-na-lyzovacku-na-spisi-a-na-zempline\/","title":{"rendered":"Kam na ly\u017eova\u010dku na Spi\u0161i a na Zempl\u00edne"},"content":{"rendered":"\n<blockquote>\n<p><em>Nekone\u010dn\u00e9 \u010dakanie na v\u0161etko, dlh\u00e9 rady, pln\u00e9 zjazdovky, ceny vy\u0161\u0161ie ako v Alp\u00e1ch. \u017dia\u013e, aj tak\u00e1to je realita a sk\u00fasenosti ly\u017eiarov s ve\u013ek\u00fdmi a hojne nav\u0161tevovan\u00fdmi ly\u017eiarskymi strediskami na Slovensku.&nbsp; <\/em><em>Ak aj vy patr\u00edte k t\u00fdm, ktor\u00ed vyh\u013ead\u00e1vaj\u00fa lacnej\u0161ie a pohodovej\u0161ie alternat\u00edvy, m\u00e1me pre v\u00e1s tipy na <strong>ly\u017eiarske stredisk\u00e1 na Spi\u0161i a na Zempl\u00edne<\/strong>. Mo\u017eno len p\u00e1r desiatok kilometrov od v\u00e1\u0161ho bydliska sa toti\u017e ukr\u00fdva par\u00e1dny kopec, ktor\u00fd dokonal\u00e9 napln\u00ed va\u0161e predstavy o tom, ako vyzer\u00e1 skvel\u00e1 ly\u017eova\u010dka.<\/em><\/p>\n<\/blockquote>\n\n\n\n<h2 class=\"wp-block-heading\"><strong>Spi\u0161? Nesp\u00ed\u0161? Tak ly\u017euje\u0161!<\/strong><\/h2>\n\n\n\n<p><span style=\"font-weight: 400;\">Na rozhran\u00ed Slovensk\u00e9ho raja a Ju\u017en\u00e9ho Spi\u0161a n\u00e1jdete v nadmorskej v\u00fd\u0161ke 533 metrov ly\u017eiarske <a href=\"https:\/\/www.nalepkovo.sk\/navstevnik\/lyziarsky-vlek-nalepkovo-krecno\/\" target=\"_blank\" rel=\"noopener noreferrer\">stredisko <\/a><\/span><b>N\u00e1lepkovo &#8211; Kre\u010dno. Dve zjazdovky<\/b><span style=\"font-weight: 400;\"> s d\u013a\u017ekou 200 a 450 metrov s\u00fa umelo zasne\u017eovan\u00e9 a vhodn\u00e9 najm\u00e4 pre za\u010d\u00ednaj\u00facich ly\u017eiarov a deti. Samostatn\u00fd detsk\u00fd vlek sa nach\u00e1dza priamo v are\u00e1li a ly\u017eova\u010dku v Kre\u010dne si m\u00f4\u017eete u\u017ei\u0165 aj po\u010das ve\u010dern\u00e9ho ly\u017eovania. <\/span><\/p>\n\n\n\n<p><span style=\"font-weight: 400;\">Ly\u017eiarsky <a href=\"http:\/\/www.plejsy.sk\/\" target=\"_blank\" rel=\"noopener noreferrer\">are\u00e1l <\/a><\/span><b>Relax Center Plejsy<\/b><span style=\"font-weight: 400;\"> sa rozprestiera na severn\u00fdch svahoch Krompa\u0161sk\u00e9ho vrchu (1.025 m n.m.), je vzdialen\u00fd 2 km od mesta Krompachy a 70 km od Vysok\u00fdch Tatier.<\/span><b> P\u00e4\u0165 ly\u017eiarskych vlekov <\/b><span style=\"font-weight: 400;\">v\u00e1m zabezpe\u010d\u00ed kvalitn\u00fa, pohodln\u00fa a v prvom rade bezpe\u010dn\u00fa ly\u017eova\u010dku. N\u00e1v\u0161tevn\u00edci ski are\u00e1lu maj\u00fa k dispoz\u00edcii <\/span><b>4,5 km zjazdoviek <\/b><span style=\"font-weight: 400;\">r\u00f4znych stup\u0148ov n\u00e1ro\u010dnosti, viacero re\u0161taur\u00e1ci\u00ed, ski servis, ly\u017eiarsku \u0161kolu, snowboardov\u00fa \u0161kolu, po\u017ei\u010dov\u0148u ly\u017e\u00ed a snowboardov, detsk\u00fd k\u00fatik, ale aj&nbsp; babysitting.<\/span><\/p>\n\n\n\n<figure class=\"wp-block-embed is-type-video is-provider-youtube wp-block-embed-youtube wp-embed-aspect-16-9 wp-has-aspect-ratio\"><div class=\"wp-block-embed__wrapper\">\n<iframe loading=\"lazy\" title=\"Relax Center Plejsy - Krompachy\" width=\"580\" height=\"326\" src=\"https:\/\/www.youtube.com\/embed\/9-0B7215_nY?feature=oembed\" frameborder=\"0\" allow=\"accelerometer; autoplay; clipboard-write; encrypted-media; gyroscope; picture-in-picture; web-share\" referrerpolicy=\"strict-origin-when-cross-origin\" allowfullscreen><\/iframe>\n<\/div><\/figure>\n\n\n\n<p><span style=\"font-weight: 400;\">Ly\u017eiarske a rekrea\u010dno-\u0161portov\u00e9 <a href=\"https:\/\/www.scm.sk\/\" target=\"_blank\" rel=\"noopener noreferrer\">stredisko <\/a><\/span><b>Mraznica<\/b><span style=\"font-weight: 400;\"> sa nach\u00e1dza v obci Hnil\u010d\u00edk, ne\u010faleko mesta Spi\u0161sk\u00e1 Nov\u00e1 Ves. Stredisko je rozvrhnut\u00e9 a pripraven\u00e9 tak, aby ulahodilo v\u0161etk\u00fdm ly\u017eiarom &#8211; mal\u00fdm aj ve\u013ek\u00fdm, sk\u00fasen\u00fdm aj za\u010diato\u010dn\u00edkom.&nbsp;<\/span><\/p>\n<p><span style=\"font-weight: 400;\">K dispoz\u00edci\u00ed m\u00e1te <\/span><b>3 ly\u017eiarske vleky, z ktor\u00fdch je 1 detsk\u00fd s d\u013a\u017ekou 100 m.<\/b> <b>D\u013a\u017eka umelo zasne\u017eovan\u00fdch zjazdoviek m\u00e1 spolu 3 km a najdlh\u0161ia zjazdovka m\u00e1 d\u013a\u017eku 1.650 m. <\/b><span style=\"font-weight: 400;\">V stredisku je mo\u017en\u00e9 vyu\u017ei\u0165 slu\u017eby ly\u017eiarskej \u0161k\u00f4lky, u\u017ei\u0165 si ve\u010dern\u00e9 ly\u017eovanie, ob\u010derstvi\u0165 sa priamo v stredisku a v krytej hale si m\u00f4\u017eete zakor\u010du\u013eova\u0165. Mraznica je ako stvoren\u00e1 na rodinn\u00e9 v\u00fdlety spojen\u00e9 so \u0161portom. <\/span><\/p>\n\n\n\n<figure class=\"wp-block-embed is-type-video is-provider-youtube wp-block-embed-youtube wp-embed-aspect-16-9 wp-has-aspect-ratio\"><div class=\"wp-block-embed__wrapper\">\n<iframe loading=\"lazy\" title=\"SKI Centrum MRAZNICA\" width=\"580\" height=\"326\" src=\"https:\/\/www.youtube.com\/embed\/tXkvrjgm5T4?feature=oembed\" frameborder=\"0\" allow=\"accelerometer; autoplay; clipboard-write; encrypted-media; gyroscope; picture-in-picture; web-share\" referrerpolicy=\"strict-origin-when-cross-origin\" allowfullscreen><\/iframe>\n<\/div><\/figure>\n\n\n<p><span style=\"font-weight: 400;\">Na &#8222;konci sveta\u201d, priamo uprostred Spi\u0161a objav\u00edte ly\u017eiarske <a href=\"http:\/\/www.brodok.sk\/\" target=\"_blank\" rel=\"noopener noreferrer\">stredisko <\/a><\/span><b>Por\u00e1\u010d Brodok, <\/b><span style=\"font-weight: 400;\">vzdialen\u00e9 je 18 km od Spi\u0161skej Novej Vsi a pon\u00faka skvel\u00fa ly\u017eova\u010dku pre za\u010d\u00ednaj\u00facich aj n\u00e1ro\u010dn\u00fdch ly\u017eiarov. Svahy s\u00fa umelo zasne\u017eovan\u00e9 a pravidelne upravovan\u00e9. \u010cakaj\u00fa na v\u00e1s <\/span><b>3 zjazdovky s celkovou d\u013a\u017ekou 1.23 km.<\/b><span style=\"font-weight: 400;\"> Mo\u017enosti pre det\u00ed je tu taktie\u017e viacero. Detsk\u00e1 ly\u017eiarska \u0161k\u00f4lka a \u013eahk\u00fd svah poskytn\u00fa aj t\u00fdm najmen\u0161\u00edm v\u00fdborn\u00e9 podmienky na mini ly\u017eova\u010dku. Hladn\u00ed ani sm\u00e4dn\u00ed v\u010faka bl\u00edzkemu Por\u00e1\u010d Parku ur\u010dite nebudete. <\/span><\/p>\n\n\n<h2 class=\"wp-block-heading\"><strong>L ako Levo\u010da, L ako ly\u017eova\u010dka<\/strong><\/h2>\n\n\n\n<p><span style=\"font-weight: 400;\">Levo\u010da nie je len o pamiatkach, ale aj o \u0161porte! Ly\u017eiarske stredisko <a href=\"https:\/\/levocskadolina.sk\/\" target=\"_blank\" rel=\"noopener noreferrer\">rezortu<\/a><\/span><b>Levo\u010dsk\u00e1 dolina<\/b><span style=\"font-weight: 400;\"> je vhodn\u00e9 pre n\u00e1ro\u010dn\u00fdch aj menej zdatn\u00fdch ly\u017eiarov. Tvoria ho <\/span><b>4 zjazdovky <\/b><span style=\"font-weight: 400;\">(detsk\u00e1 270 m, pretek\u00e1rska 850 m, rodinn\u00e1 1.050 m a kombinovan\u00e1 1.130 m), ktor\u00e9 s\u00fa pravidelne upravovan\u00e9 a zasne\u017eovan\u00e9 technick\u00fdm snehom. Po\u010das zimnej sez\u00f3ny s\u00fa v prev\u00e1dzke 4 ly\u017eiarske vleky. Pre ly\u017eiarov s\u00fa k dispoz\u00edci\u00ed parkovisk\u00e1, ly\u017eiarska \u0161kola a \u0161k\u00f4lka, servis, po\u017ei\u010dov\u0148a ly\u017e\u00ed a vo neskor\u0161\u00edch hodin\u00e1ch ve\u010dern\u00e9 ly\u017eovanie. Pod svahom je po\u010das cel\u00e9ho d\u0148a aj ve\u010dera re\u0161taur\u00e1cia a zrubov\u00fd bar.<\/span><\/p>\n\n\n\n<figure class=\"wp-block-image\"><img decoding=\"async\" width=\"1024\" height=\"1024\" src=\"https:\/\/www.kosiceregion.com\/wp-content\/uploads\/2020\/01\/Depositphotos_19915595_xl-2015-1024x1024.jpg\" alt=\"ly\u017eova\u010dka v Ko\u0161ickom kraji\" class=\"wp-image-3054\" srcset=\"https:\/\/www.kosiceregion.com\/wp-content\/uploads\/2020\/01\/Depositphotos_19915595_xl-2015-1024x1024.jpg 1024w, https:\/\/www.kosiceregion.com\/wp-content\/uploads\/2020\/01\/Depositphotos_19915595_xl-2015-150x150.jpg 150w, https:\/\/www.kosiceregion.com\/wp-content\/uploads\/2020\/01\/Depositphotos_19915595_xl-2015-300x300.jpg 300w, https:\/\/www.kosiceregion.com\/wp-content\/uploads\/2020\/01\/Depositphotos_19915595_xl-2015-768x768.jpg 768w\" sizes=\"(max-width: 1024px) 100vw, 1024px\" \/><\/figure>\n\n\n\n<h2 class=\"wp-block-heading\"><strong>Ly\u017eova\u0165 sa m\u00f4\u017eete aj na Zempl\u00edne<\/strong><\/h2>\n\n\n\n<p><span style=\"font-weight: 400;\">Ly\u017eiarsky vlek sa nach\u00e1dza v obci Z\u00e1mutov, asi 10 km od okresn\u00e9ho mesta Vranov nad Top\u013eou a v pr\u00edpade kvalitnej snehovej n\u00e1dielky je ide\u00e1lnym miestom pre ly\u017eiarske v\u00fdlety. <strong>\u0160tyri<\/strong><\/span><b> zjazdovky s celkovou d\u013a\u017ekou 1.850 km a viac ako 100-metrov\u00e9 prev\u00fd\u0161enie<\/b><span style=\"font-weight: 400;\"> v\u00e1m posta\u010d\u00ed, aby ste sa dos\u00fdta vyly\u017eovali. Svah je v dolnej polovici <a href=\"http:\/\/www.penzionopal.sk\/-lyziarske-stredisko\" target=\"_blank\" rel=\"noopener noreferrer\">rezortu<\/a> mierny a vhodn\u00fd pre za\u010d\u00ednaj\u00facich ly\u017eiarov a deti. Horn\u00e1 \u010das\u0165 svahu je strm\u00e1 a vhodn\u00e1 len pre sk\u00fasen\u00fdch ly\u017eiarov.<\/span><\/p>\t\n\n<p><span style=\"font-weight: 400;\">Pri vleku n\u00e1jdete po\u017ei\u010dov\u0148u ly\u017eiarskej v\u00fdstroje a bufet, kde sa m\u00f4\u017eete ob\u010derstvi\u0165. Nech\u00fdbaj\u00fa ani <\/span><b>upravovan\u00e9 trate pre be\u017eky v celkovej d\u013a\u017eke a\u017e 52 km<\/b><span style=\"font-weight: 400;\">. <\/span><\/p>\n\n\n\n<hr class=\"wp-block-separator has-css-opacity\"\/>\n\n\n\n<blockquote class=\"wp-block-quote is-style-large is-layout-flow wp-block-quote-is-layout-flow\">\n<p><strong>Ak v\u00e1s zauj\u00edmaj\u00fa tipy na \u010fal\u0161ie ly\u017eiarske stredisk\u00e1 v Ko\u0161ickom kraji, ur\u010dite nevynechajte n\u00e1\u0161 <a href=\"https:\/\/www.kosiceregion.com\/sk\/lyzovacka-pri-kosiciach-a-v-slovenskom-raji\/\">\u010dl\u00e1nok o zjazdovk\u00e1ch pri Ko\u0161iciach a v Slovenskom raji<\/a>.<\/strong><\/p>\n<\/blockquote>\n","protected":false},"excerpt":{"rendered":"<p>Nekone\u010dn\u00e9 \u010dakanie na v\u0161etko, dlh\u00e9 rady, pln\u00e9 zjazdovky, ceny vy\u0161\u0161ie ako v Alp\u00e1ch. \u017dia\u013e, aj tak\u00e1to je realita a sk\u00fasenosti ly\u017eiarov s ve\u013ek\u00fdmi a hojne nav\u0161tevovan\u00fdmi ly\u017eiarskymi strediskami na Slovensku.&nbsp; Ak aj vy patr\u00edte k t\u00fdm, ktor\u00ed vyh\u013ead\u00e1vaj\u00fa lacnej\u0161ie a pohodovej\u0161ie alternat\u00edvy, m\u00e1me pre v\u00e1s tipy na ly\u017eiarske stredisk\u00e1 na Spi\u0161i a na Zempl\u00edne. Mo\u017eno [&hellip;]<\/p>\n","protected":false},"author":4,"featured_media":3055,"comment_status":"closed","ping_status":"closed","sticky":false,"template":"","format":"standard","meta":{"_acf_changed":false,"_sk_post_content":"<!-- wp:tadv\/classic-paragraph {\"beyondwordsMarker\":\"9e9759b3-1242-40c1-b602-c68484306069\"} -->\n<blockquote>\n<p><em>Nekone\u010dn\u00e9 \u010dakanie na v\u0161etko, dlh\u00e9 rady, pln\u00e9 zjazdovky, ceny vy\u0161\u0161ie ako v Alp\u00e1ch. \u017dia\u013e, aj tak\u00e1to je realita a sk\u00fasenosti ly\u017eiarov s ve\u013ek\u00fdmi a hojne nav\u0161tevovan\u00fdmi ly\u017eiarskymi strediskami na Slovensku.&nbsp; <\/em><em>Ak aj vy patr\u00edte k t\u00fdm, ktor\u00ed vyh\u013ead\u00e1vaj\u00fa lacnej\u0161ie a pohodovej\u0161ie alternat\u00edvy, m\u00e1me pre v\u00e1s tipy na <strong>ly\u017eiarske stredisk\u00e1 na Spi\u0161i a na Zempl\u00edne<\/strong>. Mo\u017eno len p\u00e1r desiatok kilometrov od v\u00e1\u0161ho bydliska sa toti\u017e ukr\u00fdva par\u00e1dny kopec, ktor\u00fd dokonal\u00e9 napln\u00ed va\u0161e predstavy o tom, ako vyzer\u00e1 skvel\u00e1 ly\u017eova\u010dka.<\/em><\/p>\n<\/blockquote>\n<!-- \/wp:tadv\/classic-paragraph -->\n\n<!-- wp:heading {\"beyondwordsMarker\":\"74c64f45-cca7-4015-a5bc-d049ae4103bc\"} -->\n<h2 class=\"wp-block-heading\"><strong>Spi\u0161? Nesp\u00ed\u0161? Tak ly\u017euje\u0161!<\/strong><\/h2>\n<!-- \/wp:heading -->\n\n<!-- wp:tadv\/classic-paragraph {\"beyondwordsMarker\":\"4bc3f1b1-50db-47ad-b285-0e1b8a844df9\"} -->\n<p><span style=\"font-weight: 400;\">Na rozhran\u00ed Slovensk\u00e9ho raja a Ju\u017en\u00e9ho Spi\u0161a n\u00e1jdete v nadmorskej v\u00fd\u0161ke 533 metrov ly\u017eiarske <a href=\"https:\/\/www.nalepkovo.sk\/navstevnik\/lyziarsky-vlek-nalepkovo-krecno\/\" target=\"_blank\" rel=\"noopener noreferrer\">stredisko <\/a><\/span><b>N\u00e1lepkovo - Kre\u010dno. Dve zjazdovky<\/b><span style=\"font-weight: 400;\"> s d\u013a\u017ekou 200 a 450 metrov s\u00fa umelo zasne\u017eovan\u00e9 a vhodn\u00e9 najm\u00e4 pre za\u010d\u00ednaj\u00facich ly\u017eiarov a deti. Samostatn\u00fd detsk\u00fd vlek sa nach\u00e1dza priamo v are\u00e1li a ly\u017eova\u010dku v Kre\u010dne si m\u00f4\u017eete u\u017ei\u0165 aj po\u010das ve\u010dern\u00e9ho ly\u017eovania. <\/span><\/p>\n<!-- \/wp:tadv\/classic-paragraph -->\n\n<!-- wp:tadv\/classic-paragraph {\"beyondwordsMarker\":\"cbba35df-4725-480f-8ecb-5235062e04cb\"} -->\n<p><span style=\"font-weight: 400;\">Ly\u017eiarsky <a href=\"http:\/\/www.plejsy.sk\/\" target=\"_blank\" rel=\"noopener noreferrer\">are\u00e1l <\/a><\/span><b>Relax Center Plejsy<\/b><span style=\"font-weight: 400;\"> sa rozprestiera na severn\u00fdch svahoch Krompa\u0161sk\u00e9ho vrchu (1.025 m n.m.), je vzdialen\u00fd 2 km od mesta Krompachy a 70 km od Vysok\u00fdch Tatier.<\/span><b> P\u00e4\u0165 ly\u017eiarskych vlekov <\/b><span style=\"font-weight: 400;\">v\u00e1m zabezpe\u010d\u00ed kvalitn\u00fa, pohodln\u00fa a v prvom rade bezpe\u010dn\u00fa ly\u017eova\u010dku. N\u00e1v\u0161tevn\u00edci ski are\u00e1lu maj\u00fa k dispoz\u00edcii <\/span><b>4,5 km zjazdoviek <\/b><span style=\"font-weight: 400;\">r\u00f4znych stup\u0148ov n\u00e1ro\u010dnosti, viacero re\u0161taur\u00e1ci\u00ed, ski servis, ly\u017eiarsku \u0161kolu, snowboardov\u00fa \u0161kolu, po\u017ei\u010dov\u0148u ly\u017e\u00ed a snowboardov, detsk\u00fd k\u00fatik, ale aj&nbsp; babysitting.<\/span><\/p>\n<!-- \/wp:tadv\/classic-paragraph -->\n\n<!-- wp:embed {\"url\":\"https:\/\/youtu.be\/9-0B7215_nY\",\"type\":\"video\",\"providerNameSlug\":\"youtube\",\"responsive\":true,\"beyondwordsMarker\":\"118c76ab-d6bc-4e2f-bfdb-ae85fffb714d\",\"className\":\"wp-embed-aspect-16-9 wp-has-aspect-ratio\"} -->\n<figure class=\"wp-block-embed is-type-video is-provider-youtube wp-block-embed-youtube wp-embed-aspect-16-9 wp-has-aspect-ratio\"><div class=\"wp-block-embed__wrapper\">\nhttps:\/\/youtu.be\/9-0B7215_nY\n<\/div><\/figure>\n<!-- \/wp:embed -->\n\n<!-- wp:tadv\/classic-paragraph {\"beyondwordsMarker\":\"a5b3b5a4-52fc-4d1c-80f2-2384a5c4e096\"} -->\n<p><span style=\"font-weight: 400;\">Ly\u017eiarske a rekrea\u010dno-\u0161portov\u00e9 <a href=\"https:\/\/www.scm.sk\/\" target=\"_blank\" rel=\"noopener noreferrer\">stredisko <\/a><\/span><b>Mraznica<\/b><span style=\"font-weight: 400;\"> sa nach\u00e1dza v obci Hnil\u010d\u00edk, ne\u010faleko mesta Spi\u0161sk\u00e1 Nov\u00e1 Ves. Stredisko je rozvrhnut\u00e9 a pripraven\u00e9 tak, aby ulahodilo v\u0161etk\u00fdm ly\u017eiarom - mal\u00fdm aj ve\u013ek\u00fdm, sk\u00fasen\u00fdm aj za\u010diato\u010dn\u00edkom.&nbsp;<\/span><\/p>\n<p><span style=\"font-weight: 400;\">K dispoz\u00edci\u00ed m\u00e1te <\/span><b>3 ly\u017eiarske vleky, z ktor\u00fdch je 1 detsk\u00fd s d\u013a\u017ekou 100 m.<\/b> <b>D\u013a\u017eka umelo zasne\u017eovan\u00fdch zjazdoviek m\u00e1 spolu 3 km a najdlh\u0161ia zjazdovka m\u00e1 d\u013a\u017eku 1.650 m. <\/b><span style=\"font-weight: 400;\">V stredisku je mo\u017en\u00e9 vyu\u017ei\u0165 slu\u017eby ly\u017eiarskej \u0161k\u00f4lky, u\u017ei\u0165 si ve\u010dern\u00e9 ly\u017eovanie, ob\u010derstvi\u0165 sa priamo v stredisku a v krytej hale si m\u00f4\u017eete zakor\u010du\u013eova\u0165. Mraznica je ako stvoren\u00e1 na rodinn\u00e9 v\u00fdlety spojen\u00e9 so \u0161portom. <\/span><\/p>\n<!-- \/wp:tadv\/classic-paragraph -->\n\n<!-- wp:embed {\"url\":\"https:\/\/www.youtube.com\/watch?v=tXkvrjgm5T4\",\"type\":\"video\",\"providerNameSlug\":\"youtube\",\"responsive\":true,\"beyondwordsMarker\":\"3381b90d-d103-42f1-96cd-369e0874fd6a\",\"className\":\"wp-embed-aspect-16-9 wp-has-aspect-ratio\"} -->\n<figure class=\"wp-block-embed is-type-video is-provider-youtube wp-block-embed-youtube wp-embed-aspect-16-9 wp-has-aspect-ratio\"><div class=\"wp-block-embed__wrapper\">\nhttps:\/\/www.youtube.com\/watch?v=tXkvrjgm5T4\n<\/div><\/figure>\n<!-- \/wp:embed -->\n\n<p><span style=\"font-weight: 400;\">Na \"konci sveta\u201d, priamo uprostred Spi\u0161a objav\u00edte ly\u017eiarske <a href=\"http:\/\/www.brodok.sk\/\" target=\"_blank\" rel=\"noopener noreferrer\">stredisko <\/a><\/span><b>Por\u00e1\u010d Brodok, <\/b><span style=\"font-weight: 400;\">vzdialen\u00e9 je 18 km od Spi\u0161skej Novej Vsi a pon\u00faka skvel\u00fa ly\u017eova\u010dku pre za\u010d\u00ednaj\u00facich aj n\u00e1ro\u010dn\u00fdch ly\u017eiarov. Svahy s\u00fa umelo zasne\u017eovan\u00e9 a pravidelne upravovan\u00e9. \u010cakaj\u00fa na v\u00e1s <\/span><b>3 zjazdovky s celkovou d\u013a\u017ekou 1.23 km.<\/b><span style=\"font-weight: 400;\"> Mo\u017enosti pre det\u00ed je tu taktie\u017e viacero. Detsk\u00e1 ly\u017eiarska \u0161k\u00f4lka a \u013eahk\u00fd svah poskytn\u00fa aj t\u00fdm najmen\u0161\u00edm v\u00fdborn\u00e9 podmienky na mini ly\u017eova\u010dku. Hladn\u00ed ani sm\u00e4dn\u00ed v\u010faka bl\u00edzkemu Por\u00e1\u010d Parku ur\u010dite nebudete. <\/span><\/p>\n\n<!-- wp:heading {\"beyondwordsMarker\":\"5c9b575f-9df9-4466-98aa-9f207c5fa7f6\"} -->\n<h2 class=\"wp-block-heading\"><strong>L ako Levo\u010da, L ako ly\u017eova\u010dka<\/strong><\/h2>\n<!-- \/wp:heading -->\n\n<!-- wp:tadv\/classic-paragraph {\"beyondwordsMarker\":\"c8fd4512-1575-4e1d-9439-eb920ec82fd8\"} -->\n<p><span style=\"font-weight: 400;\">Levo\u010da nie je len o pamiatkach, ale aj o \u0161porte! Ly\u017eiarske stredisko <a href=\"https:\/\/levocskadolina.sk\/\" target=\"_blank\" rel=\"noopener noreferrer\">rezortu<\/a><\/span><b>Levo\u010dsk\u00e1 dolina<\/b><span style=\"font-weight: 400;\"> je vhodn\u00e9 pre n\u00e1ro\u010dn\u00fdch aj menej zdatn\u00fdch ly\u017eiarov. Tvoria ho <\/span><b>4 zjazdovky <\/b><span style=\"font-weight: 400;\">(detsk\u00e1 270 m, pretek\u00e1rska 850 m, rodinn\u00e1 1.050 m a kombinovan\u00e1 1.130 m), ktor\u00e9 s\u00fa pravidelne upravovan\u00e9 a zasne\u017eovan\u00e9 technick\u00fdm snehom. Po\u010das zimnej sez\u00f3ny s\u00fa v prev\u00e1dzke 4 ly\u017eiarske vleky. Pre ly\u017eiarov s\u00fa k dispoz\u00edci\u00ed parkovisk\u00e1, ly\u017eiarska \u0161kola a \u0161k\u00f4lka, servis, po\u017ei\u010dov\u0148a ly\u017e\u00ed a vo neskor\u0161\u00edch hodin\u00e1ch ve\u010dern\u00e9 ly\u017eovanie. Pod svahom je po\u010das cel\u00e9ho d\u0148a aj ve\u010dera re\u0161taur\u00e1cia a zrubov\u00fd bar.<\/span><\/p>\n<!-- \/wp:tadv\/classic-paragraph -->\n\n<!-- wp:image {\"id\":3054,\"beyondwordsMarker\":\"e76ac037-9508-4e6c-a4e8-10f3557aabf6\"} -->\n<figure class=\"wp-block-image\"><img src=\"https:\/\/www.kosiceregion.com\/wp-content\/uploads\/2020\/01\/Depositphotos_19915595_xl-2015-1024x1024.jpg\" alt=\"ly\u017eova\u010dka v Ko\u0161ickom kraji\" class=\"wp-image-3054\"\/><\/figure>\n<!-- \/wp:image -->\n\n<!-- wp:heading {\"beyondwordsMarker\":\"365e8d4c-a010-40f2-96d5-f70b8f09c04c\"} -->\n<h2 class=\"wp-block-heading\"><strong>Ly\u017eova\u0165 sa m\u00f4\u017eete aj na Zempl\u00edne<\/strong><\/h2>\n<!-- \/wp:heading -->\n\n<!-- wp:tadv\/classic-paragraph {\"beyondwordsMarker\":\"65244bc1-8f65-42dc-8f01-733337c7acc1\"} -->\n<p><span style=\"font-weight: 400;\">Ly\u017eiarsky vlek sa nach\u00e1dza v obci Z\u00e1mutov, asi 10 km od okresn\u00e9ho mesta Vranov nad Top\u013eou a v pr\u00edpade kvalitnej snehovej n\u00e1dielky je ide\u00e1lnym miestom pre ly\u017eiarske v\u00fdlety. <strong>\u0160tyri<\/strong><\/span><b> zjazdovky s celkovou d\u013a\u017ekou 1.850 km a viac ako 100-metrov\u00e9 prev\u00fd\u0161enie<\/b><span style=\"font-weight: 400;\"> v\u00e1m posta\u010d\u00ed, aby ste sa dos\u00fdta vyly\u017eovali. Svah je v dolnej polovici <a href=\"http:\/\/www.penzionopal.sk\/-lyziarske-stredisko\" target=\"_blank\" rel=\"noopener noreferrer\">rezortu<\/a> mierny a vhodn\u00fd pre za\u010d\u00ednaj\u00facich ly\u017eiarov a deti. Horn\u00e1 \u010das\u0165 svahu je strm\u00e1 a vhodn\u00e1 len pre sk\u00fasen\u00fdch ly\u017eiarov.<\/span><\/p>\t\n\n<p><span style=\"font-weight: 400;\">Pri vleku n\u00e1jdete po\u017ei\u010dov\u0148u ly\u017eiarskej v\u00fdstroje a bufet, kde sa m\u00f4\u017eete ob\u010derstvi\u0165. Nech\u00fdbaj\u00fa ani <\/span><b>upravovan\u00e9 trate pre be\u017eky v celkovej d\u013a\u017eke a\u017e 52 km<\/b><span style=\"font-weight: 400;\">. <\/span><\/p>\n<!-- \/wp:tadv\/classic-paragraph -->\n\n<!-- wp:separator {\"opacity\":\"css\",\"beyondwordsMarker\":\"b8f6b665-f1ee-4a8d-9d2a-704c49f26bb7\"} -->\n<hr class=\"wp-block-separator has-css-opacity\"\/>\n<!-- \/wp:separator -->\n\n<!-- wp:quote {\"beyondwordsMarker\":\"00ec6b35-2283-4f20-9d70-8fbfd490c72a\",\"className\":\"is-style-large\"} -->\n<blockquote class=\"wp-block-quote is-style-large\"><!-- wp:paragraph {\"beyondwordsMarker\":\"9bb7f82a-bc2a-477a-8041-6a74cbc2fcc2\"} -->\n<p><strong>Ak v\u00e1s zauj\u00edmaj\u00fa tipy na \u010fal\u0161ie ly\u017eiarske stredisk\u00e1 v Ko\u0161ickom kraji, ur\u010dite nevynechajte n\u00e1\u0161 <a href=\"https:\/\/www.kosiceregion.com\/sk\/lyzovacka-pri-kosiciach-a-v-slovenskom-raji\/\">\u010dl\u00e1nok o zjazdovk\u00e1ch pri Ko\u0161iciach a v Slovenskom raji<\/a>.<\/strong><\/p>\n<!-- \/wp:paragraph --><\/blockquote>\n<!-- \/wp:quote -->","_sk_post_name":"kam-na-lyzovacku-na-spisi-a-na-zempline","_sk_post_excerpt":"","_sk_post_title":"Kam na ly\u017eova\u010dku na Spi\u0161i a na Zempl\u00edne","_en_post_content":"","_en_post_name":"","_en_post_excerpt":"","_en_post_title":"","_hu_post_content":"<!-- wp:tadv\/classic-paragraph {\"beyondwordsMarker\":\"9e9759b3-1242-40c1-b602-c68484306069\"} -->\n<blockquote>\n<p>V\u00e9gtelen hossz\u00fa v\u00e1rakoz\u00e1s, hossz\u00fa sorok, zs\u00fafolt p\u00e1ly\u00e1k, alpesi \u00e1rak. Sajnos ilyen tapasztalatokr\u00f3l is besz\u00e1molnak azok a s\u00edel\u0151k, akik Szlov\u00e1kia legnagyobb \u00e9s legl\u00e1togatottabb s\u00edk\u00f6zpontjaiban j\u00e1rnak.&nbsp; Ha \u00d6n\u00f6k is ink\u00e1bb az olcs\u00f3bb \u00e9s nyugodtabb alternat\u00edv\u00e1t keresik, adunk n\u00e9h\u00e1ny tippet, milyen s\u00edk\u00f6zpontok vannak a<strong> Szepess\u00e9gben \u00e9s Zempl\u00e9nben<\/strong>. Tal\u00e1n eg\u00e9szen k\u00f6zel a lak\u00f3hely\u00fckh\u00f6z v\u00e1rja \u00d6n\u00f6ket egy nagyszer\u0171 domb, amely t\u00f6k\u00e9letesen hozza a kiv\u00e1l\u00f3 s\u00edel\u00e9s \u00e9lm\u00e9ny\u00e9t.<\/p>\n<\/blockquote>\n<!-- \/wp:tadv\/classic-paragraph -->\n\n<!-- wp:heading {\"beyondwordsMarker\":\"74c64f45-cca7-4015-a5bc-d049ae4103bc\"} -->\n<h2 class=\"wp-block-heading\"><strong>A Szepess\u00e9g nem alszik t\u00e9li \u00e1lmot.<\/strong><\/h2>\n<!-- \/wp:heading -->\n\n<!-- wp:tadv\/classic-paragraph {\"beyondwordsMarker\":\"4bc3f1b1-50db-47ad-b285-0e1b8a844df9\"} -->\n<p>A Szlov\u00e1k Paradicsom \u00e9s a Szepess\u00e9g d\u00e9li r\u00e9sz\u00e9nek hat\u00e1r\u00e1n, 533 m\u00e9teres tszf. magass\u00e1gban fekszik a <a href=\"https:\/\/www.nalepkovo.sk\/navstevnik\/lyziarsky-vlek-nalepkovo-krecno\/\" target=\"_blank\" rel=\"noopener noreferrer\">N\u00e1lepkovo-Kre\u010dno<\/a> (<strong>Mer\u00e9ny<\/strong>) s\u00edk\u00f6zpont. K\u00e9t lesikl\u00f3p\u00e1ly\u00e1ja van, egy 200 \u00e9s egy 450 m\u00e9ter hossz\u00fa, h\u00f3\u00e1gy\u00fazott, f\u0151k\u00e9nt kezd\u0151knek \u00e9s gyerekeknek val\u00f3.\u00a0 Egy k\u00fcl\u00f6n gyermek-felvon\u00f3 is tal\u00e1lhat\u00f3 k\u00f6zvetlen\u00fcl a centrumban, \u00e9s Kre\u010dn\u00f3ban ak\u00e1r \u00e9jszaka is lehet h\u00f3dolni a s\u00edel\u00e9s \u00f6r\u00f6meinek.<\/p>\n<!-- \/wp:tadv\/classic-paragraph -->\n\n<!-- wp:tadv\/classic-paragraph {\"beyondwordsMarker\":\"cbba35df-4725-480f-8ecb-5235062e04cb\"} -->\n<p>A <a href=\"http:\/\/www.plejsy.sk\/\" target=\"_blank\" rel=\"noopener noreferrer\"><strong>Relax Center Plejsy s\u00edk\u00f6zpont<\/strong><\/a> a Korompai-hegyek \u00e9szaki lejt\u0151in tal\u00e1lhat\u00f3 (1.025 m tszf.), 2 km-re Korompa v\u00e1ros\u00e1t\u00f3l \u00e9s 70 km-re a Magas T\u00e1tr\u00e1t\u00f3l. <strong>5 s\u00edfelvon\u00f3<\/strong> gondoskodik itt&nbsp; a j\u00f3 min\u0151s\u00e9g\u0171, k\u00e9nyelmes \u00e9s els\u0151sorban biztons\u00e1gos s\u00edel\u00e9sr\u0151l. Az idel\u00e1togat\u00f3k egy <strong>4,5 km<\/strong> hossz\u00fa p\u00e1ly\u00e1n s\u00edelhetnek, k\u00fcl\u00f6nf\u00e9le neh\u00e9zs\u00e9gi szinteken, van sz\u00e1mos \u00e9tterem, s\u00edszerviz, s\u00edsuli, h\u00f3deszka-suli, s\u00ed-\u00e9s h\u00f3deszka k\u00f6lcs\u00f6nz\u0151, gyereksarok \u00e9s ak\u00e1r gyerekmeg\u0151rz\u00e9s is ig\u00e9nybe vehet\u0151. &nbsp;&nbsp;<\/p>\n<!-- \/wp:tadv\/classic-paragraph -->\n\n<!-- wp:embed {\"url\":\"https:\/\/youtu.be\/9-0B7215_nY\",\"type\":\"video\",\"providerNameSlug\":\"youtube\",\"responsive\":true,\"beyondwordsMarker\":\"118c76ab-d6bc-4e2f-bfdb-ae85fffb714d\",\"className\":\"wp-embed-aspect-16-9 wp-has-aspect-ratio\"} -->\n<figure class=\"wp-block-embed is-type-video is-provider-youtube wp-block-embed-youtube wp-embed-aspect-16-9 wp-has-aspect-ratio\"><div class=\"wp-block-embed__wrapper\">\nhttps:\/\/youtu.be\/9-0B7215_nY\n<\/div><\/figure>\n<!-- \/wp:embed -->\n\n<!-- wp:tadv\/classic-paragraph {\"beyondwordsMarker\":\"a5b3b5a4-52fc-4d1c-80f2-2384a5c4e096\"} -->\n<p>A <a href=\"https:\/\/www.scm.sk\/\" target=\"_blank\" rel=\"noopener noreferrer\"><strong>Mraznica<\/strong><\/a> s\u00ed-\u00e9s \u00fcd\u00fcl\u0151k\u00f6zpont Igl\u00f3 v\u00e1ros\u00e1hoz k\u00f6zel, Szepespatak faluj\u00e1ban tal\u00e1lhat\u00f3. A s\u00edk\u00f6zpont kialak\u00edt\u00e1sakor \u00fcgyeltek arra, hogy a kicsik, nagyok, a tapasztaltak \u00e9s a kezd\u0151k is egyar\u00e1nt tal\u00e1ljanak megfelel\u0151 p\u00e1ly\u00e1t.<\/p>\n<p><strong>3 s\u00edfelvon\u00f3<\/strong> \u00e1ll itt rendelkez\u00e9sre, ezek k\u00f6z\u00fcl egy gyermek, <strong>hossza 100 m<\/strong>. A h\u00f3\u00e1gy\u00fazott p\u00e1ly\u00e1k hossza <strong>\u00f6sszesen 3 km<\/strong>, a <strong>leghosszabb p\u00e1lya 1.650 m<\/strong>. A k\u00f6zpontban s\u00edsuli is ig\u00e9nybe vehet\u0151, van \u00e9jszakai s\u00edel\u00e9s, b\u00fcf\u00e9k \u00e9s egy fedett korcsolyap\u00e1lya is. Mraznica ide\u00e1lis helysz\u00edne a sporttal egybek\u00f6t\u00f6tt csal\u00e1di kir\u00e1ndul\u00e1soknak.<\/p>\n<!-- \/wp:tadv\/classic-paragraph -->\n\n<!-- wp:embed {\"url\":\"https:\/\/www.youtube.com\/watch?v=tXkvrjgm5T4\",\"type\":\"video\",\"providerNameSlug\":\"youtube\",\"responsive\":true,\"beyondwordsMarker\":\"3381b90d-d103-42f1-96cd-369e0874fd6a\",\"className\":\"wp-embed-aspect-16-9 wp-has-aspect-ratio\"} -->\n<figure class=\"wp-block-embed is-type-video is-provider-youtube wp-block-embed-youtube wp-embed-aspect-16-9 wp-has-aspect-ratio\"><div class=\"wp-block-embed__wrapper\">\nhttps:\/\/www.youtube.com\/watch?v=tXkvrjgm5T4\n<\/div><\/figure>\n<!-- \/wp:embed -->\n\n<!-- wp:tadv\/classic-paragraph {\"beyondwordsMarker\":\"0de3be97-d0ad-4281-a886-ab10ce68c34f\"} -->\n<p>A \u201evil\u00e1g v\u00e9g\u00e9n\u201d, a Szepess\u00e9g kell\u0151s k\u00f6zep\u00e9n tal\u00e1lhat\u00f3 a <strong><a href=\"http:\/\/www.brodok.sk\/\" target=\"_blank\" rel=\"noopener noreferrer\">Por\u00e1\u010d-Bodok<\/a> <\/strong>s\u00edk\u00f6zpont, 18 km-re Igl\u00f3t\u00f3l. Kiv\u00e1l\u00f3 lehet\u0151s\u00e9gek v\u00e1rnak itt a kezd\u0151k \u00e9s az ig\u00e9nyesek sz\u00e1m\u00e1ra is. A p\u00e1ly\u00e1kat h\u00f3\u00e1gy\u00fazz\u00e1k ls rendszeresen karbantartj\u00e1k. <strong>3 p\u00e1lya<\/strong> v\u00e1rja az idel\u00e1togat\u00f3kat, <strong>teljes hosszuk 1,23 km<\/strong>. A gyermekek sz\u00e1m\u00e1ra is akad b\u0151ven foglalkoz\u00e1s, hiszen a s\u00edsuli \u00e9s egy k\u00f6nny\u0171 p\u00e1lya kiv\u00e1l\u00f3 felt\u00e9teleket biztos\u00edt egy mini-s\u00edel\u00e9shez. A k\u00f6zeli Por\u00e1\u010d Parknak k\u00f6sz\u00f6nhet\u0151en pedig senki se marad \u00e9hen, se szomjan.<\/p>\n<!-- \/wp:tadv\/classic-paragraph -->\n\n<!-- wp:heading {\"beyondwordsMarker\":\"5c9b575f-9df9-4466-98aa-9f207c5fa7f6\"} -->\n<h2 class=\"wp-block-heading\"><strong>L, mint L\u0151cse, S mint s\u00edel\u00e9s<\/strong><\/h2>\n<!-- \/wp:heading -->\n\n<!-- wp:tadv\/classic-paragraph {\"beyondwordsMarker\":\"c8fd4512-1575-4e1d-9439-eb920ec82fd8\"} -->\n<p>L\u0151cse nem csak az eml\u00e9khelyekr\u0151l ismert, hanem a sportok miatt is! A <a href=\"https:\/\/www.levocskadolina.sk\/\" target=\"_blank\" rel=\"noopener noreferrer\"><strong>L\u0151csei-v\u00f6lgy<\/strong><\/a> s\u00edk\u00f6zpont az ig\u00e9nyes \u00e9s kezd\u0151 s\u00edel\u0151k sz\u00e1m\u00e1ra egyar\u00e1nt j\u00f3 v\u00e1laszt\u00e1s.<strong> 4 p\u00e1lya<\/strong> tal\u00e1lhat\u00f3 itt (<strong>gyermek 270m, verseny 850 m, csal\u00e1di 1.050m \u00e9s kombi 1.130m<\/strong>), ezeket rendszeresen karbantartj\u00e1k \u00e9s h\u00f3\u00e1gy\u00fazz\u00e1k. A t\u00e9li szezonban <strong>4 s\u00edfelvon\u00f3<\/strong> m\u0171k\u00f6dik. A s\u00edel\u0151ket ezenk\u00edv\u00fcl parkol\u00f3k, s\u00edsuli \u00e9s s\u00edovi, s\u00edk\u00f6lcs\u00f6nz\u0151 \u00e9s az esti \u00f3r\u00e1kban \u00e9jszakai s\u00edel\u00e9s is v\u00e1rja. A lejt\u0151k t\u00f6v\u00e9ben eg\u00e9sz nap \u00fczemel az \u00e9tterem \u00e9s a r\u00f6nkb\u00e1r. &nbsp;&nbsp;&nbsp;<\/p>\n<!-- \/wp:tadv\/classic-paragraph -->\n\n<!-- wp:image {\"id\":3054,\"beyondwordsMarker\":\"e76ac037-9508-4e6c-a4e8-10f3557aabf6\"} -->\n<figure class=\"wp-block-image\"><img src=\"https:\/\/www.kosiceregion.com\/wp-content\/uploads\/2020\/01\/Depositphotos_19915595_xl-2015-1024x1024.jpg\" alt=\"ly\u017eova\u010dka v Ko\u0161ickom kraji\" class=\"wp-image-3054\"\/><\/figure>\n<!-- \/wp:image -->\n\n<!-- wp:heading {\"beyondwordsMarker\":\"365e8d4c-a010-40f2-96d5-f70b8f09c04c\"} -->\n<h2 class=\"wp-block-heading\"><strong>Zempl\u00e9nben is lehet s\u00edelni<\/strong><\/h2>\n<!-- \/wp:heading -->\n\n<!-- wp:tadv\/classic-paragraph {\"beyondwordsMarker\":\"65244bc1-8f65-42dc-8f01-733337c7acc1\"} -->\n<p>A s\u00edfelvon\u00f3<a href=\"http:\/\/www.penzionopal.sk\/-lyziarske-stredisko\" target=\"_blank\" rel=\"noopener noreferrer\"><strong> Op\u00e1lhegy<\/strong><\/a> k\u00f6zs\u00e9gben tal\u00e1lhat\u00f3, mintegy 10 km-re a j\u00e1r\u00e1si sz\u00e9khelyt\u0151l, Varann\u00f3t\u00f3l. Ha a h\u00f3 adott, ide\u00e1lisak a felt\u00e9telek egy s\u00edkir\u00e1ndul\u00e1shoz. <strong>A n\u00e9gy p\u00e1lya, hosszuk \u00f6sszesen 1.850 km, \u00e9s a 100 m\u00e9tert<\/strong> is meghalad\u00f3 szintk\u00fcl\u00f6nbs\u00e9g minden bizonnyal kiad\u00f3 sportol\u00e1si lehet\u0151s\u00e9g. A lejt\u0151 a k\u00f6zpont als\u00f3 fel\u00e9ben m\u00e1r ink\u00e1bb enyh\u00e9bb, kezd\u0151knek \u00e9s gyerekeknek is megfelel\u0151. A fenti r\u00e9sz meredek, ez\u00e9rt&nbsp; csak a tapasztalt s\u00edel\u0151knek aj\u00e1nljuk.&nbsp;&nbsp;&nbsp;<\/p>\n<p>A felvon\u00f3kn\u00e1l van m\u00e9g s\u00edfelszerel\u00e9s-k\u00f6lcs\u00f6nz\u0151 \u00e9s b\u00fcf\u00e9, ahol felfriss\u00fclhet\u00fcnk. <strong>\u00d6sszesen 52 km hossz\u00fas\u00e1gban j\u00f3l karbantartott s\u00edfut\u00f3-p\u00e1ly\u00e1k is v\u00e1rj\u00e1k a l\u00e1togat\u00f3kat.<\/strong><\/p>\n<!-- \/wp:tadv\/classic-paragraph -->\n\n<!-- wp:separator {\"opacity\":\"css\",\"beyondwordsMarker\":\"b8f6b665-f1ee-4a8d-9d2a-704c49f26bb7\"} -->\n<hr class=\"wp-block-separator has-css-opacity\"\/>\n<!-- \/wp:separator -->\n\n<!-- wp:quote {\"beyondwordsMarker\":\"00ec6b35-2283-4f20-9d70-8fbfd490c72a\",\"className\":\"is-style-large\"} -->\n<blockquote class=\"wp-block-quote is-style-large\"><!-- wp:paragraph {\"beyondwordsMarker\":\"9bb7f82a-bc2a-477a-8041-6a74cbc2fcc2\"} -->\n<p><strong> Ha szeretne tov\u00e1bbi aj\u00e1nlatokat is a Kassai r\u00e9gi\u00f3ban, olvassa el a <a href=\"http:\/\/Ha szeretne tov\u00e1bbi aj\u00e1nlatokat is a Kassai r\u00e9gi\u00f3ban, olvassa el a Szepess\u00e9gben \u00e9s Zempl\u00e9nben tal\u00e1lhat\u00f3 lesikl\u00f3p\u00e1ly\u00e1kr\u00f3l sz\u00f3l\u00f3 cikk\u00fcnket is.\">Szepess\u00e9gben \u00e9s Zempl\u00e9nben tal\u00e1lhat\u00f3 lesikl\u00f3p\u00e1ly\u00e1kr\u00f3l sz\u00f3l\u00f3 cikk\u00fcnket is<\/a><\/strong>.<\/p>\n<!-- \/wp:paragraph --><\/blockquote>\n<!-- \/wp:quote -->","_hu_post_name":"hol-sielun-szepessegben-es-zemplenben","_hu_post_excerpt":"","_hu_post_title":"Hol s\u00edelj\u00fcnk a Szepess\u00e9gben \u00e9s Zempl\u00e9nben","_es_post_content":"","_es_post_name":"","_es_post_excerpt":"","_es_post_title":"","_de_post_content":"","_de_post_name":"","_de_post_excerpt":"","_de_post_title":"","_pl_post_content":"","_pl_post_name":"","_pl_post_excerpt":"","_pl_post_title":"","_it_post_content":"","_it_post_name":"","_it_post_excerpt":"","_it_post_title":"","edit_language":"sk","footnotes":""},"categories":[19],"tags":[237,235,229,236,234],"class_list":["post-3098","post","type-post","status-publish","format-standard","has-post-thumbnail","hentry","category-sport","tag-zimujem","tag-lyziarske-strediska","tag-zima","tag-zjazdove-lyzovanie","tag-zjazdovky"],"acf":[],"yoast_head":"<!-- This site is optimized with the Yoast SEO Premium plugin v25.5 (Yoast SEO v27.4) - https:\/\/yoast.com\/product\/yoast-seo-premium-wordpress\/ -->\n<title>Ko\u0161ice Regi\u00f3n<\/title>\n<meta name=\"description\" content=\"Nekone\u010dn\u00e9 \u010dakanie na v\u0161etko, dlh\u00e9 rady, pln\u00e9 zjazdovky, ceny vy\u0161\u0161ie ako v Alp\u00e1ch. \u017dia\u013e, aj tak\u00e1to je realita a sk\u00fasenosti ly\u017eiarov s ve\u013ek\u00fdmi a hojne nav\u0161tevovan\u00fdmi ly\u017eiarskymi strediskami na Slovensku.&nbsp; Ak aj vy patr\u00edte k\u2026\" \/>\n<meta name=\"robots\" content=\"index, follow, max-snippet:-1, max-image-preview:large, max-video-preview:-1\" \/>\n<link rel=\"canonical\" href=\"https:\/\/www.kosiceregion.com\/sk\/kam-na-lyzovacku-na-spisi-a-na-zempline\/\" \/>\n<meta property=\"og:locale\" content=\"sk_SK\" \/>\n<meta property=\"og:type\" content=\"article\" \/>\n<meta property=\"og:title\" content=\"Kam na ly\u017eova\u010dku na Spi\u0161i a na Zempl\u00edne\" \/>\n<meta property=\"og:description\" content=\"Nekone\u010dn\u00e9 \u010dakanie na v\u0161etko, dlh\u00e9 rady, pln\u00e9 zjazdovky, ceny vy\u0161\u0161ie ako v Alp\u00e1ch. \u017dia\u013e, aj tak\u00e1to je realita a sk\u00fasenosti ly\u017eiarov s ve\u013ek\u00fdmi a hojne\" \/>\n<meta property=\"og:url\" content=\"https:\/\/www.kosiceregion.com\/sk\/wp-json\/wp\/v2\/posts\/3098\" \/>\n<meta property=\"og:site_name\" content=\"Ko\u0161ice Regi\u00f3n\" \/>\n<meta property=\"article:publisher\" content=\"https:\/\/www.facebook.com\/kosiceregion\" \/>\n<meta property=\"article:published_time\" content=\"2020-01-14T09:59:55+00:00\" \/>\n<meta property=\"article:modified_time\" content=\"2024-11-11T09:05:03+00:00\" \/>\n<meta property=\"og:image\" content=\"https:\/\/www.kosiceregion.com\/wp-content\/uploads\/2020\/01\/Depositphotos_7782150_xl-2015.jpg\" \/>\n\t<meta property=\"og:image:width\" content=\"4992\" \/>\n\t<meta property=\"og:image:height\" content=\"3328\" \/>\n\t<meta property=\"og:image:type\" content=\"image\/jpeg\" \/>\n<meta name=\"author\" content=\"Viktor Wurm\" \/>\n<meta name=\"twitter:card\" content=\"summary_large_image\" \/>\n<meta name=\"twitter:creator\" content=\"@KOSICEREGION\" \/>\n<meta name=\"twitter:site\" content=\"@KOSICEREGION\" \/>\n<meta name=\"twitter:label1\" content=\"Autor\" \/>\n\t<meta name=\"twitter:data1\" content=\"Viktor Wurm\" \/>\n\t<meta name=\"twitter:label2\" content=\"Predpokladan\u00fd \u010das \u010d\u00edtania\" \/>\n\t<meta name=\"twitter:data2\" content=\"3 min\u00faty\" \/>\n<script type=\"application\/ld+json\" class=\"yoast-schema-graph\">{\"@context\":\"https:\\\/\\\/schema.org\",\"@graph\":[{\"@type\":\"Article\",\"@id\":\"https:\\\/\\\/www.kosiceregion.com\\\/sk\\\/kam-na-lyzovacku-na-spisi-a-na-zempline\\\/#article\",\"isPartOf\":{\"@id\":\"https:\\\/\\\/www.kosiceregion.com\\\/sk\\\/kam-na-lyzovacku-na-spisi-a-na-zempline\\\/\"},\"author\":{\"name\":\"Viktor Wurm\",\"@id\":\"https:\\\/\\\/www.kosiceregion.com\\\/#\\\/schema\\\/person\\\/6edc663d2cb6eb17e62cdd96a2e33b53\"},\"headline\":\"Kam na ly\u017eova\u010dku na Spi\u0161i a na Zempl\u00edne\",\"datePublished\":\"2020-01-14T09:59:55+00:00\",\"dateModified\":\"2024-11-11T09:05:03+00:00\",\"mainEntityOfPage\":{\"@id\":\"https:\\\/\\\/www.kosiceregion.com\\\/sk\\\/kam-na-lyzovacku-na-spisi-a-na-zempline\\\/\"},\"wordCount\":838,\"publisher\":{\"@id\":\"https:\\\/\\\/www.kosiceregion.com\\\/#organization\"},\"image\":{\"@id\":\"https:\\\/\\\/www.kosiceregion.com\\\/sk\\\/kam-na-lyzovacku-na-spisi-a-na-zempline\\\/#primaryimage\"},\"thumbnailUrl\":\"https:\\\/\\\/www.kosiceregion.com\\\/wp-content\\\/uploads\\\/2020\\\/01\\\/Depositphotos_7782150_xl-2015.jpg\",\"keywords\":[\"#zimujem\",\"ly\u017eiarske stredisk\u00e1\",\"zima\",\"zjazdov\u00e9 ly\u017eovanie\",\"zjazdovky\"],\"articleSection\":[\"\u0160port\"],\"inLanguage\":\"sk-SK\"},{\"@type\":\"WebPage\",\"@id\":\"https:\\\/\\\/www.kosiceregion.com\\\/sk\\\/kam-na-lyzovacku-na-spisi-a-na-zempline\\\/\",\"url\":\"https:\\\/\\\/www.kosiceregion.com\\\/sk\\\/kam-na-lyzovacku-na-spisi-a-na-zempline\\\/\",\"name\":\"Kam na ly\u017eova\u010dku na Spi\u0161i a na Zempl\u00edne - Ko\u0161ice Regi\u00f3n\",\"isPartOf\":{\"@id\":\"https:\\\/\\\/www.kosiceregion.com\\\/#website\"},\"primaryImageOfPage\":{\"@id\":\"https:\\\/\\\/www.kosiceregion.com\\\/sk\\\/kam-na-lyzovacku-na-spisi-a-na-zempline\\\/#primaryimage\"},\"image\":{\"@id\":\"https:\\\/\\\/www.kosiceregion.com\\\/sk\\\/kam-na-lyzovacku-na-spisi-a-na-zempline\\\/#primaryimage\"},\"thumbnailUrl\":\"https:\\\/\\\/www.kosiceregion.com\\\/wp-content\\\/uploads\\\/2020\\\/01\\\/Depositphotos_7782150_xl-2015.jpg\",\"datePublished\":\"2020-01-14T09:59:55+00:00\",\"dateModified\":\"2024-11-11T09:05:03+00:00\",\"description\":\"Nekone\u010dn\u00e9 \u010dakanie na v\u0161etko, dlh\u00e9 rady, pln\u00e9 zjazdovky, ceny vy\u0161\u0161ie ako v Alp\u00e1ch. \u017dia\u013e, aj tak\u00e1to je realita a sk\u00fasenosti ly\u017eiarov s ve\u013ek\u00fdmi a hojne\",\"breadcrumb\":{\"@id\":\"https:\\\/\\\/www.kosiceregion.com\\\/sk\\\/kam-na-lyzovacku-na-spisi-a-na-zempline\\\/#breadcrumb\"},\"inLanguage\":\"sk-SK\",\"potentialAction\":[{\"@type\":\"ReadAction\",\"target\":[\"https:\\\/\\\/www.kosiceregion.com\\\/sk\\\/kam-na-lyzovacku-na-spisi-a-na-zempline\\\/\"]}]},{\"@type\":\"ImageObject\",\"inLanguage\":\"sk-SK\",\"@id\":\"https:\\\/\\\/www.kosiceregion.com\\\/sk\\\/kam-na-lyzovacku-na-spisi-a-na-zempline\\\/#primaryimage\",\"url\":\"https:\\\/\\\/www.kosiceregion.com\\\/wp-content\\\/uploads\\\/2020\\\/01\\\/Depositphotos_7782150_xl-2015.jpg\",\"contentUrl\":\"https:\\\/\\\/www.kosiceregion.com\\\/wp-content\\\/uploads\\\/2020\\\/01\\\/Depositphotos_7782150_xl-2015.jpg\",\"width\":4992,\"height\":3328,\"caption\":\"ly\u017eova\u010dka Ko\u0161ick\u00fd kraj\"},{\"@type\":\"BreadcrumbList\",\"@id\":\"https:\\\/\\\/www.kosiceregion.com\\\/sk\\\/kam-na-lyzovacku-na-spisi-a-na-zempline\\\/#breadcrumb\",\"itemListElement\":[{\"@type\":\"ListItem\",\"position\":1,\"name\":\"Home\",\"item\":\"https:\\\/\\\/www.kosiceregion.com\\\/sk\\\/\"},{\"@type\":\"ListItem\",\"position\":2,\"name\":\"Kam na ly\u017eova\u010dku na Spi\u0161i a na Zempl\u00edne\"}]},{\"@type\":\"WebSite\",\"@id\":\"https:\\\/\\\/www.kosiceregion.com\\\/#website\",\"url\":\"https:\\\/\\\/www.kosiceregion.com\\\/\",\"name\":\"Ko\u0161ice Regi\u00f3n\",\"description\":\"Turistick\u00fd sprievodca Ko\u0161ick\u00fdm krajom\",\"publisher\":{\"@id\":\"https:\\\/\\\/www.kosiceregion.com\\\/#organization\"},\"potentialAction\":[{\"@type\":\"SearchAction\",\"target\":{\"@type\":\"EntryPoint\",\"urlTemplate\":\"https:\\\/\\\/www.kosiceregion.com\\\/?s={search_term_string}\"},\"query-input\":{\"@type\":\"PropertyValueSpecification\",\"valueRequired\":true,\"valueName\":\"search_term_string\"}}],\"inLanguage\":\"sk-SK\"},{\"@type\":\"Organization\",\"@id\":\"https:\\\/\\\/www.kosiceregion.com\\\/#organization\",\"name\":\"Ko\u0161ice Regi\u00f3n Turizmus\",\"url\":\"https:\\\/\\\/www.kosiceregion.com\\\/\",\"logo\":{\"@type\":\"ImageObject\",\"inLanguage\":\"sk-SK\",\"@id\":\"https:\\\/\\\/www.kosiceregion.com\\\/#\\\/schema\\\/logo\\\/image\\\/\",\"url\":\"https:\\\/\\\/www.kosiceregion.com\\\/wp-content\\\/uploads\\\/2019\\\/03\\\/logo-web-sk.png\",\"contentUrl\":\"https:\\\/\\\/www.kosiceregion.com\\\/wp-content\\\/uploads\\\/2019\\\/03\\\/logo-web-sk.png\",\"width\":225,\"height\":100,\"caption\":\"Ko\u0161ice Regi\u00f3n Turizmus\"},\"image\":{\"@id\":\"https:\\\/\\\/www.kosiceregion.com\\\/#\\\/schema\\\/logo\\\/image\\\/\"},\"sameAs\":[\"https:\\\/\\\/www.facebook.com\\\/kosiceregion\",\"https:\\\/\\\/x.com\\\/KOSICEREGION\",\"https:\\\/\\\/www.instagram.com\\\/kosiceregion\",\"https:\\\/\\\/www.youtube.com\\\/kosiceregion\"]},{\"@type\":\"Person\",\"@id\":\"https:\\\/\\\/www.kosiceregion.com\\\/#\\\/schema\\\/person\\\/6edc663d2cb6eb17e62cdd96a2e33b53\",\"name\":\"Viktor Wurm\",\"image\":{\"@type\":\"ImageObject\",\"inLanguage\":\"sk-SK\",\"@id\":\"https:\\\/\\\/secure.gravatar.com\\\/avatar\\\/ef6238603ec61ca9ce57c6e94cbce41d12a371c9a048501ae6ca8a34ac93a24c?s=96&d=mm&r=g\",\"url\":\"https:\\\/\\\/secure.gravatar.com\\\/avatar\\\/ef6238603ec61ca9ce57c6e94cbce41d12a371c9a048501ae6ca8a34ac93a24c?s=96&d=mm&r=g\",\"contentUrl\":\"https:\\\/\\\/secure.gravatar.com\\\/avatar\\\/ef6238603ec61ca9ce57c6e94cbce41d12a371c9a048501ae6ca8a34ac93a24c?s=96&d=mm&r=g\",\"caption\":\"Viktor Wurm\"}}]}<\/script>\n<!-- \/ Yoast SEO Premium plugin. -->","yoast_head_json":{"title":"Ko\u0161ice Regi\u00f3n","description":"Nekone\u010dn\u00e9 \u010dakanie na v\u0161etko, dlh\u00e9 rady, pln\u00e9 zjazdovky, ceny vy\u0161\u0161ie ako v Alp\u00e1ch. \u017dia\u013e, aj tak\u00e1to je realita a sk\u00fasenosti ly\u017eiarov s ve\u013ek\u00fdmi a hojne nav\u0161tevovan\u00fdmi ly\u017eiarskymi strediskami na Slovensku.&nbsp; Ak aj vy patr\u00edte k\u2026","robots":{"index":"index","follow":"follow","max-snippet":"max-snippet:-1","max-image-preview":"max-image-preview:large","max-video-preview":"max-video-preview:-1"},"canonical":"https:\/\/www.kosiceregion.com\/sk\/kam-na-lyzovacku-na-spisi-a-na-zempline\/","og_locale":"sk_SK","og_type":"article","og_title":"Kam na ly\u017eova\u010dku na Spi\u0161i a na Zempl\u00edne","og_description":"Nekone\u010dn\u00e9 \u010dakanie na v\u0161etko, dlh\u00e9 rady, pln\u00e9 zjazdovky, ceny vy\u0161\u0161ie ako v Alp\u00e1ch. \u017dia\u013e, aj tak\u00e1to je realita a sk\u00fasenosti ly\u017eiarov s ve\u013ek\u00fdmi a hojne","og_url":"https:\/\/www.kosiceregion.com\/sk\/wp-json\/wp\/v2\/posts\/3098","og_site_name":"Ko\u0161ice Regi\u00f3n","article_publisher":"https:\/\/www.facebook.com\/kosiceregion","article_published_time":"2020-01-14T09:59:55+00:00","article_modified_time":"2024-11-11T09:05:03+00:00","og_image":[{"width":4992,"height":3328,"url":"https:\/\/www.kosiceregion.com\/wp-content\/uploads\/2020\/01\/Depositphotos_7782150_xl-2015.jpg","type":"image\/jpeg"}],"author":"Viktor Wurm","twitter_card":"summary_large_image","twitter_creator":"@KOSICEREGION","twitter_site":"@KOSICEREGION","twitter_misc":{"Autor":"Viktor Wurm","Predpokladan\u00fd \u010das \u010d\u00edtania":"3 min\u00faty"},"schema":{"@context":"https:\/\/schema.org","@graph":[{"@type":"Article","@id":"https:\/\/www.kosiceregion.com\/sk\/kam-na-lyzovacku-na-spisi-a-na-zempline\/#article","isPartOf":{"@id":"https:\/\/www.kosiceregion.com\/sk\/kam-na-lyzovacku-na-spisi-a-na-zempline\/"},"author":{"name":"Viktor Wurm","@id":"https:\/\/www.kosiceregion.com\/#\/schema\/person\/6edc663d2cb6eb17e62cdd96a2e33b53"},"headline":"Kam na ly\u017eova\u010dku na Spi\u0161i a na Zempl\u00edne","datePublished":"2020-01-14T09:59:55+00:00","dateModified":"2024-11-11T09:05:03+00:00","mainEntityOfPage":{"@id":"https:\/\/www.kosiceregion.com\/sk\/kam-na-lyzovacku-na-spisi-a-na-zempline\/"},"wordCount":838,"publisher":{"@id":"https:\/\/www.kosiceregion.com\/#organization"},"image":{"@id":"https:\/\/www.kosiceregion.com\/sk\/kam-na-lyzovacku-na-spisi-a-na-zempline\/#primaryimage"},"thumbnailUrl":"https:\/\/www.kosiceregion.com\/wp-content\/uploads\/2020\/01\/Depositphotos_7782150_xl-2015.jpg","keywords":["#zimujem","ly\u017eiarske stredisk\u00e1","zima","zjazdov\u00e9 ly\u017eovanie","zjazdovky"],"articleSection":["\u0160port"],"inLanguage":"sk-SK"},{"@type":"WebPage","@id":"https:\/\/www.kosiceregion.com\/sk\/kam-na-lyzovacku-na-spisi-a-na-zempline\/","url":"https:\/\/www.kosiceregion.com\/sk\/kam-na-lyzovacku-na-spisi-a-na-zempline\/","name":"Kam na ly\u017eova\u010dku na Spi\u0161i a na Zempl\u00edne - Ko\u0161ice Regi\u00f3n","isPartOf":{"@id":"https:\/\/www.kosiceregion.com\/#website"},"primaryImageOfPage":{"@id":"https:\/\/www.kosiceregion.com\/sk\/kam-na-lyzovacku-na-spisi-a-na-zempline\/#primaryimage"},"image":{"@id":"https:\/\/www.kosiceregion.com\/sk\/kam-na-lyzovacku-na-spisi-a-na-zempline\/#primaryimage"},"thumbnailUrl":"https:\/\/www.kosiceregion.com\/wp-content\/uploads\/2020\/01\/Depositphotos_7782150_xl-2015.jpg","datePublished":"2020-01-14T09:59:55+00:00","dateModified":"2024-11-11T09:05:03+00:00","description":"Nekone\u010dn\u00e9 \u010dakanie na v\u0161etko, dlh\u00e9 rady, pln\u00e9 zjazdovky, ceny vy\u0161\u0161ie ako v Alp\u00e1ch. \u017dia\u013e, aj tak\u00e1to je realita a sk\u00fasenosti ly\u017eiarov s ve\u013ek\u00fdmi a hojne","breadcrumb":{"@id":"https:\/\/www.kosiceregion.com\/sk\/kam-na-lyzovacku-na-spisi-a-na-zempline\/#breadcrumb"},"inLanguage":"sk-SK","potentialAction":[{"@type":"ReadAction","target":["https:\/\/www.kosiceregion.com\/sk\/kam-na-lyzovacku-na-spisi-a-na-zempline\/"]}]},{"@type":"ImageObject","inLanguage":"sk-SK","@id":"https:\/\/www.kosiceregion.com\/sk\/kam-na-lyzovacku-na-spisi-a-na-zempline\/#primaryimage","url":"https:\/\/www.kosiceregion.com\/wp-content\/uploads\/2020\/01\/Depositphotos_7782150_xl-2015.jpg","contentUrl":"https:\/\/www.kosiceregion.com\/wp-content\/uploads\/2020\/01\/Depositphotos_7782150_xl-2015.jpg","width":4992,"height":3328,"caption":"ly\u017eova\u010dka Ko\u0161ick\u00fd kraj"},{"@type":"BreadcrumbList","@id":"https:\/\/www.kosiceregion.com\/sk\/kam-na-lyzovacku-na-spisi-a-na-zempline\/#breadcrumb","itemListElement":[{"@type":"ListItem","position":1,"name":"Home","item":"https:\/\/www.kosiceregion.com\/sk\/"},{"@type":"ListItem","position":2,"name":"Kam na ly\u017eova\u010dku na Spi\u0161i a na Zempl\u00edne"}]},{"@type":"WebSite","@id":"https:\/\/www.kosiceregion.com\/#website","url":"https:\/\/www.kosiceregion.com\/","name":"Ko\u0161ice Regi\u00f3n","description":"Turistick\u00fd sprievodca Ko\u0161ick\u00fdm krajom","publisher":{"@id":"https:\/\/www.kosiceregion.com\/#organization"},"potentialAction":[{"@type":"SearchAction","target":{"@type":"EntryPoint","urlTemplate":"https:\/\/www.kosiceregion.com\/?s={search_term_string}"},"query-input":{"@type":"PropertyValueSpecification","valueRequired":true,"valueName":"search_term_string"}}],"inLanguage":"sk-SK"},{"@type":"Organization","@id":"https:\/\/www.kosiceregion.com\/#organization","name":"Ko\u0161ice Regi\u00f3n Turizmus","url":"https:\/\/www.kosiceregion.com\/","logo":{"@type":"ImageObject","inLanguage":"sk-SK","@id":"https:\/\/www.kosiceregion.com\/#\/schema\/logo\/image\/","url":"https:\/\/www.kosiceregion.com\/wp-content\/uploads\/2019\/03\/logo-web-sk.png","contentUrl":"https:\/\/www.kosiceregion.com\/wp-content\/uploads\/2019\/03\/logo-web-sk.png","width":225,"height":100,"caption":"Ko\u0161ice Regi\u00f3n Turizmus"},"image":{"@id":"https:\/\/www.kosiceregion.com\/#\/schema\/logo\/image\/"},"sameAs":["https:\/\/www.facebook.com\/kosiceregion","https:\/\/x.com\/KOSICEREGION","https:\/\/www.instagram.com\/kosiceregion","https:\/\/www.youtube.com\/kosiceregion"]},{"@type":"Person","@id":"https:\/\/www.kosiceregion.com\/#\/schema\/person\/6edc663d2cb6eb17e62cdd96a2e33b53","name":"Viktor Wurm","image":{"@type":"ImageObject","inLanguage":"sk-SK","@id":"https:\/\/secure.gravatar.com\/avatar\/ef6238603ec61ca9ce57c6e94cbce41d12a371c9a048501ae6ca8a34ac93a24c?s=96&d=mm&r=g","url":"https:\/\/secure.gravatar.com\/avatar\/ef6238603ec61ca9ce57c6e94cbce41d12a371c9a048501ae6ca8a34ac93a24c?s=96&d=mm&r=g","contentUrl":"https:\/\/secure.gravatar.com\/avatar\/ef6238603ec61ca9ce57c6e94cbce41d12a371c9a048501ae6ca8a34ac93a24c?s=96&d=mm&r=g","caption":"Viktor Wurm"}}]}},"_links":{"self":[{"href":"https:\/\/www.kosiceregion.com\/sk\/wp-json\/wp\/v2\/posts\/3098","targetHints":{"allow":["GET"]}}],"collection":[{"href":"https:\/\/www.kosiceregion.com\/sk\/wp-json\/wp\/v2\/posts"}],"about":[{"href":"https:\/\/www.kosiceregion.com\/sk\/wp-json\/wp\/v2\/types\/post"}],"author":[{"embeddable":true,"href":"https:\/\/www.kosiceregion.com\/sk\/wp-json\/wp\/v2\/users\/4"}],"replies":[{"embeddable":true,"href":"https:\/\/www.kosiceregion.com\/sk\/wp-json\/wp\/v2\/comments?post=3098"}],"version-history":[{"count":6,"href":"https:\/\/www.kosiceregion.com\/sk\/wp-json\/wp\/v2\/posts\/3098\/revisions"}],"predecessor-version":[{"id":13423,"href":"https:\/\/www.kosiceregion.com\/sk\/wp-json\/wp\/v2\/posts\/3098\/revisions\/13423"}],"wp:featuredmedia":[{"embeddable":true,"href":"https:\/\/www.kosiceregion.com\/sk\/wp-json\/wp\/v2\/media\/3055"}],"wp:attachment":[{"href":"https:\/\/www.kosiceregion.com\/sk\/wp-json\/wp\/v2\/media?parent=3098"}],"wp:term":[{"taxonomy":"category","embeddable":true,"href":"https:\/\/www.kosiceregion.com\/sk\/wp-json\/wp\/v2\/categories?post=3098"},{"taxonomy":"post_tag","embeddable":true,"href":"https:\/\/www.kosiceregion.com\/sk\/wp-json\/wp\/v2\/tags?post=3098"}],"curies":[{"name":"wp","href":"https:\/\/api.w.org\/{rel}","templated":true}]}}