{"id":3267,"date":"2020-04-02T14:59:44","date_gmt":"2020-04-02T12:59:44","guid":{"rendered":"https:\/\/www.kosiceregion.com\/sk\/?p=3267"},"modified":"2020-05-25T12:05:28","modified_gmt":"2020-05-25T10:05:28","slug":"spoznajte-miesta-o-ktorych-ste-ani-nechyrovali","status":"publish","type":"post","link":"https:\/\/www.kosiceregion.com\/sk\/spoznajte-miesta-o-ktorych-ste-ani-nechyrovali\/","title":{"rendered":"Spoznajte miesta, o ktor\u00fdch ste ani nechyrovali"},"content":{"rendered":"\n<p>V ka\u017edej destin\u00e1cii existuj\u00fa lokality, ktor\u00e9 s\u00fa notoricky zn\u00e1me a nav\u0161t\u00edvi\u0165 ich sa jav\u00ed priam ako povinnos\u0165 ka\u017ed\u00e9ho cestovate\u013ea. Pritom si ich e\u0161te pred cestou stihnete poobzera\u0165 z ka\u017edej strany v\u010faka mo\u017enostiam internetu.<\/p>\n<p>Ak v\u0161ak rad\u0161ej kr\u00e1\u010date mimo main-streamu, m\u00e1me pre v\u00e1s tipy na miesta, z ktor\u00fdch mnoh\u00e9 <strong>nepozn\u00e1 ani Tripadvisor<\/strong>.<\/p>\n\n\n\n<hr class=\"wp-block-separator\"\/>\n\n\n\n<h2 class=\"wp-block-heading\">Tis\u00edcro\u010dn\u00e1 kaplnka v Ilia\u0161ovciach<\/h2>\n\n\n\n<p>V&nbsp;druhej polovici 18. storo\u010dia <strong>nad obcou Ilia\u0161ovce<\/strong> vyr\u00e1stol osvietensk\u00fd skvost. Letohrad Sans Souci bol ak\u00fdmsi barokov\u00fdm z\u00e1bavn\u00fdm parkom pre \u0161irok\u00e9 okolie. Tis\u00edcro\u010dn\u00e1 kaplnka je dnes, najm\u00e4 v\u010faka snahe miestnych obyvate\u013eov, jedinou spomienkou na majest\u00e1tny are\u00e1l.<\/p>\n\n\n\n<figure class=\"wp-block-image size-full\"><img decoding=\"async\" width=\"1067\" height=\"717\" src=\"https:\/\/www.kosiceregion.com\/wp-content\/uploads\/2020\/04\/maxresdefault.jpg\" alt=\"tis\u00edcro\u010dn\u00e1 kaplnka\" class=\"wp-image-3269\" srcset=\"https:\/\/www.kosiceregion.com\/wp-content\/uploads\/2020\/04\/maxresdefault.jpg 1067w, https:\/\/www.kosiceregion.com\/wp-content\/uploads\/2020\/04\/maxresdefault-300x202.jpg 300w, https:\/\/www.kosiceregion.com\/wp-content\/uploads\/2020\/04\/maxresdefault-1024x688.jpg 1024w, https:\/\/www.kosiceregion.com\/wp-content\/uploads\/2020\/04\/maxresdefault-768x516.jpg 768w\" sizes=\"(max-width: 1067px) 100vw, 1067px\" \/><\/figure>\n\n\n\n<h2 class=\"wp-block-heading\">Margeciansky tunel<\/h2>\n\n\n\n<p>Ak si chcete z&nbsp;va\u0161ej n\u00e1v\u0161tevy Ko\u0161ick\u00e9ho kraja odnies\u0165 skuto\u010dne zauj\u00edmav\u00fa fotku, zamierte do Margecianskeho tunela. Ojedinel\u00e1 technick\u00e1 <strong>pamiatka z&nbsp;roku 1872<\/strong> pon\u00faka \u00fa\u017easn\u00fa kulisu, ktorej majest\u00e1t e\u0161te viac zv\u00fdrazn\u00ed hra svetla obklopen\u00e9ho tmav\u00fdmi skalami.<\/p>\n\n\n\n<figure class=\"wp-block-image size-full\"><img decoding=\"async\" width=\"768\" height=\"960\" src=\"https:\/\/www.kosiceregion.com\/wp-content\/uploads\/2020\/04\/Vy\u0301sledne\u0301-foto-osvetlenia-tunela-prevzate\u0301-s-Facebooku.jpg\" alt=\"margeciansky tunel\" class=\"wp-image-3275\" srcset=\"https:\/\/www.kosiceregion.com\/wp-content\/uploads\/2020\/04\/Vy\u0301sledne\u0301-foto-osvetlenia-tunela-prevzate\u0301-s-Facebooku.jpg 768w, https:\/\/www.kosiceregion.com\/wp-content\/uploads\/2020\/04\/Vy\u0301sledne\u0301-foto-osvetlenia-tunela-prevzate\u0301-s-Facebooku-240x300.jpg 240w\" sizes=\"(max-width: 768px) 100vw, 768px\" \/><\/figure>\n\n\n\n<h2 class=\"wp-block-heading\">Gran\u00e1rium v Jablonove nad Tur\u0148ou<\/h2>\n\n\n\n<p>Vychutnajte si typick\u00e9 \u013eudov\u00e9 jedl\u00e1 pripraven\u00e9 pod\u013ea tradi\u010dnej recept\u00fary, na ohni a&nbsp;v&nbsp;pieckach. Gastronomick\u00fd <a href=\"https:\/\/www.kosiceregion.com\/sk\/poi\/granarium-sypka-s-vinnou-pivnicou-jablonov-nturnou\/\">z\u00e1\u017eitok<\/a> v&nbsp;Gran\u00e1riu v&nbsp;Jablonove nad Tur\u0148ou umocn\u00ed atmosf\u00e9ra <strong>b\u00fdvalej s\u00fdpky zo 17. storo\u010dia<\/strong>.<\/p>\n\n\n\n<h2 class=\"wp-block-heading\">Kl\u00e1\u0161tor premon\u0161tr\u00e1tov v Jasove<\/h2>\n\n\n\n<p>Najv\u00e4\u010d\u0161\u00ed neskorobarokov\u00fd <a href=\"https:\/\/www.kosiceregion.com\/sk\/poi\/premonstratsky-klastor-jasov\/\">kl\u00e1\u0161tor<\/a> na Slovensku je tie\u017e architektonick\u00fdm synonymom plynutia \u010dasu. Kl\u00e1\u0161tor premon\u0161tr\u00e1tov v&nbsp;Jasove m\u00e1 365 okien (ako dn\u00ed v&nbsp;roku), 12 ve\u013ek\u00fdch kom\u00ednov (ako po\u010det mesiacov) a&nbsp;4 vchody (ako ro\u010dn\u00e9 obdobia). Okrem toho <strong>ukr\u00fdva jednu z najvz\u00e1cnej\u0161\u00edch kni\u017en\u00edc<\/strong> na Slovensku, v&nbsp;ktorej sa nach\u00e1dza a\u017e 80.000 zv\u00e4zkov<\/p>\n\n\n\n<figure class=\"wp-block-image size-full\"><img decoding=\"async\" width=\"1920\" height=\"1280\" src=\"https:\/\/www.kosiceregion.com\/wp-content\/uploads\/2020\/04\/JASOVSKY_KLASTOR_ILU-3.jpg\" alt=\"Kl\u00e1\u0161tor premon\u0161tr\u00e1tov jasov\" class=\"wp-image-3270\" srcset=\"https:\/\/www.kosiceregion.com\/wp-content\/uploads\/2020\/04\/JASOVSKY_KLASTOR_ILU-3.jpg 1920w, https:\/\/www.kosiceregion.com\/wp-content\/uploads\/2020\/04\/JASOVSKY_KLASTOR_ILU-3-300x200.jpg 300w, https:\/\/www.kosiceregion.com\/wp-content\/uploads\/2020\/04\/JASOVSKY_KLASTOR_ILU-3-1024x683.jpg 1024w, https:\/\/www.kosiceregion.com\/wp-content\/uploads\/2020\/04\/JASOVSKY_KLASTOR_ILU-3-768x512.jpg 768w, https:\/\/www.kosiceregion.com\/wp-content\/uploads\/2020\/04\/JASOVSKY_KLASTOR_ILU-3-1536x1024.jpg 1536w\" sizes=\"(max-width: 1920px) 100vw, 1920px\" \/><\/figure>\n\n\n\n<h2 class=\"wp-block-heading\">Ag\u00e1tov\u00fd h\u00e1j v Malom Hore\u0161i<\/h2>\n\n\n\n<p>Dedinka Mal\u00fd Hore\u0161 ukr\u00fdva vz\u00e1cne z\u00e1ti\u0161ie, ktor\u00e9 je obzvl\u00e1\u0161\u0165 romantick\u00e9 v&nbsp;m\u00e1ji. V&nbsp;Ag\u00e1tovom h\u00e1ji n\u00e1jdete stovky tufov\u00fdch pivn\u00edc zasaden\u00fdch do ter\u00e9nu. Kedysi sl\u00fa\u017eili miestnym obyvate\u013eom ako <strong>\u00fakryt pred vp\u00e1dmi Tatarov<\/strong>. Dnes v&nbsp;nich dozrieva skvel\u00e9 <strong>natur\u00e1lne v\u00edno<\/strong> men\u0161\u00edch lok\u00e1lnych producentov.<\/p>\n\n\n\n<figure class=\"wp-block-image size-full\"><img decoding=\"async\" width=\"1920\" height=\"1280\" src=\"https:\/\/www.kosiceregion.com\/wp-content\/uploads\/2020\/04\/IMG_9086.jpg\" alt=\"mal\u00fd hore\u0161 ag\u00e1tov\u00fd h\u00e1j\" class=\"wp-image-3272\" srcset=\"https:\/\/www.kosiceregion.com\/wp-content\/uploads\/2020\/04\/IMG_9086.jpg 1920w, https:\/\/www.kosiceregion.com\/wp-content\/uploads\/2020\/04\/IMG_9086-300x200.jpg 300w, https:\/\/www.kosiceregion.com\/wp-content\/uploads\/2020\/04\/IMG_9086-1024x683.jpg 1024w, https:\/\/www.kosiceregion.com\/wp-content\/uploads\/2020\/04\/IMG_9086-768x512.jpg 768w, https:\/\/www.kosiceregion.com\/wp-content\/uploads\/2020\/04\/IMG_9086-1536x1024.jpg 1536w\" sizes=\"(max-width: 1920px) 100vw, 1920px\" \/><\/figure>\n\n\n\n<h2 class=\"wp-block-heading\">Birdwatching na Senianskych rybn\u00edkoch<\/h2>\n\n\n\n<p>N\u00e1rodn\u00e1 pr\u00edrodn\u00e1 rezerv\u00e1cia Senianske rybn\u00edky je zn\u00e1ma aj ako vt\u00e1\u010d\u00ed raj. Pr\u00e1ve preto s\u00fa vyh\u013ead\u00e1vanou lokalitou v\u0161etk\u00fdch milovn\u00edkov <strong>birdwatchingu<\/strong>. U\u017eite si prav\u00fd cestovate\u013esk\u00fd z\u00e1\u017eitok a&nbsp;pozorujte ladn\u00e9 pohyby operencov br\u00e1zdiacich oblohu nad vami.<\/p>\n\n\n\n<figure class=\"wp-block-image size-full\"><img decoding=\"async\" width=\"1175\" height=\"1313\" src=\"https:\/\/www.kosiceregion.com\/wp-content\/uploads\/2020\/04\/Senianske-rybni\u0301ky_pozorovacia-vez\u030ca-na-na\u0301uc\u030cnom-chodni\u0301ku_autor-archi\u0301v-SOSBirdLife-Slovensko.jpg\" alt=\"senianske rybn\u00edky pozorovanie vt\u00e1ctva birdwatching\" class=\"wp-image-3273\" srcset=\"https:\/\/www.kosiceregion.com\/wp-content\/uploads\/2020\/04\/Senianske-rybni\u0301ky_pozorovacia-vez\u030ca-na-na\u0301uc\u030cnom-chodni\u0301ku_autor-archi\u0301v-SOSBirdLife-Slovensko.jpg 1175w, https:\/\/www.kosiceregion.com\/wp-content\/uploads\/2020\/04\/Senianske-rybni\u0301ky_pozorovacia-vez\u030ca-na-na\u0301uc\u030cnom-chodni\u0301ku_autor-archi\u0301v-SOSBirdLife-Slovensko-268x300.jpg 268w, https:\/\/www.kosiceregion.com\/wp-content\/uploads\/2020\/04\/Senianske-rybni\u0301ky_pozorovacia-vez\u030ca-na-na\u0301uc\u030cnom-chodni\u0301ku_autor-archi\u0301v-SOSBirdLife-Slovensko-916x1024.jpg 916w, https:\/\/www.kosiceregion.com\/wp-content\/uploads\/2020\/04\/Senianske-rybni\u0301ky_pozorovacia-vez\u030ca-na-na\u0301uc\u030cnom-chodni\u0301ku_autor-archi\u0301v-SOSBirdLife-Slovensko-768x858.jpg 768w\" sizes=\"(max-width: 1175px) 100vw, 1175px\" \/><\/figure>\n\n\n\n<h2 class=\"wp-block-heading\">Be\u0148atinsk\u00fd lom<\/h2>\n\n\n\n<p>N\u00e1dhern\u00e9 tyrkysov\u00e9 jazierko vzniklo vyrazen\u00edm spodnej vody po zastaven\u00ed \u0165a\u017eby v&nbsp;b\u00fdvalom lome pri obci Be\u0148atina. Jedna zo stien lomu navy\u0161e ukr\u00fdva mystick\u00fa z\u00e1hadu \u2013 <strong>zbad\u00e1te pribli\u017ene p\u00e4\u0165metrov\u00fa ve\u013erybu<\/strong> aj vy?<\/p>\n\n\n\n<figure class=\"wp-block-image size-full\"><img decoding=\"async\" width=\"1707\" height=\"1280\" src=\"https:\/\/www.kosiceregion.com\/wp-content\/uploads\/2020\/04\/DJI_0555.jpg\" alt=\"be\u0148atina lom jazierko\" class=\"wp-image-3274\" srcset=\"https:\/\/www.kosiceregion.com\/wp-content\/uploads\/2020\/04\/DJI_0555.jpg 1707w, https:\/\/www.kosiceregion.com\/wp-content\/uploads\/2020\/04\/DJI_0555-300x225.jpg 300w, https:\/\/www.kosiceregion.com\/wp-content\/uploads\/2020\/04\/DJI_0555-1024x768.jpg 1024w, https:\/\/www.kosiceregion.com\/wp-content\/uploads\/2020\/04\/DJI_0555-768x576.jpg 768w, https:\/\/www.kosiceregion.com\/wp-content\/uploads\/2020\/04\/DJI_0555-1536x1152.jpg 1536w\" sizes=\"(max-width: 1707px) 100vw, 1707px\" \/><\/figure>\n","protected":false},"excerpt":{"rendered":"<p>H\u013ead\u00e1te miesta, ktor\u00e9 nepoznaj\u00fa ani najprest\u00ed\u017enej\u0161ie cestovate\u013esk\u00e9 port\u00e1ly? Objavte v\u010faka n\u00e1m menej zn\u00e1me lokality ur\u010den\u00e9 pre skuto\u010dn\u00fdch cestovate\u013eov.<\/p>\n","protected":false},"author":4,"featured_media":3268,"comment_status":"closed","ping_status":"closed","sticky":false,"template":"","format":"standard","meta":{"_acf_changed":false,"_sk_post_content":"<!-- wp:tadv\/classic-paragraph -->\n<p>V ka\u017edej destin\u00e1cii existuj\u00fa lokality, ktor\u00e9 s\u00fa notoricky zn\u00e1me a nav\u0161t\u00edvi\u0165 ich sa jav\u00ed priam ako povinnos\u0165 ka\u017ed\u00e9ho cestovate\u013ea. Pritom si ich e\u0161te pred cestou stihnete poobzera\u0165 z ka\u017edej strany v\u010faka mo\u017enostiam internetu.<\/p>\n<p>Ak v\u0161ak rad\u0161ej kr\u00e1\u010date mimo main-streamu, m\u00e1me pre v\u00e1s tipy na miesta, z ktor\u00fdch mnoh\u00e9 <strong>nepozn\u00e1 ani Tripadvisor<\/strong>.<\/p>\n<!-- \/wp:tadv\/classic-paragraph -->\n\n<!-- wp:separator -->\n<hr class=\"wp-block-separator\"\/>\n<!-- \/wp:separator -->\n\n<!-- wp:heading -->\n<h2>Tis\u00edcro\u010dn\u00e1 kaplnka v Ilia\u0161ovciach<\/h2>\n<!-- \/wp:heading -->\n\n<!-- wp:tadv\/classic-paragraph -->\n<p>V&nbsp;druhej polovici 18. storo\u010dia <strong>nad obcou Ilia\u0161ovce<\/strong> vyr\u00e1stol osvietensk\u00fd skvost. Letohrad Sans Souci bol ak\u00fdmsi barokov\u00fdm z\u00e1bavn\u00fdm parkom pre \u0161irok\u00e9 okolie. Tis\u00edcro\u010dn\u00e1 kaplnka je dnes, najm\u00e4 v\u010faka snahe miestnych obyvate\u013eov, jedinou spomienkou na majest\u00e1tny are\u00e1l.<\/p>\n<!-- \/wp:tadv\/classic-paragraph -->\n\n<!-- wp:image {\"id\":3269,\"sizeSlug\":\"full\"} -->\n<figure class=\"wp-block-image size-full\"><img src=\"https:\/\/www.kosiceregion.com\/wp-content\/uploads\/2020\/04\/maxresdefault.jpg\" alt=\"tis\u00edcro\u010dn\u00e1 kaplnka\" class=\"wp-image-3269\"\/><\/figure>\n<!-- \/wp:image -->\n\n<!-- wp:heading -->\n<h2>Margeciansky tunel<\/h2>\n<!-- \/wp:heading -->\n\n<!-- wp:tadv\/classic-paragraph -->\n<p>Ak si chcete z&nbsp;va\u0161ej n\u00e1v\u0161tevy Ko\u0161ick\u00e9ho kraja odnies\u0165 skuto\u010dne zauj\u00edmav\u00fa fotku, zamierte do Margecianskeho tunela. Ojedinel\u00e1 technick\u00e1 <strong>pamiatka z&nbsp;roku 1872<\/strong> pon\u00faka \u00fa\u017easn\u00fa kulisu, ktorej majest\u00e1t e\u0161te viac zv\u00fdrazn\u00ed hra svetla obklopen\u00e9ho tmav\u00fdmi skalami.<\/p>\n<!-- \/wp:tadv\/classic-paragraph -->\n\n<!-- wp:image {\"id\":3275,\"sizeSlug\":\"full\"} -->\n<figure class=\"wp-block-image size-full\"><img src=\"https:\/\/www.kosiceregion.com\/wp-content\/uploads\/2020\/04\/Vy\u0301sledne\u0301-foto-osvetlenia-tunela-prevzate\u0301-s-Facebooku.jpg\" alt=\"margeciansky tunel\" class=\"wp-image-3275\"\/><\/figure>\n<!-- \/wp:image -->\n\n<!-- wp:heading -->\n<h2>Gran\u00e1rium v Jablonove nad Tur\u0148ou<\/h2>\n<!-- \/wp:heading -->\n\n<!-- wp:tadv\/classic-paragraph -->\n<p>Vychutnajte si typick\u00e9 \u013eudov\u00e9 jedl\u00e1 pripraven\u00e9 pod\u013ea tradi\u010dnej recept\u00fary, na ohni a&nbsp;v&nbsp;pieckach. Gastronomick\u00fd <a href=\"https:\/\/www.kosiceregion.com\/sk\/poi\/granarium-sypka-s-vinnou-pivnicou-jablonov-nturnou\/\">z\u00e1\u017eitok<\/a> v&nbsp;Gran\u00e1riu v&nbsp;Jablonove nad Tur\u0148ou umocn\u00ed atmosf\u00e9ra <strong>b\u00fdvalej s\u00fdpky zo 17. storo\u010dia<\/strong>.<\/p>\n<!-- \/wp:tadv\/classic-paragraph -->\n\n<!-- wp:heading -->\n<h2>Kl\u00e1\u0161tor premon\u0161tr\u00e1tov v Jasove<\/h2>\n<!-- \/wp:heading -->\n\n<!-- wp:tadv\/classic-paragraph -->\n<p>Najv\u00e4\u010d\u0161\u00ed neskorobarokov\u00fd <a href=\"https:\/\/www.kosiceregion.com\/sk\/poi\/premonstratsky-klastor-jasov\/\">kl\u00e1\u0161tor<\/a> na Slovensku je tie\u017e architektonick\u00fdm synonymom plynutia \u010dasu. Kl\u00e1\u0161tor premon\u0161tr\u00e1tov v&nbsp;Jasove m\u00e1 365 okien (ako dn\u00ed v&nbsp;roku), 12 ve\u013ek\u00fdch kom\u00ednov (ako po\u010det mesiacov) a&nbsp;4 vchody (ako ro\u010dn\u00e9 obdobia). Okrem toho <strong>ukr\u00fdva jednu z najvz\u00e1cnej\u0161\u00edch kni\u017en\u00edc<\/strong> na Slovensku, v&nbsp;ktorej sa nach\u00e1dza a\u017e 80.000 zv\u00e4zkov<\/p>\n<!-- \/wp:tadv\/classic-paragraph -->\n\n<!-- wp:image {\"id\":3270,\"sizeSlug\":\"full\"} -->\n<figure class=\"wp-block-image size-full\"><img src=\"https:\/\/www.kosiceregion.com\/wp-content\/uploads\/2020\/04\/JASOVSKY_KLASTOR_ILU-3.jpg\" alt=\"Kl\u00e1\u0161tor premon\u0161tr\u00e1tov jasov\" class=\"wp-image-3270\"\/><\/figure>\n<!-- \/wp:image -->\n\n<!-- wp:heading -->\n<h2>Ag\u00e1tov\u00fd h\u00e1j v Malom Hore\u0161i<\/h2>\n<!-- \/wp:heading -->\n\n<!-- wp:tadv\/classic-paragraph -->\n<p>Dedinka Mal\u00fd Hore\u0161 ukr\u00fdva vz\u00e1cne z\u00e1ti\u0161ie, ktor\u00e9 je obzvl\u00e1\u0161\u0165 romantick\u00e9 v&nbsp;m\u00e1ji. V&nbsp;Ag\u00e1tovom h\u00e1ji n\u00e1jdete stovky tufov\u00fdch pivn\u00edc zasaden\u00fdch do ter\u00e9nu. Kedysi sl\u00fa\u017eili miestnym obyvate\u013eom ako <strong>\u00fakryt pred vp\u00e1dmi Tatarov<\/strong>. Dnes v&nbsp;nich dozrieva skvel\u00e9 <strong>natur\u00e1lne v\u00edno<\/strong> men\u0161\u00edch lok\u00e1lnych producentov.<\/p>\n<!-- \/wp:tadv\/classic-paragraph -->\n\n<!-- wp:image {\"id\":3272,\"sizeSlug\":\"full\"} -->\n<figure class=\"wp-block-image size-full\"><img src=\"https:\/\/www.kosiceregion.com\/wp-content\/uploads\/2020\/04\/IMG_9086.jpg\" alt=\"mal\u00fd hore\u0161 ag\u00e1tov\u00fd h\u00e1j\" class=\"wp-image-3272\"\/><\/figure>\n<!-- \/wp:image -->\n\n<!-- wp:heading -->\n<h2>Birdwatching na Senianskych rybn\u00edkoch<\/h2>\n<!-- \/wp:heading -->\n\n<!-- wp:tadv\/classic-paragraph -->\n<p>N\u00e1rodn\u00e1 pr\u00edrodn\u00e1 rezerv\u00e1cia Senianske rybn\u00edky je zn\u00e1ma aj ako vt\u00e1\u010d\u00ed raj. Pr\u00e1ve preto s\u00fa vyh\u013ead\u00e1vanou lokalitou v\u0161etk\u00fdch milovn\u00edkov <strong>birdwatchingu<\/strong>. U\u017eite si prav\u00fd cestovate\u013esk\u00fd z\u00e1\u017eitok a&nbsp;pozorujte ladn\u00e9 pohyby operencov br\u00e1zdiacich oblohu nad vami.<\/p>\n<!-- \/wp:tadv\/classic-paragraph -->\n\n<!-- wp:image {\"id\":3273,\"sizeSlug\":\"full\"} -->\n<figure class=\"wp-block-image size-full\"><img src=\"https:\/\/www.kosiceregion.com\/wp-content\/uploads\/2020\/04\/Senianske-rybni\u0301ky_pozorovacia-vez\u030ca-na-na\u0301uc\u030cnom-chodni\u0301ku_autor-archi\u0301v-SOSBirdLife-Slovensko.jpg\" alt=\"senianske rybn\u00edky pozorovanie vt\u00e1ctva birdwatching\" class=\"wp-image-3273\"\/><\/figure>\n<!-- \/wp:image -->\n\n<!-- wp:heading -->\n<h2>Be\u0148atinsk\u00fd lom<\/h2>\n<!-- \/wp:heading -->\n\n<!-- wp:tadv\/classic-paragraph -->\n<p>N\u00e1dhern\u00e9 tyrkysov\u00e9 jazierko vzniklo vyrazen\u00edm spodnej vody po zastaven\u00ed \u0165a\u017eby v&nbsp;b\u00fdvalom lome pri obci Be\u0148atina. Jedna zo stien lomu navy\u0161e ukr\u00fdva mystick\u00fa z\u00e1hadu \u2013 <strong>zbad\u00e1te pribli\u017ene p\u00e4\u0165metrov\u00fa ve\u013erybu<\/strong> aj vy?<\/p>\n<!-- \/wp:tadv\/classic-paragraph -->\n\n<!-- wp:image {\"id\":3274,\"sizeSlug\":\"full\"} -->\n<figure class=\"wp-block-image size-full\"><img src=\"https:\/\/www.kosiceregion.com\/wp-content\/uploads\/2020\/04\/DJI_0555.jpg\" alt=\"be\u0148atina lom jazierko\" class=\"wp-image-3274\"\/><\/figure>\n<!-- \/wp:image -->","_sk_post_name":"spoznajte-miesta-o-ktorych-ste-ani-nechyrovali","_sk_post_excerpt":"H\u013ead\u00e1te miesta, ktor\u00e9 nepoznaj\u00fa ani najprest\u00ed\u017enej\u0161ie cestovate\u013esk\u00e9 port\u00e1ly? Objavte v\u010faka n\u00e1m menej zn\u00e1me lokality ur\u010den\u00e9 pre skuto\u010dn\u00fdch cestovate\u013eov.","_sk_post_title":"Spoznajte miesta, o ktor\u00fdch ste ani nechyrovali","_en_post_content":"","_en_post_name":"","_en_post_excerpt":"","_en_post_title":"","_hu_post_content":"<!-- wp:tadv\/classic-paragraph -->\n<p>Minden turisztikai desztin\u00e1ci\u00f3 egy jellemz\u0151, j\u00f3l ismert helysz\u00ednre \u00e9p\u00edt, amelyet m\u00e1r szinte k\u00f6teless\u00e9g\u00fcnk megl\u00e1togatni, ha arra j\u00e1runk. R\u00e1ad\u00e1sul, az utaz\u00e1st megel\u0151z\u0151en ezeket minden oldalr\u00f3l el\u0151re is megn\u00e9zhetj\u00fck, az internetnek k\u00f6sz\u00f6nhet\u0151en.<\/p>\n<p>Ha viszont sz\u00edvesen j\u00e1r ink\u00e1bb oda, ahov\u00e1 m\u00e1sok nem annyira, van n\u00e9h\u00e1ny olyan tipp\u00fcnk, amikr\u0151l m\u00e9g a <strong>Tripadvisor sem tud.<\/strong><\/p>\n<!-- \/wp:tadv\/classic-paragraph -->\n\n<!-- wp:separator -->\n<hr class=\"wp-block-separator\"\/>\n<!-- \/wp:separator -->\n\n<!-- wp:heading -->\n<h2><strong><strong>Ezer\u00e9ves k\u00e1polna Ill\u00e9sfalv\u00e1n\u00a0\u00a0<\/strong><\/strong><\/h2>\n<!-- \/wp:heading -->\n\n<!-- wp:tadv\/classic-paragraph -->\n<p>A XVIII. sz\u00e1zad m\u00e1sodik fel\u00e9ben<strong> Ill\u00e9sfalva felett<\/strong> egy felvil\u00e1gosod\u00e1s-korabeli kincs \u00e9p\u00fclt. A Sans Souci ny\u00e1ri rezidencia egyfajta barokk sz\u00f3rakoz\u00e1si park volt a k\u00f6rny\u00e9ken \u00e9l\u0151k sz\u00e1m\u00e1ra. Az ezer\u00e9ves k\u00e1polna a helybeliek igyekezet\u00e9nek k\u00f6sz\u00f6nhet\u0151en az egyed\u00fcli, amely ma is \u0151rzi a valamikori m\u00e9lt\u00f3s\u00e1gteljes ter\u00fclet eml\u00e9k\u00e9t.<\/p>\n<!-- \/wp:tadv\/classic-paragraph -->\n\n<!-- wp:image {\"id\":3269,\"sizeSlug\":\"full\"} -->\n<figure class=\"wp-block-image size-full\"><img src=\"https:\/\/www.kosiceregion.com\/wp-content\/uploads\/2020\/04\/maxresdefault.jpg\" alt=\"tis\u00edcro\u010dn\u00e1 kaplnka\" class=\"wp-image-3269\"\/><\/figure>\n<!-- \/wp:image -->\n\n<!-- wp:heading -->\n<h2><strong>Margitfalvi alag\u00fat<\/strong><\/h2>\n<!-- \/wp:heading -->\n\n<!-- wp:tadv\/classic-paragraph -->\n<p>Ha szeretne egy val\u00f3ban k\u00fcl\u00f6nleges fot\u00f3t a Kassai ker\u00fcletb\u0151l, c\u00e9lozza meg a margitfalvi alagutat. Ez az <strong>1872-ben \u00e9p\u00fclt<\/strong> egyed\u00fcl\u00e1ll\u00f3 ipari eml\u00e9khely leny\u0171g\u00f6z\u0151 h\u00e1tt\u00e9rk\u00e9nt szolg\u00e1l, a s\u00f6t\u00e9t szikl\u00e1kon j\u00e1tsz\u00f3 f\u00e9ny pedig m\u00e9g ink\u00e1bb emeli a hely m\u00e9lt\u00f3s\u00e1g\u00e1t.<\/p>\n<!-- \/wp:tadv\/classic-paragraph -->\n\n<!-- wp:image {\"id\":3275,\"sizeSlug\":\"full\"} -->\n<figure class=\"wp-block-image size-full\"><img src=\"https:\/\/www.kosiceregion.com\/wp-content\/uploads\/2020\/04\/Vy\u0301sledne\u0301-foto-osvetlenia-tunela-prevzate\u0301-s-Facebooku.jpg\" alt=\"margeciansky tunel\" class=\"wp-image-3275\"\/><\/figure>\n<!-- \/wp:image -->\n\n<!-- wp:heading -->\n<h2><strong>Sz\u00e1dalm\u00e1si Gran\u00e1rium<\/strong><\/h2>\n<!-- \/wp:heading -->\n\n<!-- wp:tadv\/classic-paragraph -->\n<p>K\u00f3stolja meg a jellegzetes, hagyom\u00e1nyos receptek alapj\u00e1n szabadt\u0171z\u00f6n \u00e9s kemenc\u00e9ben k\u00e9sz\u00fclt \u00e9teleket. A <a href=\"https:\/\/www.kosiceregion.com\/hu\/poi\/granarium-magtar-es-borpince-szadalmas-granarium-sypka-s-vinnou-pivnicou-jablonov-nturnou\/\">sz\u00e1dalm\u00e1si kulin\u00e1ris<\/a> \u00e9lm\u00e9nyeket tov\u00e1bb fokozza a<strong> XVII. sz\u00e1zadi<\/strong> volt magt\u00e1r \u00e9p\u00fclete.<\/p>\n<!-- \/wp:tadv\/classic-paragraph -->\n\n<!-- wp:heading -->\n<h2><strong>J\u00e1sz\u00f3i premontrei kolostor<\/strong><\/h2>\n<!-- \/wp:heading -->\n\n<!-- wp:tadv\/classic-paragraph -->\n<p>Szlov\u00e1kia legnagyobb k\u00e9s\u0151 barokk kolostora a id\u0151 m\u00fal\u00e1s\u00e1nak \u00e9p\u00edt\u00e9szeti szinonim\u00e1ja. <a href=\"https:\/\/www.kosiceregion.com\/hu\/poi\/a-jaszoi-premonstrei-apatsag-premonstratsky-klastor-jasov\/\">A j\u00e1sz\u00f3i premontrei kolostornak<\/a> 365 ablaka van (mint az \u00e9v napjainak sz\u00e1ma), 12 nagy k\u00e9m\u00e9nye (mint a h\u00f3napok sz\u00e1ma) \u00e9s 4 bej\u00e1rata (mint az \u00e9vszakok sz\u00e1ma). Ezenk\u00edv\u00fcl itt van S<strong>zlov\u00e1kia leg\u00e9rt\u00e9kesebb k\u00f6nyvt\u00e1ra<\/strong>, amely 80.000 k\u00f6tetet tartalmaz.<\/p>\n<!-- \/wp:tadv\/classic-paragraph -->\n\n<!-- wp:image {\"id\":3270,\"sizeSlug\":\"full\"} -->\n<figure class=\"wp-block-image size-full\"><img src=\"https:\/\/www.kosiceregion.com\/wp-content\/uploads\/2020\/04\/JASOVSKY_KLASTOR_ILU-3.jpg\" alt=\"Kl\u00e1\u0161tor premon\u0161tr\u00e1tov jasov\" class=\"wp-image-3270\"\/><\/figure>\n<!-- \/wp:image -->\n\n<!-- wp:heading -->\n<h2>Ag\u00e1tov\u00fd h\u00e1j v Malom Hore\u0161i<\/h2>\n<!-- \/wp:heading -->\n\n<!-- wp:tadv\/classic-paragraph -->\n<p>Kisg\u00e9res k\u00f6zs\u00e9gben van egy k\u00fcl\u00f6nleges hangulat\u00fa hely, amely m\u00e1jusban igaz\u00e1n romantikus. Az Ak\u00e1cligetben tufapinc\u00e9k sz\u00e1zait tal\u00e1ljuk be\u00e9p\u00edtve. A helybeliek valaha itt rejt\u0151ztek el a tat\u00e1rok el\u0151l, ma pedig a helyi termel\u0151k kiv\u00e1l\u00f3 borai \u00e9rlel\u0151dnek ezekben a pinc\u00e9kben.<\/p>\n<!-- \/wp:tadv\/classic-paragraph -->\n\n<!-- wp:image {\"id\":3272,\"sizeSlug\":\"full\"} -->\n<figure class=\"wp-block-image size-full\"><img src=\"https:\/\/www.kosiceregion.com\/wp-content\/uploads\/2020\/04\/IMG_9086.jpg\" alt=\"mal\u00fd hore\u0161 ag\u00e1tov\u00fd h\u00e1j\" class=\"wp-image-3272\"\/><\/figure>\n<!-- \/wp:image -->\n\n<!-- wp:heading -->\n<h2><strong>Mad\u00e1rlesen az ungszennai halastavakn\u00e1l<\/strong><\/h2>\n<!-- \/wp:heading -->\n\n<!-- wp:tadv\/classic-paragraph -->\n<p>Az Ungszennai Halastavak Nemzeti Term\u00e9szeti Rezerv\u00e1tum, mad\u00e1rparadicsomk\u00e9nt is ismert. \u00c9ppen ez\u00e9rt k\u00f6zkedvelt a <strong>birdwatching<\/strong> szerelmeseinek k\u00f6r\u00e9ben. \u00c9ljen \u00e1t egy k\u00fcl\u00f6nleges utaz\u00e1st \u00e9s mer\u00fclj\u00f6n el a mad\u00e1rsz\u00e1rnyak kecses mozg\u00e1s\u00e1ban.<\/p>\n<!-- \/wp:tadv\/classic-paragraph -->\n\n<!-- wp:image {\"id\":3273,\"sizeSlug\":\"full\"} -->\n<figure class=\"wp-block-image size-full\"><img src=\"https:\/\/www.kosiceregion.com\/wp-content\/uploads\/2020\/04\/Senianske-rybni\u0301ky_pozorovacia-vez\u030ca-na-na\u0301uc\u030cnom-chodni\u0301ku_autor-archi\u0301v-SOSBirdLife-Slovensko.jpg\" alt=\"senianske rybn\u00edky pozorovanie vt\u00e1ctva birdwatching\" class=\"wp-image-3273\"\/><\/figure>\n<!-- \/wp:image -->\n\n<!-- wp:heading -->\n<h2><strong>Vad\u00e1szfalvi k\u0151fejt\u0151\u00a0 \u00a0\u00a0\u00a0\u00a0\u00a0\u00a0\u00a0\u00a0<\/strong><\/h2>\n<!-- \/wp:heading -->\n\n<!-- wp:tadv\/classic-paragraph -->\n<p>Ez a gy\u00f6ny\u00f6r\u0171 t\u00fcrkizk\u00e9k t\u00f3 a valamikori vad\u00e1szfalvi k\u0151fejt\u0151 tev\u00e9kenys\u00e9g\u00e9nek megsz\u0171n\u00e9se ut\u00e1n keletkezett, ekkor \u00e1rasztotta el a talajv\u00edz a b\u00e1nya ter\u00fclet\u00e9t. Az egyik falon r\u00e1ad\u00e1sul egy misztikus rajz is l\u00e1that\u00f3 \u2013 <strong>vajon \u00d6n\u00f6k is \u00e9szreveszik a k\u00f6zel \u00f6tm\u00e9teres cet rajz\u00e1t<\/strong>?<\/p>\n<!-- \/wp:tadv\/classic-paragraph -->\n\n<!-- wp:image {\"id\":3274,\"sizeSlug\":\"full\"} -->\n<figure class=\"wp-block-image size-full\"><img src=\"https:\/\/www.kosiceregion.com\/wp-content\/uploads\/2020\/04\/DJI_0555.jpg\" alt=\"be\u0148atina lom jazierko\" class=\"wp-image-3274\"\/><\/figure>\n<!-- \/wp:image -->","_hu_post_name":"","_hu_post_excerpt":"","_hu_post_title":"Ismerjen meg olyan helysz\u00edneket, amelyeknek eddig h\u00edr\u00e9t sem hallotta","_es_post_content":"","_es_post_name":"","_es_post_excerpt":"","_es_post_title":"","_de_post_content":"","_de_post_name":"","_de_post_excerpt":"","_de_post_title":"","_pl_post_content":"","_pl_post_name":"","_pl_post_excerpt":"","_pl_post_title":"","_it_post_content":"","_it_post_name":"","_it_post_excerpt":"","_it_post_title":"","edit_language":"sk","footnotes":""},"categories":[22],"tags":[165,253,251,29,252,98,148,250,254,248],"class_list":["post-3267","post","type-post","status-publish","format-standard","has-post-thumbnail","hentry","category-get-inspired","tag-benatina","tag-birdwatching","tag-jasov","tag-jasovska-jaskyna","tag-klastor-premonstratov","tag-maly-hores","tag-margecany","tag-margeciansky-tunel","tag-senianske-rybniky","tag-tisicrocna-kaplnka"],"acf":[],"yoast_head":"<!-- This site is optimized with the Yoast SEO Premium plugin v25.5 (Yoast SEO v27.4) - https:\/\/yoast.com\/product\/yoast-seo-premium-wordpress\/ -->\n<title>Ko\u0161ice Regi\u00f3n<\/title>\n<meta name=\"description\" content=\"H\u013ead\u00e1te miesta, ktor\u00e9 nepoznaj\u00fa ani najprest\u00ed\u017enej\u0161ie cestovate\u013esk\u00e9 port\u00e1ly? Objavte v\u010faka n\u00e1m menej zn\u00e1me lokality ur\u010den\u00e9 pre skuto\u010dn\u00fdch cestovate\u013eov.\" \/>\n<meta name=\"robots\" content=\"index, follow, max-snippet:-1, max-image-preview:large, max-video-preview:-1\" \/>\n<link rel=\"canonical\" href=\"https:\/\/www.kosiceregion.com\/hu\/spoznajte-miesta-o-ktorych-ste-ani-nechyrovali\/\" \/>\n<meta property=\"og:locale\" content=\"sk_SK\" \/>\n<meta property=\"og:type\" content=\"article\" \/>\n<meta property=\"og:title\" content=\"Spoznajte miesta, o ktor\u00fdch ste ani nechyrovali\" \/>\n<meta property=\"og:description\" content=\"H\u013ead\u00e1te miesta, ktor\u00e9 nepoznaj\u00fa ani najprest\u00ed\u017enej\u0161ie cestovate\u013esk\u00e9 port\u00e1ly? Objavte v\u010faka n\u00e1m menej zn\u00e1me lokality ur\u010den\u00e9 pre skuto\u010dn\u00fdch cestovate\u013eov.\" \/>\n<meta property=\"og:url\" content=\"https:\/\/www.kosiceregion.com\/sk\/wp-json\/wp\/v2\/posts\/3267\" \/>\n<meta property=\"og:site_name\" content=\"Ko\u0161ice Regi\u00f3n\" \/>\n<meta property=\"article:publisher\" content=\"https:\/\/www.facebook.com\/kosiceregion\" \/>\n<meta property=\"article:published_time\" content=\"2020-04-02T12:59:44+00:00\" \/>\n<meta property=\"article:modified_time\" content=\"2020-05-25T10:05:28+00:00\" \/>\n<meta property=\"og:image\" content=\"https:\/\/www.kosiceregion.com\/wp-content\/uploads\/2020\/04\/Blajzloch-1-1.jpg\" \/>\n\t<meta property=\"og:image:width\" content=\"1956\" \/>\n\t<meta property=\"og:image:height\" content=\"1280\" \/>\n\t<meta property=\"og:image:type\" content=\"image\/jpeg\" \/>\n<meta name=\"author\" content=\"Viktor Wurm\" \/>\n<meta name=\"twitter:card\" content=\"summary_large_image\" \/>\n<meta name=\"twitter:creator\" content=\"@KOSICEREGION\" \/>\n<meta name=\"twitter:site\" content=\"@KOSICEREGION\" \/>\n<meta name=\"twitter:label1\" content=\"Autor\" \/>\n\t<meta name=\"twitter:data1\" content=\"Viktor Wurm\" \/>\n\t<meta name=\"twitter:label2\" content=\"Predpokladan\u00fd \u010das \u010d\u00edtania\" \/>\n\t<meta name=\"twitter:data2\" content=\"2 min\u00faty\" \/>\n<script type=\"application\/ld+json\" class=\"yoast-schema-graph\">{\"@context\":\"https:\\\/\\\/schema.org\",\"@graph\":[{\"@type\":\"Article\",\"@id\":\"https:\\\/\\\/www.kosiceregion.com\\\/hu\\\/spoznajte-miesta-o-ktorych-ste-ani-nechyrovali\\\/#article\",\"isPartOf\":{\"@id\":\"https:\\\/\\\/www.kosiceregion.com\\\/hu\\\/spoznajte-miesta-o-ktorych-ste-ani-nechyrovali\\\/\"},\"author\":{\"name\":\"Viktor Wurm\",\"@id\":\"https:\\\/\\\/www.kosiceregion.com\\\/#\\\/schema\\\/person\\\/6edc663d2cb6eb17e62cdd96a2e33b53\"},\"headline\":\"Spoznajte miesta, o ktor\u00fdch ste ani nechyrovali\",\"datePublished\":\"2020-04-02T12:59:44+00:00\",\"dateModified\":\"2020-05-25T10:05:28+00:00\",\"mainEntityOfPage\":{\"@id\":\"https:\\\/\\\/www.kosiceregion.com\\\/hu\\\/spoznajte-miesta-o-ktorych-ste-ani-nechyrovali\\\/\"},\"wordCount\":478,\"publisher\":{\"@id\":\"https:\\\/\\\/www.kosiceregion.com\\\/#organization\"},\"image\":{\"@id\":\"https:\\\/\\\/www.kosiceregion.com\\\/hu\\\/spoznajte-miesta-o-ktorych-ste-ani-nechyrovali\\\/#primaryimage\"},\"thumbnailUrl\":\"https:\\\/\\\/www.kosiceregion.com\\\/wp-content\\\/uploads\\\/2020\\\/04\\\/Blajzloch-1-1.jpg\",\"keywords\":[\"Be\u0148atina\",\"birdwatching\",\"jasov\",\"Jasovsk\u00e1 jasky\u0148a\",\"kl\u00e1\u0161tor premon\u0161tr\u00e1tov\",\"Mal\u00fd Hore\u0161\",\"Margecany\",\"margeciansky tunel\",\"senianske rybn\u00edky\",\"tis\u00edcro\u010dn\u00e1 kaplnka\"],\"articleSection\":[\"In\u0161piruj sa\"],\"inLanguage\":\"sk-SK\"},{\"@type\":\"WebPage\",\"@id\":\"https:\\\/\\\/www.kosiceregion.com\\\/hu\\\/spoznajte-miesta-o-ktorych-ste-ani-nechyrovali\\\/\",\"url\":\"https:\\\/\\\/www.kosiceregion.com\\\/hu\\\/spoznajte-miesta-o-ktorych-ste-ani-nechyrovali\\\/\",\"name\":\"Spoznajte miesta, o ktor\u00fdch ste ani nechyrovali - Ko\u0161ice Regi\u00f3n\",\"isPartOf\":{\"@id\":\"https:\\\/\\\/www.kosiceregion.com\\\/#website\"},\"primaryImageOfPage\":{\"@id\":\"https:\\\/\\\/www.kosiceregion.com\\\/hu\\\/spoznajte-miesta-o-ktorych-ste-ani-nechyrovali\\\/#primaryimage\"},\"image\":{\"@id\":\"https:\\\/\\\/www.kosiceregion.com\\\/hu\\\/spoznajte-miesta-o-ktorych-ste-ani-nechyrovali\\\/#primaryimage\"},\"thumbnailUrl\":\"https:\\\/\\\/www.kosiceregion.com\\\/wp-content\\\/uploads\\\/2020\\\/04\\\/Blajzloch-1-1.jpg\",\"datePublished\":\"2020-04-02T12:59:44+00:00\",\"dateModified\":\"2020-05-25T10:05:28+00:00\",\"description\":\"H\u013ead\u00e1te miesta, ktor\u00e9 nepoznaj\u00fa ani najprest\u00ed\u017enej\u0161ie cestovate\u013esk\u00e9 port\u00e1ly? Objavte v\u010faka n\u00e1m menej zn\u00e1me lokality ur\u010den\u00e9 pre skuto\u010dn\u00fdch cestovate\u013eov.\",\"breadcrumb\":{\"@id\":\"https:\\\/\\\/www.kosiceregion.com\\\/hu\\\/spoznajte-miesta-o-ktorych-ste-ani-nechyrovali\\\/#breadcrumb\"},\"inLanguage\":\"sk-SK\",\"potentialAction\":[{\"@type\":\"ReadAction\",\"target\":[\"https:\\\/\\\/www.kosiceregion.com\\\/hu\\\/spoznajte-miesta-o-ktorych-ste-ani-nechyrovali\\\/\"]}]},{\"@type\":\"ImageObject\",\"inLanguage\":\"sk-SK\",\"@id\":\"https:\\\/\\\/www.kosiceregion.com\\\/hu\\\/spoznajte-miesta-o-ktorych-ste-ani-nechyrovali\\\/#primaryimage\",\"url\":\"https:\\\/\\\/www.kosiceregion.com\\\/wp-content\\\/uploads\\\/2020\\\/04\\\/Blajzloch-1-1.jpg\",\"contentUrl\":\"https:\\\/\\\/www.kosiceregion.com\\\/wp-content\\\/uploads\\\/2020\\\/04\\\/Blajzloch-1-1.jpg\",\"width\":1956,\"height\":1280,\"caption\":\"blajzloch\"},{\"@type\":\"BreadcrumbList\",\"@id\":\"https:\\\/\\\/www.kosiceregion.com\\\/hu\\\/spoznajte-miesta-o-ktorych-ste-ani-nechyrovali\\\/#breadcrumb\",\"itemListElement\":[{\"@type\":\"ListItem\",\"position\":1,\"name\":\"Home\",\"item\":\"https:\\\/\\\/www.kosiceregion.com\\\/sk\\\/\"},{\"@type\":\"ListItem\",\"position\":2,\"name\":\"Ismerjen meg olyan helysz\u00edneket, amelyeknek eddig h\u00edr\u00e9t sem hallotta\"}]},{\"@type\":\"WebSite\",\"@id\":\"https:\\\/\\\/www.kosiceregion.com\\\/#website\",\"url\":\"https:\\\/\\\/www.kosiceregion.com\\\/\",\"name\":\"Ko\u0161ice Regi\u00f3n\",\"description\":\"Turistick\u00fd sprievodca Ko\u0161ick\u00fdm krajom\",\"publisher\":{\"@id\":\"https:\\\/\\\/www.kosiceregion.com\\\/#organization\"},\"potentialAction\":[{\"@type\":\"SearchAction\",\"target\":{\"@type\":\"EntryPoint\",\"urlTemplate\":\"https:\\\/\\\/www.kosiceregion.com\\\/?s={search_term_string}\"},\"query-input\":{\"@type\":\"PropertyValueSpecification\",\"valueRequired\":true,\"valueName\":\"search_term_string\"}}],\"inLanguage\":\"sk-SK\"},{\"@type\":\"Organization\",\"@id\":\"https:\\\/\\\/www.kosiceregion.com\\\/#organization\",\"name\":\"Ko\u0161ice Regi\u00f3n Turizmus\",\"url\":\"https:\\\/\\\/www.kosiceregion.com\\\/\",\"logo\":{\"@type\":\"ImageObject\",\"inLanguage\":\"sk-SK\",\"@id\":\"https:\\\/\\\/www.kosiceregion.com\\\/#\\\/schema\\\/logo\\\/image\\\/\",\"url\":\"https:\\\/\\\/www.kosiceregion.com\\\/wp-content\\\/uploads\\\/2019\\\/03\\\/logo-web-sk.png\",\"contentUrl\":\"https:\\\/\\\/www.kosiceregion.com\\\/wp-content\\\/uploads\\\/2019\\\/03\\\/logo-web-sk.png\",\"width\":225,\"height\":100,\"caption\":\"Ko\u0161ice Regi\u00f3n Turizmus\"},\"image\":{\"@id\":\"https:\\\/\\\/www.kosiceregion.com\\\/#\\\/schema\\\/logo\\\/image\\\/\"},\"sameAs\":[\"https:\\\/\\\/www.facebook.com\\\/kosiceregion\",\"https:\\\/\\\/x.com\\\/KOSICEREGION\",\"https:\\\/\\\/www.instagram.com\\\/kosiceregion\",\"https:\\\/\\\/www.youtube.com\\\/kosiceregion\"]},{\"@type\":\"Person\",\"@id\":\"https:\\\/\\\/www.kosiceregion.com\\\/#\\\/schema\\\/person\\\/6edc663d2cb6eb17e62cdd96a2e33b53\",\"name\":\"Viktor Wurm\",\"image\":{\"@type\":\"ImageObject\",\"inLanguage\":\"sk-SK\",\"@id\":\"https:\\\/\\\/secure.gravatar.com\\\/avatar\\\/ef6238603ec61ca9ce57c6e94cbce41d12a371c9a048501ae6ca8a34ac93a24c?s=96&d=mm&r=g\",\"url\":\"https:\\\/\\\/secure.gravatar.com\\\/avatar\\\/ef6238603ec61ca9ce57c6e94cbce41d12a371c9a048501ae6ca8a34ac93a24c?s=96&d=mm&r=g\",\"contentUrl\":\"https:\\\/\\\/secure.gravatar.com\\\/avatar\\\/ef6238603ec61ca9ce57c6e94cbce41d12a371c9a048501ae6ca8a34ac93a24c?s=96&d=mm&r=g\",\"caption\":\"Viktor Wurm\"}}]}<\/script>\n<!-- \/ Yoast SEO Premium plugin. -->","yoast_head_json":{"title":"Ko\u0161ice Regi\u00f3n","description":"H\u013ead\u00e1te miesta, ktor\u00e9 nepoznaj\u00fa ani najprest\u00ed\u017enej\u0161ie cestovate\u013esk\u00e9 port\u00e1ly? Objavte v\u010faka n\u00e1m menej zn\u00e1me lokality ur\u010den\u00e9 pre skuto\u010dn\u00fdch cestovate\u013eov.","robots":{"index":"index","follow":"follow","max-snippet":"max-snippet:-1","max-image-preview":"max-image-preview:large","max-video-preview":"max-video-preview:-1"},"canonical":"https:\/\/www.kosiceregion.com\/hu\/spoznajte-miesta-o-ktorych-ste-ani-nechyrovali\/","og_locale":"sk_SK","og_type":"article","og_title":"Spoznajte miesta, o ktor\u00fdch ste ani nechyrovali","og_description":"H\u013ead\u00e1te miesta, ktor\u00e9 nepoznaj\u00fa ani najprest\u00ed\u017enej\u0161ie cestovate\u013esk\u00e9 port\u00e1ly? Objavte v\u010faka n\u00e1m menej zn\u00e1me lokality ur\u010den\u00e9 pre skuto\u010dn\u00fdch cestovate\u013eov.","og_url":"https:\/\/www.kosiceregion.com\/sk\/wp-json\/wp\/v2\/posts\/3267","og_site_name":"Ko\u0161ice Regi\u00f3n","article_publisher":"https:\/\/www.facebook.com\/kosiceregion","article_published_time":"2020-04-02T12:59:44+00:00","article_modified_time":"2020-05-25T10:05:28+00:00","og_image":[{"width":1956,"height":1280,"url":"https:\/\/www.kosiceregion.com\/wp-content\/uploads\/2020\/04\/Blajzloch-1-1.jpg","type":"image\/jpeg"}],"author":"Viktor Wurm","twitter_card":"summary_large_image","twitter_creator":"@KOSICEREGION","twitter_site":"@KOSICEREGION","twitter_misc":{"Autor":"Viktor Wurm","Predpokladan\u00fd \u010das \u010d\u00edtania":"2 min\u00faty"},"schema":{"@context":"https:\/\/schema.org","@graph":[{"@type":"Article","@id":"https:\/\/www.kosiceregion.com\/hu\/spoznajte-miesta-o-ktorych-ste-ani-nechyrovali\/#article","isPartOf":{"@id":"https:\/\/www.kosiceregion.com\/hu\/spoznajte-miesta-o-ktorych-ste-ani-nechyrovali\/"},"author":{"name":"Viktor Wurm","@id":"https:\/\/www.kosiceregion.com\/#\/schema\/person\/6edc663d2cb6eb17e62cdd96a2e33b53"},"headline":"Spoznajte miesta, o ktor\u00fdch ste ani nechyrovali","datePublished":"2020-04-02T12:59:44+00:00","dateModified":"2020-05-25T10:05:28+00:00","mainEntityOfPage":{"@id":"https:\/\/www.kosiceregion.com\/hu\/spoznajte-miesta-o-ktorych-ste-ani-nechyrovali\/"},"wordCount":478,"publisher":{"@id":"https:\/\/www.kosiceregion.com\/#organization"},"image":{"@id":"https:\/\/www.kosiceregion.com\/hu\/spoznajte-miesta-o-ktorych-ste-ani-nechyrovali\/#primaryimage"},"thumbnailUrl":"https:\/\/www.kosiceregion.com\/wp-content\/uploads\/2020\/04\/Blajzloch-1-1.jpg","keywords":["Be\u0148atina","birdwatching","jasov","Jasovsk\u00e1 jasky\u0148a","kl\u00e1\u0161tor premon\u0161tr\u00e1tov","Mal\u00fd Hore\u0161","Margecany","margeciansky tunel","senianske rybn\u00edky","tis\u00edcro\u010dn\u00e1 kaplnka"],"articleSection":["In\u0161piruj sa"],"inLanguage":"sk-SK"},{"@type":"WebPage","@id":"https:\/\/www.kosiceregion.com\/hu\/spoznajte-miesta-o-ktorych-ste-ani-nechyrovali\/","url":"https:\/\/www.kosiceregion.com\/hu\/spoznajte-miesta-o-ktorych-ste-ani-nechyrovali\/","name":"Spoznajte miesta, o ktor\u00fdch ste ani nechyrovali - Ko\u0161ice Regi\u00f3n","isPartOf":{"@id":"https:\/\/www.kosiceregion.com\/#website"},"primaryImageOfPage":{"@id":"https:\/\/www.kosiceregion.com\/hu\/spoznajte-miesta-o-ktorych-ste-ani-nechyrovali\/#primaryimage"},"image":{"@id":"https:\/\/www.kosiceregion.com\/hu\/spoznajte-miesta-o-ktorych-ste-ani-nechyrovali\/#primaryimage"},"thumbnailUrl":"https:\/\/www.kosiceregion.com\/wp-content\/uploads\/2020\/04\/Blajzloch-1-1.jpg","datePublished":"2020-04-02T12:59:44+00:00","dateModified":"2020-05-25T10:05:28+00:00","description":"H\u013ead\u00e1te miesta, ktor\u00e9 nepoznaj\u00fa ani najprest\u00ed\u017enej\u0161ie cestovate\u013esk\u00e9 port\u00e1ly? Objavte v\u010faka n\u00e1m menej zn\u00e1me lokality ur\u010den\u00e9 pre skuto\u010dn\u00fdch cestovate\u013eov.","breadcrumb":{"@id":"https:\/\/www.kosiceregion.com\/hu\/spoznajte-miesta-o-ktorych-ste-ani-nechyrovali\/#breadcrumb"},"inLanguage":"sk-SK","potentialAction":[{"@type":"ReadAction","target":["https:\/\/www.kosiceregion.com\/hu\/spoznajte-miesta-o-ktorych-ste-ani-nechyrovali\/"]}]},{"@type":"ImageObject","inLanguage":"sk-SK","@id":"https:\/\/www.kosiceregion.com\/hu\/spoznajte-miesta-o-ktorych-ste-ani-nechyrovali\/#primaryimage","url":"https:\/\/www.kosiceregion.com\/wp-content\/uploads\/2020\/04\/Blajzloch-1-1.jpg","contentUrl":"https:\/\/www.kosiceregion.com\/wp-content\/uploads\/2020\/04\/Blajzloch-1-1.jpg","width":1956,"height":1280,"caption":"blajzloch"},{"@type":"BreadcrumbList","@id":"https:\/\/www.kosiceregion.com\/hu\/spoznajte-miesta-o-ktorych-ste-ani-nechyrovali\/#breadcrumb","itemListElement":[{"@type":"ListItem","position":1,"name":"Home","item":"https:\/\/www.kosiceregion.com\/sk\/"},{"@type":"ListItem","position":2,"name":"Ismerjen meg olyan helysz\u00edneket, amelyeknek eddig h\u00edr\u00e9t sem hallotta"}]},{"@type":"WebSite","@id":"https:\/\/www.kosiceregion.com\/#website","url":"https:\/\/www.kosiceregion.com\/","name":"Ko\u0161ice Regi\u00f3n","description":"Turistick\u00fd sprievodca Ko\u0161ick\u00fdm krajom","publisher":{"@id":"https:\/\/www.kosiceregion.com\/#organization"},"potentialAction":[{"@type":"SearchAction","target":{"@type":"EntryPoint","urlTemplate":"https:\/\/www.kosiceregion.com\/?s={search_term_string}"},"query-input":{"@type":"PropertyValueSpecification","valueRequired":true,"valueName":"search_term_string"}}],"inLanguage":"sk-SK"},{"@type":"Organization","@id":"https:\/\/www.kosiceregion.com\/#organization","name":"Ko\u0161ice Regi\u00f3n Turizmus","url":"https:\/\/www.kosiceregion.com\/","logo":{"@type":"ImageObject","inLanguage":"sk-SK","@id":"https:\/\/www.kosiceregion.com\/#\/schema\/logo\/image\/","url":"https:\/\/www.kosiceregion.com\/wp-content\/uploads\/2019\/03\/logo-web-sk.png","contentUrl":"https:\/\/www.kosiceregion.com\/wp-content\/uploads\/2019\/03\/logo-web-sk.png","width":225,"height":100,"caption":"Ko\u0161ice Regi\u00f3n Turizmus"},"image":{"@id":"https:\/\/www.kosiceregion.com\/#\/schema\/logo\/image\/"},"sameAs":["https:\/\/www.facebook.com\/kosiceregion","https:\/\/x.com\/KOSICEREGION","https:\/\/www.instagram.com\/kosiceregion","https:\/\/www.youtube.com\/kosiceregion"]},{"@type":"Person","@id":"https:\/\/www.kosiceregion.com\/#\/schema\/person\/6edc663d2cb6eb17e62cdd96a2e33b53","name":"Viktor Wurm","image":{"@type":"ImageObject","inLanguage":"sk-SK","@id":"https:\/\/secure.gravatar.com\/avatar\/ef6238603ec61ca9ce57c6e94cbce41d12a371c9a048501ae6ca8a34ac93a24c?s=96&d=mm&r=g","url":"https:\/\/secure.gravatar.com\/avatar\/ef6238603ec61ca9ce57c6e94cbce41d12a371c9a048501ae6ca8a34ac93a24c?s=96&d=mm&r=g","contentUrl":"https:\/\/secure.gravatar.com\/avatar\/ef6238603ec61ca9ce57c6e94cbce41d12a371c9a048501ae6ca8a34ac93a24c?s=96&d=mm&r=g","caption":"Viktor Wurm"}}]}},"_links":{"self":[{"href":"https:\/\/www.kosiceregion.com\/sk\/wp-json\/wp\/v2\/posts\/3267","targetHints":{"allow":["GET"]}}],"collection":[{"href":"https:\/\/www.kosiceregion.com\/sk\/wp-json\/wp\/v2\/posts"}],"about":[{"href":"https:\/\/www.kosiceregion.com\/sk\/wp-json\/wp\/v2\/types\/post"}],"author":[{"embeddable":true,"href":"https:\/\/www.kosiceregion.com\/sk\/wp-json\/wp\/v2\/users\/4"}],"replies":[{"embeddable":true,"href":"https:\/\/www.kosiceregion.com\/sk\/wp-json\/wp\/v2\/comments?post=3267"}],"version-history":[{"count":4,"href":"https:\/\/www.kosiceregion.com\/sk\/wp-json\/wp\/v2\/posts\/3267\/revisions"}],"predecessor-version":[{"id":3805,"href":"https:\/\/www.kosiceregion.com\/sk\/wp-json\/wp\/v2\/posts\/3267\/revisions\/3805"}],"wp:featuredmedia":[{"embeddable":true,"href":"https:\/\/www.kosiceregion.com\/sk\/wp-json\/wp\/v2\/media\/3268"}],"wp:attachment":[{"href":"https:\/\/www.kosiceregion.com\/sk\/wp-json\/wp\/v2\/media?parent=3267"}],"wp:term":[{"taxonomy":"category","embeddable":true,"href":"https:\/\/www.kosiceregion.com\/sk\/wp-json\/wp\/v2\/categories?post=3267"},{"taxonomy":"post_tag","embeddable":true,"href":"https:\/\/www.kosiceregion.com\/sk\/wp-json\/wp\/v2\/tags?post=3267"}],"curies":[{"name":"wp","href":"https:\/\/api.w.org\/{rel}","templated":true}]}}