{"id":3500,"date":"2020-07-02T16:03:33","date_gmt":"2020-07-02T14:03:33","guid":{"rendered":"https:\/\/www.kosiceregion.com\/sk\/?p=3500"},"modified":"2020-07-31T15:40:24","modified_gmt":"2020-07-31T13:40:24","slug":"nezatulajte-sa-s-makovicou-havrania-skala-a-stratensky-kanon","status":"publish","type":"post","link":"https:\/\/www.kosiceregion.com\/sk\/nezatulajte-sa-s-makovicou-havrania-skala-a-stratensky-kanon\/","title":{"rendered":"(neza)T\u00falajte sa s Makovicou: Havrania skala a Stratensk\u00fd ka\u0148on"},"content":{"rendered":"\n<p>T\u00e1to okru\u017en\u00e1 trasa v ju\u017enej \u010dasti N\u00e1rodn\u00e9ho parku Slovensk\u00fd raj pote\u0161\u00ed aj turistov, ktor\u00ed prich\u00e1dzaj\u00fa autom, teda sa musia vr\u00e1ti\u0165 do svojho v\u00fdchodiska. Trasa je doslova nabit\u00e1 t\u00fdm, \u010do m\u00f4\u017eeme vidie\u0165, obdivova\u0165 a za\u017ei\u0165 a je aj v\u00fdkonnostne hodnotn\u00e1, ve\u010f zdola\u0165 prev\u00fd\u0161enie viac ako 800 m je v\u00fdzva.<\/p>\n\n\n\n<hr class=\"wp-block-separator\"\/>\n\n\n\n<blockquote class=\"wp-block-quote is-style-large is-layout-flow wp-block-quote-is-layout-flow\"><p>Zo Stratenej sa po zelenej zna\u010dke okolo cintor\u00edna dostaneme priamo do skaln\u00e9ho mesta a&nbsp;strm\u00fdm st\u00fapan\u00edm pomedzi skaly sa dostaneme na lesn\u00fa zv\u00e1\u017enicu a&nbsp;po nej k&nbsp;Ob\u010dasn\u00e9mu prame\u0148u. Strm\u00fdm chodn\u00edkom po \u017eltej zna\u010dke vyst\u00fapime na Havraniu skalu a&nbsp;vr\u00e1time sa po&nbsp;tej istej trase sp\u00e4\u0165. Pokra\u010dujeme v&nbsp;zostupe po \u017eltej a\u017e na Zajfy a&nbsp;\u010falej po zelenej na Stratensk\u00fa p\u00edlu. \u010ealej n\u00e1s u\u017e povedie \u010derven\u00e1 zna\u010dka do Stratenej. <\/p><p><strong>Ak tu m\u00e1me auto<\/strong>, m\u00f4\u017eeme sa odviez\u0165 k&nbsp;vstupu do Stratensk\u00e9ho ka\u0148ona a&nbsp;prejs\u0165 si aj tento skvost Slovensk\u00e9ho raja. <\/p><p><strong>Ak cestujeme vlakom<\/strong>, pokra\u010dujeme po \u010dervenej zna\u010dke cez Stratensk\u00fd ka\u0148on a&nbsp;podchodom popod \u017eeleznicu na lesn\u00fd chodn\u00edk, ktor\u00fdm sa skratkou dostaneme do Dob\u0161inskej \u013eadovej jaskyne.<\/p><\/blockquote>\n\n\n\n<hr class=\"wp-block-separator\"\/>\n\n\n\n<p>Na\u0161e poh\u013eady u\u017e pri vystupovan\u00ed z vlaku v Stratenej up\u00fata mohutn\u00e9 skaln\u00e9 mesto priamo nad ve\u017eou kostol\u00edka.<\/p>\n\n\n\n<p>Zelen\u00e1 zna\u010dka n\u00e1s vedie pomedzi mal\u00e9 dom\u010deky a poza kostol k cintor\u00ednu. Po jeho \u013eavej strane okolo plota st\u00fapame \u00fazkym chodn\u00ed\u010dkom a poh\u013ead na kr\u00ed\u017ee pod nami berieme ako tich\u00e9 varovanie pred vstupom do exponovan\u00e9ho ter\u00e9nu.<\/p>\n\n\n\n<figure class=\"wp-block-image size-full\"><a href=\"https:\/\/www.kosiceregion.com\/wp-content\/uploads\/2020\/07\/Straten\u2020-scaled.jpg\"><img decoding=\"async\" width=\"2560\" height=\"1920\" src=\"https:\/\/www.kosiceregion.com\/wp-content\/uploads\/2020\/07\/Straten\u2020-scaled.jpg\" alt=\"\" class=\"wp-image-3501\" srcset=\"https:\/\/www.kosiceregion.com\/wp-content\/uploads\/2020\/07\/Straten\u2020-scaled.jpg 2560w, https:\/\/www.kosiceregion.com\/wp-content\/uploads\/2020\/07\/Straten\u2020-300x225.jpg 300w, https:\/\/www.kosiceregion.com\/wp-content\/uploads\/2020\/07\/Straten\u2020-1024x768.jpg 1024w, https:\/\/www.kosiceregion.com\/wp-content\/uploads\/2020\/07\/Straten\u2020-768x576.jpg 768w, https:\/\/www.kosiceregion.com\/wp-content\/uploads\/2020\/07\/Straten\u2020-1536x1152.jpg 1536w, https:\/\/www.kosiceregion.com\/wp-content\/uploads\/2020\/07\/Straten\u2020-2048x1536.jpg 2048w\" sizes=\"(max-width: 2560px) 100vw, 2560px\" \/><\/a><\/figure>\n\n\n\n<p>Chodn\u00edk sa v&nbsp;strmom st\u00fapan\u00ed kr\u00fati najprv popod skaly, ob\u010das podlezieme alebo prekro\u010d\u00edme nejak\u00fd spadnut\u00fd strom a&nbsp;vch\u00e1dzame priamo do skaln\u00e9ho mesta. Prech\u00e1dzame \u00fazkou dolinou Sokolica medzi dvoma skaln\u00fdmi blokmi Sokol\u00edch sk\u00e1l v\u013eavo a&nbsp;Mar\u010dekovej vpravo. Pr\u00e1ve na pravej strane je aj previs pripom\u00ednaj\u00faci jaskynku, ku ktorej sa t\u00ed odv\u00e1\u017enej\u0161\u00ed m\u00f4\u017eu vy\u0161plha\u0165.<\/p>\n\n\n\n<figure class=\"wp-block-image size-full\"><a href=\"https:\/\/www.kosiceregion.com\/wp-content\/uploads\/2020\/07\/Na-Stratenskej-p\u00b0le-scaled.jpg\"><img decoding=\"async\" width=\"2560\" height=\"1920\" src=\"https:\/\/www.kosiceregion.com\/wp-content\/uploads\/2020\/07\/Na-Stratenskej-p\u00b0le-scaled.jpg\" alt=\"\" class=\"wp-image-3502\" srcset=\"https:\/\/www.kosiceregion.com\/wp-content\/uploads\/2020\/07\/Na-Stratenskej-p\u00b0le-scaled.jpg 2560w, https:\/\/www.kosiceregion.com\/wp-content\/uploads\/2020\/07\/Na-Stratenskej-p\u00b0le-300x225.jpg 300w, https:\/\/www.kosiceregion.com\/wp-content\/uploads\/2020\/07\/Na-Stratenskej-p\u00b0le-1024x768.jpg 1024w, https:\/\/www.kosiceregion.com\/wp-content\/uploads\/2020\/07\/Na-Stratenskej-p\u00b0le-768x576.jpg 768w, https:\/\/www.kosiceregion.com\/wp-content\/uploads\/2020\/07\/Na-Stratenskej-p\u00b0le-1536x1152.jpg 1536w, https:\/\/www.kosiceregion.com\/wp-content\/uploads\/2020\/07\/Na-Stratenskej-p\u00b0le-2048x1536.jpg 2048w\" sizes=\"(max-width: 2560px) 100vw, 2560px\" \/><\/a><\/figure>\n\n\n\n<h2 class=\"wp-block-heading\">Prame\u0148, ktor\u00fd te\u010die ob\u010das<\/h2>\n\n\n\n<p>Ke\u010f sa skaly kone\u010dne rozost\u00fapia, vych\u00e1dzame na pekn\u00fa l\u00fa\u010dku a&nbsp;vz\u00e1p\u00e4t\u00ed n\u00e1s cesta op\u00e4\u0165 vedie do lesa. Pohodlne prich\u00e1dzame a\u017e k&nbsp;Ob\u010dasn\u00e9mu prame\u0148u. Je tu pekn\u00fd kryt\u00fd pr\u00edstre\u0161ok \u2013 presne v&nbsp;spr\u00e1vny \u010das na mal\u00e9 ob\u010derstvenie.<\/p>\n\n\n\n<figure class=\"wp-block-image size-full\"><a href=\"https:\/\/www.kosiceregion.com\/wp-content\/uploads\/2020\/07\/Obu\u0308asnz\u030c-prameS\u0301-scaled.jpg\"><img decoding=\"async\" width=\"2560\" height=\"1920\" src=\"https:\/\/www.kosiceregion.com\/wp-content\/uploads\/2020\/07\/Obu\u0308asnz\u030c-prameS\u0301-scaled.jpg\" alt=\"\" class=\"wp-image-3503\" srcset=\"https:\/\/www.kosiceregion.com\/wp-content\/uploads\/2020\/07\/Obu\u0308asnz\u030c-prameS\u0301-scaled.jpg 2560w, https:\/\/www.kosiceregion.com\/wp-content\/uploads\/2020\/07\/Obu\u0308asnz\u030c-prameS\u0301-300x225.jpg 300w, https:\/\/www.kosiceregion.com\/wp-content\/uploads\/2020\/07\/Obu\u0308asnz\u030c-prameS\u0301-1024x768.jpg 1024w, https:\/\/www.kosiceregion.com\/wp-content\/uploads\/2020\/07\/Obu\u0308asnz\u030c-prameS\u0301-768x576.jpg 768w, https:\/\/www.kosiceregion.com\/wp-content\/uploads\/2020\/07\/Obu\u0308asnz\u030c-prameS\u0301-1536x1152.jpg 1536w, https:\/\/www.kosiceregion.com\/wp-content\/uploads\/2020\/07\/Obu\u0308asnz\u030c-prameS\u0301-2048x1536.jpg 2048w\" sizes=\"(max-width: 2560px) 100vw, 2560px\" \/><\/a><\/figure>\n\n\n\n<p>Popri chrumkan\u00ed z\u00e1sob z batoha si m\u00f4\u017eeme sediac v pr\u00edstre\u0161ku aj pre\u010d\u00edta\u0165 o tom, \u017ee prame\u0148 sk\u00famal aj Dion\u00fdz \u0160t\u00far. To, pre\u010do sa vol\u00e1 ob\u010dasn\u00fd, n\u00e1m vysvetl\u00ed pekn\u00e1 kresba toho, ako to vyzer\u00e1 pod zemou. Voda te\u010die len vtedy, ke\u010f je podzemn\u00e1 n\u00e1dr\u017e naplnen\u00e1 do istej v\u00fd\u0161ky a voda je vytl\u00e1\u010dan\u00e1 do otvoru v dolnej \u010dasti n\u00e1dr\u017ee \u2013 deti zvykn\u00fa vtedy skon\u0161tatova\u0165 \u2013 ako ke\u010f sa doma pokaz\u00ed splachova\u010d v z\u00e1chode \u2013 pretek\u00e1.<\/p>\n\n\n\n<iframe loading=\"lazy\" src=\"https:\/\/www.facebook.com\/plugins\/video.php?href=https%3A%2F%2Fwww.facebook.com%2Feva.ducaiova.5%2Fvideos%2F10215786733203007%2F&amp;show_text=0&amp;width=560\" style=\"border:none;overflow:hidden\" scrolling=\"no\" allowtransparency=\"true\" allowfullscreen=\"true\" width=\"560\" height=\"315\" frameborder=\"0\"><\/iframe>\n\n\n\n<figure class=\"wp-block-image size-full\"><a href=\"https:\/\/www.kosiceregion.com\/wp-content\/uploads\/2020\/07\/Panel-pri-Obu\u0308.-prameni-scaled.jpg\"><img decoding=\"async\" width=\"2560\" height=\"1441\" src=\"https:\/\/www.kosiceregion.com\/wp-content\/uploads\/2020\/07\/Panel-pri-Obu\u0308.-prameni-scaled.jpg\" alt=\"\" class=\"wp-image-3504\" srcset=\"https:\/\/www.kosiceregion.com\/wp-content\/uploads\/2020\/07\/Panel-pri-Obu\u0308.-prameni-scaled.jpg 2560w, https:\/\/www.kosiceregion.com\/wp-content\/uploads\/2020\/07\/Panel-pri-Obu\u0308.-prameni-300x169.jpg 300w, https:\/\/www.kosiceregion.com\/wp-content\/uploads\/2020\/07\/Panel-pri-Obu\u0308.-prameni-1024x576.jpg 1024w, https:\/\/www.kosiceregion.com\/wp-content\/uploads\/2020\/07\/Panel-pri-Obu\u0308.-prameni-768x432.jpg 768w, https:\/\/www.kosiceregion.com\/wp-content\/uploads\/2020\/07\/Panel-pri-Obu\u0308.-prameni-1536x865.jpg 1536w, https:\/\/www.kosiceregion.com\/wp-content\/uploads\/2020\/07\/Panel-pri-Obu\u0308.-prameni-2048x1153.jpg 2048w\" sizes=\"(max-width: 2560px) 100vw, 2560px\" \/><\/a><\/figure>\n\n\n\n<p>Prame\u0148 pod cestou vyzer\u00e1 ako nejak\u00e9 technick\u00e9 dielo a&nbsp;te\u010die st\u00e1le. My vieme, \u017ee jeho ob\u010dasnos\u0165 sa prejavuje niekde inde a&nbsp;ozaj len ob\u010das.<\/p>\n\n\n\n<h2 class=\"wp-block-heading\">Hlbok\u00fd n\u00e1dych a hor sa na vrchol<\/h2>\n\n\n\n<p>Odd\u00fdchli sme si a&nbsp;m\u00f4\u017eeme sa vyda\u0165 \u010falej. Hlbok\u00fd n\u00e1dych a&nbsp;za\u010d\u00edname st\u00fapa\u0165, sleduj\u00fac \u017elt\u00fa zna\u010dku. Vyzer\u00e1 to, akoby sme ani ne\u0161li po turistickom chodn\u00edku. \u0160plh\u00e1me sa pomedzi stromy, ale zna\u010dky n\u00e1s bezpe\u010dne ved\u00fa.<\/p>\n\n\n\n<p>Aby sme nemali komplexy z toho, \u017ee mus\u00edme po trase odpo\u010d\u00edva\u0165, s\u00fa tu umiestnen\u00e9 tabule o kvetene a \u017eivo\u010d\u00ed\u0161stve Slovensk\u00e9ho raja.<\/p>\n<p>V&nbsp;z\u00e1vere, tesne pod skalou, sa ter\u00e9n pritvrdzuje. Obch\u00e1dzame a&nbsp;aj prekra\u010dujeme skalky, \u00fazkym chodn\u00edkom v&nbsp;strmine sa dost\u00e1vame k&nbsp;dvom jaskynk\u00e1m v&nbsp;skale, op\u00e4\u0165 miesto na kr\u00e1tky oddych a&nbsp;zop\u00e1r pekn\u00fdch fotiek.<\/p>\n\n\n\n<figure class=\"wp-block-image size-full\"><a href=\"https:\/\/www.kosiceregion.com\/wp-content\/uploads\/2020\/07\/JaskyS\u0301a-v-Hav.sk-3-scaled.jpg\"><img decoding=\"async\" width=\"2560\" height=\"1440\" src=\"https:\/\/www.kosiceregion.com\/wp-content\/uploads\/2020\/07\/JaskyS\u0301a-v-Hav.sk-3-scaled.jpg\" alt=\"\" class=\"wp-image-3506\" srcset=\"https:\/\/www.kosiceregion.com\/wp-content\/uploads\/2020\/07\/JaskyS\u0301a-v-Hav.sk-3-scaled.jpg 2560w, https:\/\/www.kosiceregion.com\/wp-content\/uploads\/2020\/07\/JaskyS\u0301a-v-Hav.sk-3-300x169.jpg 300w, https:\/\/www.kosiceregion.com\/wp-content\/uploads\/2020\/07\/JaskyS\u0301a-v-Hav.sk-3-1024x576.jpg 1024w, https:\/\/www.kosiceregion.com\/wp-content\/uploads\/2020\/07\/JaskyS\u0301a-v-Hav.sk-3-768x432.jpg 768w, https:\/\/www.kosiceregion.com\/wp-content\/uploads\/2020\/07\/JaskyS\u0301a-v-Hav.sk-3-1536x864.jpg 1536w, https:\/\/www.kosiceregion.com\/wp-content\/uploads\/2020\/07\/JaskyS\u0301a-v-Hav.sk-3-2048x1152.jpg 2048w\" sizes=\"(max-width: 2560px) 100vw, 2560px\" \/><\/a><\/figure>\n\n\n\n<p>E\u0161te z\u00e1vere\u010dn\u00fd v\u00fd\u0161vih cez skaln\u00fd prah, \u0161plhanie sa \u00fazkym priechodom pomedzi skaly a u\u017e sme na vrchole. Vychutn\u00e1vame si zasl\u00fa\u017een\u00fa odmenu \u2013 v\u00fdh\u013ead na juh a v\u00fdchod do hlbok\u00fdch dol\u00edn Slovensk\u00e9ho raja, Ga\u010dovsk\u00fa skalu a \u010fal\u0161ie kopce. Aby sme videli hradbu Tatransk\u00fdch \u0161t\u00edtov, mus\u00edme sa pooto\u010di\u0165 viac do\u013eava a aby sme zazreli Kr\u00e1\u013eov\u00fa ho\u013eu, treba prejs\u0165 p\u00e1r metrov lesom z\u00e1padn\u00fdm smerom.<\/p>\n\n\n\n<figure class=\"wp-block-image size-full\"><a href=\"https:\/\/www.kosiceregion.com\/wp-content\/uploads\/2020\/07\/Na-havranej-scaled.jpg\"><img decoding=\"async\" width=\"2560\" height=\"1440\" src=\"https:\/\/www.kosiceregion.com\/wp-content\/uploads\/2020\/07\/Na-havranej-scaled.jpg\" alt=\"\" class=\"wp-image-3509\" srcset=\"https:\/\/www.kosiceregion.com\/wp-content\/uploads\/2020\/07\/Na-havranej-scaled.jpg 2560w, https:\/\/www.kosiceregion.com\/wp-content\/uploads\/2020\/07\/Na-havranej-300x169.jpg 300w, https:\/\/www.kosiceregion.com\/wp-content\/uploads\/2020\/07\/Na-havranej-1024x576.jpg 1024w, https:\/\/www.kosiceregion.com\/wp-content\/uploads\/2020\/07\/Na-havranej-768x432.jpg 768w, https:\/\/www.kosiceregion.com\/wp-content\/uploads\/2020\/07\/Na-havranej-1536x864.jpg 1536w, https:\/\/www.kosiceregion.com\/wp-content\/uploads\/2020\/07\/Na-havranej-2048x1152.jpg 2048w\" sizes=\"(max-width: 2560px) 100vw, 2560px\" \/><\/a><\/figure>\n\n\n\n<div class=\"wp-block-columns is-layout-flex wp-container-core-columns-is-layout-9d6595d7 wp-block-columns-is-layout-flex\">\n<div class=\"wp-block-column is-layout-flow wp-block-column-is-layout-flow\">\n<figure class=\"wp-block-image size-full\"><a href=\"https:\/\/www.kosiceregion.com\/wp-content\/uploads\/2020\/07\/Kr\u2020E\u0307ova-hoE\u0307a-z-HS-scaled.jpg\"><img decoding=\"async\" width=\"2560\" height=\"1920\" src=\"https:\/\/www.kosiceregion.com\/wp-content\/uploads\/2020\/07\/Kr\u2020E\u0307ova-hoE\u0307a-z-HS-scaled.jpg\" alt=\"\" class=\"wp-image-3505\" srcset=\"https:\/\/www.kosiceregion.com\/wp-content\/uploads\/2020\/07\/Kr\u2020E\u0307ova-hoE\u0307a-z-HS-scaled.jpg 2560w, https:\/\/www.kosiceregion.com\/wp-content\/uploads\/2020\/07\/Kr\u2020E\u0307ova-hoE\u0307a-z-HS-300x225.jpg 300w, https:\/\/www.kosiceregion.com\/wp-content\/uploads\/2020\/07\/Kr\u2020E\u0307ova-hoE\u0307a-z-HS-1024x768.jpg 1024w, https:\/\/www.kosiceregion.com\/wp-content\/uploads\/2020\/07\/Kr\u2020E\u0307ova-hoE\u0307a-z-HS-768x576.jpg 768w, https:\/\/www.kosiceregion.com\/wp-content\/uploads\/2020\/07\/Kr\u2020E\u0307ova-hoE\u0307a-z-HS-1536x1152.jpg 1536w, https:\/\/www.kosiceregion.com\/wp-content\/uploads\/2020\/07\/Kr\u2020E\u0307ova-hoE\u0307a-z-HS-2048x1536.jpg 2048w\" sizes=\"(max-width: 2560px) 100vw, 2560px\" \/><\/a><\/figure>\n<\/div>\n\n\n\n<div class=\"wp-block-column is-layout-flow wp-block-column-is-layout-flow\">\n<figure class=\"wp-block-image size-full\"><a href=\"https:\/\/www.kosiceregion.com\/wp-content\/uploads\/2020\/07\/Tatry-z-HS-scaled.jpg\"><img decoding=\"async\" width=\"2560\" height=\"1920\" src=\"https:\/\/www.kosiceregion.com\/wp-content\/uploads\/2020\/07\/Tatry-z-HS-scaled.jpg\" alt=\"\" class=\"wp-image-3507\" srcset=\"https:\/\/www.kosiceregion.com\/wp-content\/uploads\/2020\/07\/Tatry-z-HS-scaled.jpg 2560w, https:\/\/www.kosiceregion.com\/wp-content\/uploads\/2020\/07\/Tatry-z-HS-300x225.jpg 300w, https:\/\/www.kosiceregion.com\/wp-content\/uploads\/2020\/07\/Tatry-z-HS-1024x768.jpg 1024w, https:\/\/www.kosiceregion.com\/wp-content\/uploads\/2020\/07\/Tatry-z-HS-768x576.jpg 768w, https:\/\/www.kosiceregion.com\/wp-content\/uploads\/2020\/07\/Tatry-z-HS-1536x1152.jpg 1536w, https:\/\/www.kosiceregion.com\/wp-content\/uploads\/2020\/07\/Tatry-z-HS-2048x1536.jpg 2048w\" sizes=\"(max-width: 2560px) 100vw, 2560px\" \/><\/a><\/figure>\n<\/div>\n<\/div>\n\n\n\n<h2 class=\"wp-block-heading\">A teraz sp\u00e4\u0165<\/h2>\n\n\n\n<p>\u017dlt\u00e1 zna\u010dka n\u00e1m pon\u00faka zostup zo skaly priamo do Stratensk\u00e9ho ka\u0148ona. Je v\u0161ak v&nbsp;z\u00e1vere\u010dnej \u010dasti pre zostup dos\u0165 nepr\u00edjemn\u00e1. Preto sa vraciame rovnakou cestou a\u017e k&nbsp;Ob\u010dasn\u00e9mu prame\u0148u.<\/p>\n<p>Skontrolujeme e\u0161te raz prame\u0148 \u2013 st\u00e1le te\u010die. Pokra\u010dujeme po \u017eltej zna\u010dke smerom na Zajfy. Z l\u00faky sa n\u00e1m naskyt\u00e1 kr\u00e1sny spiato\u010dn\u00fd poh\u013ead na skalu, na ktorej sme pred chv\u00ed\u013ekou st\u00e1li.<\/p>\n\n\n\n<figure class=\"wp-block-image size-full\"><a href=\"https:\/\/www.kosiceregion.com\/wp-content\/uploads\/2020\/07\/PohE\u0307ad-na-Hav.-sk-zo-\u00dfltej-scaled.jpg\"><img decoding=\"async\" width=\"1440\" height=\"2560\" src=\"https:\/\/www.kosiceregion.com\/wp-content\/uploads\/2020\/07\/PohE\u0307ad-na-Hav.-sk-zo-\u00dfltej-scaled.jpg\" alt=\"\" class=\"wp-image-3508\" srcset=\"https:\/\/www.kosiceregion.com\/wp-content\/uploads\/2020\/07\/PohE\u0307ad-na-Hav.-sk-zo-\u00dfltej-scaled.jpg 1440w, https:\/\/www.kosiceregion.com\/wp-content\/uploads\/2020\/07\/PohE\u0307ad-na-Hav.-sk-zo-\u00dfltej-169x300.jpg 169w, https:\/\/www.kosiceregion.com\/wp-content\/uploads\/2020\/07\/PohE\u0307ad-na-Hav.-sk-zo-\u00dfltej-576x1024.jpg 576w, https:\/\/www.kosiceregion.com\/wp-content\/uploads\/2020\/07\/PohE\u0307ad-na-Hav.-sk-zo-\u00dfltej-768x1365.jpg 768w, https:\/\/www.kosiceregion.com\/wp-content\/uploads\/2020\/07\/PohE\u0307ad-na-Hav.-sk-zo-\u00dfltej-864x1536.jpg 864w, https:\/\/www.kosiceregion.com\/wp-content\/uploads\/2020\/07\/PohE\u0307ad-na-Hav.-sk-zo-\u00dfltej-1152x2048.jpg 1152w\" sizes=\"(max-width: 1440px) 100vw, 1440px\" \/><\/a><\/figure>\n\n\n\n<p>Cesta op\u00e4\u0165 vch\u00e1dza do lesa a v prudkej z\u00e1krute prech\u00e1dza cez such\u00e9 rie\u010disko potoka. Toto je miesto, kde m\u00f4\u017eeme za\u017ei\u0165 Ob\u010dasn\u00fd prame\u0148, takpovediac v akcii. Do such\u00e9ho rie\u010diska kri\u017euj\u00faceho chodn\u00edk v prudkej z\u00e1krute, odrazu priamo z lesa prite\u010die prudk\u00e1 riava, ktor\u00e1 po istom \u010dase op\u00e4\u0165 zmizne. Za 50 rokov chodenia do t\u00fdchto kon\u010d\u00edn sa n\u00e1m to podarilo za\u017ei\u0165 len raz.<\/p>\n\n\n\n<figure class=\"wp-block-image size-full\"><a href=\"https:\/\/www.kosiceregion.com\/wp-content\/uploads\/2020\/07\/Zo-Zajfov-na-p\u00b0lu-2P1030071-scaled.jpg\"><img decoding=\"async\" width=\"1920\" height=\"2560\" src=\"https:\/\/www.kosiceregion.com\/wp-content\/uploads\/2020\/07\/Zo-Zajfov-na-p\u00b0lu-2P1030071-scaled.jpg\" alt=\"\" class=\"wp-image-3510\" srcset=\"https:\/\/www.kosiceregion.com\/wp-content\/uploads\/2020\/07\/Zo-Zajfov-na-p\u00b0lu-2P1030071-scaled.jpg 1920w, https:\/\/www.kosiceregion.com\/wp-content\/uploads\/2020\/07\/Zo-Zajfov-na-p\u00b0lu-2P1030071-225x300.jpg 225w, https:\/\/www.kosiceregion.com\/wp-content\/uploads\/2020\/07\/Zo-Zajfov-na-p\u00b0lu-2P1030071-768x1024.jpg 768w, https:\/\/www.kosiceregion.com\/wp-content\/uploads\/2020\/07\/Zo-Zajfov-na-p\u00b0lu-2P1030071-1152x1536.jpg 1152w, https:\/\/www.kosiceregion.com\/wp-content\/uploads\/2020\/07\/Zo-Zajfov-na-p\u00b0lu-2P1030071-1536x2048.jpg 1536w\" sizes=\"(max-width: 1920px) 100vw, 1920px\" \/><\/a><\/figure>\n\n\n\n<p>Popri rie\u010disku st\u00e1le strmo kles\u00e1me do doliny a&nbsp;most\u00edkom cez Vr\u00e1b\u013eovsk\u00fd potok sa dostaneme na \u0161irok\u00fa lesn\u00fa cestu. O&nbsp;chv\u00ed\u013eu sme na Stratenskej p\u00edle. Op\u00e4\u0165 jedno romantick\u00e9 miesto, kde sa oplat\u00ed posedie\u0165 na brehu vodnej n\u00e1dr\u017ee, len tak bl\u00fadi\u0165 poh\u013eadom naokolo a&nbsp;objavova\u0165 zauj\u00edmav\u00e9 detaily kopcov a&nbsp;ich odraz na vodnej hladine.<\/p>\n<p>Cestou \u00fazkou dolinou proti toku Hnilca vyvraciame hlavy a&nbsp;sledujeme vrcholy sk\u00e1l na pravej strane. Pri tro\u0161ke \u0161\u0165astia n\u00e1m na nich zap\u00f3zuje kamz\u00edk. Je to ich ob\u013e\u00faben\u00e9 miesto a&nbsp;zdr\u017eiavaj\u00fa sa tu najm\u00e4 v&nbsp;zime.<\/p>\n\n\n\n<figure class=\"wp-block-gallery columns-2 is-cropped wp-block-gallery-1 is-layout-flex wp-block-gallery-is-layout-flex\"><ul class=\"blocks-gallery-grid\"><li class=\"blocks-gallery-item\"><figure><a href=\"https:\/\/www.kosiceregion.com\/wp-content\/uploads\/2020\/07\/Straten\u2020-scaled.jpg\"><img decoding=\"async\" width=\"2560\" height=\"1920\" src=\"https:\/\/www.kosiceregion.com\/wp-content\/uploads\/2020\/07\/Straten\u2020-scaled.jpg\" alt=\"\" data-id=\"3501\" data-full-url=\"https:\/\/www.kosiceregion.com\/wp-content\/uploads\/2020\/07\/Straten\u2020-scaled.jpg\" data-link=\"https:\/\/www.kosiceregion.com\/sk\/nezatulajte-sa-s-makovicou-havrania-skala-a-stratensky-kanon\/straten%e2%80%a0\/\" class=\"wp-image-3501\" srcset=\"https:\/\/www.kosiceregion.com\/wp-content\/uploads\/2020\/07\/Straten\u2020-scaled.jpg 2560w, https:\/\/www.kosiceregion.com\/wp-content\/uploads\/2020\/07\/Straten\u2020-300x225.jpg 300w, https:\/\/www.kosiceregion.com\/wp-content\/uploads\/2020\/07\/Straten\u2020-1024x768.jpg 1024w, https:\/\/www.kosiceregion.com\/wp-content\/uploads\/2020\/07\/Straten\u2020-768x576.jpg 768w, https:\/\/www.kosiceregion.com\/wp-content\/uploads\/2020\/07\/Straten\u2020-1536x1152.jpg 1536w, https:\/\/www.kosiceregion.com\/wp-content\/uploads\/2020\/07\/Straten\u2020-2048x1536.jpg 2048w\" sizes=\"(max-width: 2560px) 100vw, 2560px\" \/><\/a><\/figure><\/li><li class=\"blocks-gallery-item\"><figure><a href=\"https:\/\/www.kosiceregion.com\/wp-content\/uploads\/2020\/07\/Kamz\u00b0k-nad-cestou.jpg\"><img decoding=\"async\" width=\"2560\" height=\"1920\" src=\"https:\/\/www.kosiceregion.com\/wp-content\/uploads\/2020\/07\/Kamz\u00b0k-nad-cestou.jpg\" alt=\"\" data-id=\"3511\" data-full-url=\"https:\/\/www.kosiceregion.com\/wp-content\/uploads\/2020\/07\/Kamz\u00b0k-nad-cestou.jpg\" data-link=\"https:\/\/www.kosiceregion.com\/sk\/nezatulajte-sa-s-makovicou-havrania-skala-a-stratensky-kanon\/kamzk-nad-cestou\/\" class=\"wp-image-3511\" srcset=\"https:\/\/www.kosiceregion.com\/wp-content\/uploads\/2020\/07\/Kamz\u00b0k-nad-cestou.jpg 2560w, https:\/\/www.kosiceregion.com\/wp-content\/uploads\/2020\/07\/Kamz\u00b0k-nad-cestou-300x225.jpg 300w, https:\/\/www.kosiceregion.com\/wp-content\/uploads\/2020\/07\/Kamz\u00b0k-nad-cestou-1024x768.jpg 1024w, https:\/\/www.kosiceregion.com\/wp-content\/uploads\/2020\/07\/Kamz\u00b0k-nad-cestou-768x576.jpg 768w, https:\/\/www.kosiceregion.com\/wp-content\/uploads\/2020\/07\/Kamz\u00b0k-nad-cestou-1536x1152.jpg 1536w, https:\/\/www.kosiceregion.com\/wp-content\/uploads\/2020\/07\/Kamz\u00b0k-nad-cestou-2048x1536.jpg 2048w\" sizes=\"(max-width: 2560px) 100vw, 2560px\" \/><\/a><\/figure><\/li><\/ul><\/figure>\n\n\n\n<p>V Stratenej sa oplat\u00ed zastavi\u0165 hne\u010f na za\u010diatku dediny v penzi\u00f3ne \u0160afran \u2013 nielen pre dobr\u00e9 ob\u010derstvenie, ale aj pre star\u00e9 historick\u00e9 fotografie huty v Stratenej, ktor\u00e9 visia na sten\u00e1ch re\u0161taur\u00e1cie. Tu m\u00f4\u017eeme n\u00e1\u0161 v\u00fdlet ukon\u010di\u0165, ale ak n\u00e1m ostalo e\u0161te trochu s\u00edl a najm\u00e4 \u010dasu, oplat\u00ed sa prejs\u0165 cez obec a pokra\u010dova\u0165 do Stratensk\u00e9ho ka\u0148ona. Na \u00fazkej ceste k\u013eukatiacej sa spolu s tokom Hnilca pomedzi strm\u00e9 skaln\u00e9 steny si nedok\u00e1\u017eeme ani predstavi\u0165, \u017ee kedysi tadia\u013eto prem\u00e1val aj autobus.&nbsp;<\/p>\n\n\n\n<figure class=\"wp-block-image size-full\"><a href=\"https:\/\/www.kosiceregion.com\/wp-content\/uploads\/2020\/07\/Stratena-01-scaled.jpg\"><img decoding=\"async\" width=\"2560\" height=\"1920\" src=\"https:\/\/www.kosiceregion.com\/wp-content\/uploads\/2020\/07\/Stratena-01-scaled.jpg\" alt=\"\" class=\"wp-image-3514\" srcset=\"https:\/\/www.kosiceregion.com\/wp-content\/uploads\/2020\/07\/Stratena-01-scaled.jpg 2560w, https:\/\/www.kosiceregion.com\/wp-content\/uploads\/2020\/07\/Stratena-01-300x225.jpg 300w, https:\/\/www.kosiceregion.com\/wp-content\/uploads\/2020\/07\/Stratena-01-1024x768.jpg 1024w, https:\/\/www.kosiceregion.com\/wp-content\/uploads\/2020\/07\/Stratena-01-768x576.jpg 768w, https:\/\/www.kosiceregion.com\/wp-content\/uploads\/2020\/07\/Stratena-01-1536x1152.jpg 1536w, https:\/\/www.kosiceregion.com\/wp-content\/uploads\/2020\/07\/Stratena-01-2048x1536.jpg 2048w\" sizes=\"(max-width: 2560px) 100vw, 2560px\" \/><\/a><\/figure>\n\n\n\n<p>Dnes cel\u00e1 doprava vedie cez tunel. Informa\u010dn\u00e9 tabule, umiestnen\u00e9 tak, aby boli dobre \u010ditate\u013en\u00e9 aj pre voz\u00ed\u010dkarov, n\u00e1m podaj\u00fa inform\u00e1cie o\u00a0tejto pr\u00edrodnej pamiatke. Za ka\u0148onom mus\u00edme \u00eds\u0165 k\u00fasok po ceste, ale zakr\u00e1tko odbo\u010d\u00edme do\u013eava a\u00a0murovan\u00fdm podjazdom popod \u017eeleznicu sa dostaneme na lesn\u00fd chodn\u00edk, ktor\u00fd n\u00e1s privedie a\u017e do Dob\u0161inskej \u013dadovej jaskyne. Tu na\u0161a t\u00fara definit\u00edvne kon\u010d\u00ed.<\/p>\n<p>K\u00fdm pr\u00edde vlak, stihneme e\u0161te ob\u010derstvenie a\u00a0po ceste na stanicu aj kr\u00e1tky n\u00e1u\u010dn\u00fd chodn\u00edk Meandre Hnilca.<\/p>\n\n\n\n<p><iframe style=\"width: 1px; min-width: 100%; height: 700px; border: none;\" src=\"https:\/\/ridewithgps.com\/embeds?type=route&amp;id=33589300&amp;metricUnits=true&amp;sampleGraph=true\" scrolling=\"no\"><\/iframe><\/p>\n","protected":false},"excerpt":{"rendered":"<p>Okru\u017en\u00e1 trasa pote\u0161\u00ed aj turistov, ktor\u00ed sa potrebuj\u00fa vr\u00e1ti\u0165 do v\u00fdchodiskov\u00e9ho bodu k autu. Vyst\u00fapime na Havraniu skalu a prejdeme sa Stratensk\u00fdm ka\u0148onom.<\/p>\n","protected":false},"author":4,"featured_media":3513,"comment_status":"closed","ping_status":"closed","sticky":false,"template":"","format":"standard","meta":{"_acf_changed":false,"_sk_post_content":"<!-- wp:tadv\/classic-paragraph -->\n<p>T\u00e1to okru\u017en\u00e1 trasa v ju\u017enej \u010dasti N\u00e1rodn\u00e9ho parku Slovensk\u00fd raj pote\u0161\u00ed aj turistov, ktor\u00ed prich\u00e1dzaj\u00fa autom, teda sa musia vr\u00e1ti\u0165 do svojho v\u00fdchodiska. Trasa je doslova nabit\u00e1 t\u00fdm, \u010do m\u00f4\u017eeme vidie\u0165, obdivova\u0165 a za\u017ei\u0165 a je aj v\u00fdkonnostne hodnotn\u00e1, ve\u010f zdola\u0165 prev\u00fd\u0161enie viac ako 800 m je v\u00fdzva.<\/p>\n<!-- \/wp:tadv\/classic-paragraph -->\n\n<!-- wp:separator -->\n<hr class=\"wp-block-separator\"\/>\n<!-- \/wp:separator -->\n\n<!-- wp:quote {\"className\":\"is-style-large\"} -->\n<blockquote class=\"wp-block-quote is-style-large\"><p>Zo Stratenej sa po zelenej zna\u010dke okolo cintor\u00edna dostaneme priamo do skaln\u00e9ho mesta a&nbsp;strm\u00fdm st\u00fapan\u00edm pomedzi skaly sa dostaneme na lesn\u00fa zv\u00e1\u017enicu a&nbsp;po nej k&nbsp;Ob\u010dasn\u00e9mu prame\u0148u. Strm\u00fdm chodn\u00edkom po \u017eltej zna\u010dke vyst\u00fapime na Havraniu skalu a&nbsp;vr\u00e1time sa po&nbsp;tej istej trase sp\u00e4\u0165. Pokra\u010dujeme v&nbsp;zostupe po \u017eltej a\u017e na Zajfy a&nbsp;\u010falej po zelenej na Stratensk\u00fa p\u00edlu. \u010ealej n\u00e1s u\u017e povedie \u010derven\u00e1 zna\u010dka do Stratenej. <\/p><p><strong>Ak tu m\u00e1me auto<\/strong>, m\u00f4\u017eeme sa odviez\u0165 k&nbsp;vstupu do Stratensk\u00e9ho ka\u0148ona a&nbsp;prejs\u0165 si aj tento skvost Slovensk\u00e9ho raja. <\/p><p><strong>Ak cestujeme vlakom<\/strong>, pokra\u010dujeme po \u010dervenej zna\u010dke cez Stratensk\u00fd ka\u0148on a&nbsp;podchodom popod \u017eeleznicu na lesn\u00fd chodn\u00edk, ktor\u00fdm sa skratkou dostaneme do Dob\u0161inskej \u013eadovej jaskyne.<\/p><\/blockquote>\n<!-- \/wp:quote -->\n\n<!-- wp:separator -->\n<hr class=\"wp-block-separator\"\/>\n<!-- \/wp:separator -->\n\n<!-- wp:tadv\/classic-paragraph -->\n<p>Na\u0161e poh\u013eady u\u017e pri vystupovan\u00ed z vlaku v Stratenej up\u00fata mohutn\u00e9 skaln\u00e9 mesto priamo nad ve\u017eou kostol\u00edka.<\/p>\n<!-- \/wp:tadv\/classic-paragraph -->\n\n<!-- wp:tadv\/classic-paragraph -->\n<p>Zelen\u00e1 zna\u010dka n\u00e1s vedie pomedzi mal\u00e9 dom\u010deky a poza kostol k cintor\u00ednu. Po jeho \u013eavej strane okolo plota st\u00fapame \u00fazkym chodn\u00ed\u010dkom a poh\u013ead na kr\u00ed\u017ee pod nami berieme ako tich\u00e9 varovanie pred vstupom do exponovan\u00e9ho ter\u00e9nu.<\/p>\n<!-- \/wp:tadv\/classic-paragraph -->\n\n<!-- wp:image {\"id\":3501,\"sizeSlug\":\"full\",\"linkDestination\":\"media\"} -->\n<figure class=\"wp-block-image size-full\"><a href=\"https:\/\/www.kosiceregion.com\/wp-content\/uploads\/2020\/07\/Straten\u2020-scaled.jpg\"><img src=\"https:\/\/www.kosiceregion.com\/wp-content\/uploads\/2020\/07\/Straten\u2020-scaled.jpg\" alt=\"\" class=\"wp-image-3501\"\/><\/a><\/figure>\n<!-- \/wp:image -->\n\n<!-- wp:tadv\/classic-paragraph -->\n<p>Chodn\u00edk sa v&nbsp;strmom st\u00fapan\u00ed kr\u00fati najprv popod skaly, ob\u010das podlezieme alebo prekro\u010d\u00edme nejak\u00fd spadnut\u00fd strom a&nbsp;vch\u00e1dzame priamo do skaln\u00e9ho mesta. Prech\u00e1dzame \u00fazkou dolinou Sokolica medzi dvoma skaln\u00fdmi blokmi Sokol\u00edch sk\u00e1l v\u013eavo a&nbsp;Mar\u010dekovej vpravo. Pr\u00e1ve na pravej strane je aj previs pripom\u00ednaj\u00faci jaskynku, ku ktorej sa t\u00ed odv\u00e1\u017enej\u0161\u00ed m\u00f4\u017eu vy\u0161plha\u0165.<\/p>\n<!-- \/wp:tadv\/classic-paragraph -->\n\n<!-- wp:image {\"id\":3502,\"sizeSlug\":\"full\",\"linkDestination\":\"media\"} -->\n<figure class=\"wp-block-image size-full\"><a href=\"https:\/\/www.kosiceregion.com\/wp-content\/uploads\/2020\/07\/Na-Stratenskej-p\u00b0le-scaled.jpg\"><img src=\"https:\/\/www.kosiceregion.com\/wp-content\/uploads\/2020\/07\/Na-Stratenskej-p\u00b0le-scaled.jpg\" alt=\"\" class=\"wp-image-3502\"\/><\/a><\/figure>\n<!-- \/wp:image -->\n\n<!-- wp:heading -->\n<h2>Prame\u0148, ktor\u00fd te\u010die ob\u010das<\/h2>\n<!-- \/wp:heading -->\n\n<!-- wp:tadv\/classic-paragraph -->\n<p>Ke\u010f sa skaly kone\u010dne rozost\u00fapia, vych\u00e1dzame na pekn\u00fa l\u00fa\u010dku a&nbsp;vz\u00e1p\u00e4t\u00ed n\u00e1s cesta op\u00e4\u0165 vedie do lesa. Pohodlne prich\u00e1dzame a\u017e k&nbsp;Ob\u010dasn\u00e9mu prame\u0148u. Je tu pekn\u00fd kryt\u00fd pr\u00edstre\u0161ok \u2013 presne v&nbsp;spr\u00e1vny \u010das na mal\u00e9 ob\u010derstvenie.<\/p>\n<!-- \/wp:tadv\/classic-paragraph -->\n\n<!-- wp:image {\"id\":3503,\"sizeSlug\":\"full\",\"linkDestination\":\"media\"} -->\n<figure class=\"wp-block-image size-full\"><a href=\"https:\/\/www.kosiceregion.com\/wp-content\/uploads\/2020\/07\/Obu\u0308asnz\u030c-prameS\u0301-scaled.jpg\"><img src=\"https:\/\/www.kosiceregion.com\/wp-content\/uploads\/2020\/07\/Obu\u0308asnz\u030c-prameS\u0301-scaled.jpg\" alt=\"\" class=\"wp-image-3503\"\/><\/a><\/figure>\n<!-- \/wp:image -->\n\n<!-- wp:tadv\/classic-paragraph -->\n<p>Popri chrumkan\u00ed z\u00e1sob z batoha si m\u00f4\u017eeme sediac v pr\u00edstre\u0161ku aj pre\u010d\u00edta\u0165 o tom, \u017ee prame\u0148 sk\u00famal aj Dion\u00fdz \u0160t\u00far. To, pre\u010do sa vol\u00e1 ob\u010dasn\u00fd, n\u00e1m vysvetl\u00ed pekn\u00e1 kresba toho, ako to vyzer\u00e1 pod zemou. Voda te\u010die len vtedy, ke\u010f je podzemn\u00e1 n\u00e1dr\u017e naplnen\u00e1 do istej v\u00fd\u0161ky a voda je vytl\u00e1\u010dan\u00e1 do otvoru v dolnej \u010dasti n\u00e1dr\u017ee \u2013 deti zvykn\u00fa vtedy skon\u0161tatova\u0165 \u2013 ako ke\u010f sa doma pokaz\u00ed splachova\u010d v z\u00e1chode \u2013 pretek\u00e1.<\/p>\n<!-- \/wp:tadv\/classic-paragraph -->\n\n<!-- wp:html -->\n<iframe src=\"https:\/\/www.facebook.com\/plugins\/video.php?href=https%3A%2F%2Fwww.facebook.com%2Feva.ducaiova.5%2Fvideos%2F10215786733203007%2F&amp;show_text=0&amp;width=560\" style=\"border:none;overflow:hidden\" scrolling=\"no\" allowtransparency=\"true\" allowfullscreen=\"true\" width=\"560\" height=\"315\" frameborder=\"0\"><\/iframe>\n<!-- \/wp:html -->\n\n<!-- wp:image {\"id\":3504,\"sizeSlug\":\"full\",\"linkDestination\":\"media\"} -->\n<figure class=\"wp-block-image size-full\"><a href=\"https:\/\/www.kosiceregion.com\/wp-content\/uploads\/2020\/07\/Panel-pri-Obu\u0308.-prameni-scaled.jpg\"><img src=\"https:\/\/www.kosiceregion.com\/wp-content\/uploads\/2020\/07\/Panel-pri-Obu\u0308.-prameni-scaled.jpg\" alt=\"\" class=\"wp-image-3504\"\/><\/a><\/figure>\n<!-- \/wp:image -->\n\n<!-- wp:tadv\/classic-paragraph -->\n<p>Prame\u0148 pod cestou vyzer\u00e1 ako nejak\u00e9 technick\u00e9 dielo a&nbsp;te\u010die st\u00e1le. My vieme, \u017ee jeho ob\u010dasnos\u0165 sa prejavuje niekde inde a&nbsp;ozaj len ob\u010das.<\/p>\n<!-- \/wp:tadv\/classic-paragraph -->\n\n<!-- wp:heading -->\n<h2>Hlbok\u00fd n\u00e1dych a hor sa na vrchol<\/h2>\n<!-- \/wp:heading -->\n\n<!-- wp:tadv\/classic-paragraph -->\n<p>Odd\u00fdchli sme si a&nbsp;m\u00f4\u017eeme sa vyda\u0165 \u010falej. Hlbok\u00fd n\u00e1dych a&nbsp;za\u010d\u00edname st\u00fapa\u0165, sleduj\u00fac \u017elt\u00fa zna\u010dku. Vyzer\u00e1 to, akoby sme ani ne\u0161li po turistickom chodn\u00edku. \u0160plh\u00e1me sa pomedzi stromy, ale zna\u010dky n\u00e1s bezpe\u010dne ved\u00fa.<\/p>\n<!-- \/wp:tadv\/classic-paragraph -->\n\n<!-- wp:tadv\/classic-paragraph -->\n<p>Aby sme nemali komplexy z toho, \u017ee mus\u00edme po trase odpo\u010d\u00edva\u0165, s\u00fa tu umiestnen\u00e9 tabule o kvetene a \u017eivo\u010d\u00ed\u0161stve Slovensk\u00e9ho raja.<\/p>\n<p>V&nbsp;z\u00e1vere, tesne pod skalou, sa ter\u00e9n pritvrdzuje. Obch\u00e1dzame a&nbsp;aj prekra\u010dujeme skalky, \u00fazkym chodn\u00edkom v&nbsp;strmine sa dost\u00e1vame k&nbsp;dvom jaskynk\u00e1m v&nbsp;skale, op\u00e4\u0165 miesto na kr\u00e1tky oddych a&nbsp;zop\u00e1r pekn\u00fdch fotiek.<\/p>\n<!-- \/wp:tadv\/classic-paragraph -->\n\n<!-- wp:image {\"id\":3506,\"sizeSlug\":\"full\",\"linkDestination\":\"media\"} -->\n<figure class=\"wp-block-image size-full\"><a href=\"https:\/\/www.kosiceregion.com\/wp-content\/uploads\/2020\/07\/JaskyS\u0301a-v-Hav.sk-3-scaled.jpg\"><img src=\"https:\/\/www.kosiceregion.com\/wp-content\/uploads\/2020\/07\/JaskyS\u0301a-v-Hav.sk-3-scaled.jpg\" alt=\"\" class=\"wp-image-3506\"\/><\/a><\/figure>\n<!-- \/wp:image -->\n\n<!-- wp:tadv\/classic-paragraph -->\n<p>E\u0161te z\u00e1vere\u010dn\u00fd v\u00fd\u0161vih cez skaln\u00fd prah, \u0161plhanie sa \u00fazkym priechodom pomedzi skaly a u\u017e sme na vrchole. Vychutn\u00e1vame si zasl\u00fa\u017een\u00fa odmenu \u2013 v\u00fdh\u013ead na juh a v\u00fdchod do hlbok\u00fdch dol\u00edn Slovensk\u00e9ho raja, Ga\u010dovsk\u00fa skalu a \u010fal\u0161ie kopce. Aby sme videli hradbu Tatransk\u00fdch \u0161t\u00edtov, mus\u00edme sa pooto\u010di\u0165 viac do\u013eava a aby sme zazreli Kr\u00e1\u013eov\u00fa ho\u013eu, treba prejs\u0165 p\u00e1r metrov lesom z\u00e1padn\u00fdm smerom.<\/p>\n<!-- \/wp:tadv\/classic-paragraph -->\n\n<!-- wp:image {\"id\":3509,\"sizeSlug\":\"full\",\"linkDestination\":\"media\"} -->\n<figure class=\"wp-block-image size-full\"><a href=\"https:\/\/www.kosiceregion.com\/wp-content\/uploads\/2020\/07\/Na-havranej-scaled.jpg\"><img src=\"https:\/\/www.kosiceregion.com\/wp-content\/uploads\/2020\/07\/Na-havranej-scaled.jpg\" alt=\"\" class=\"wp-image-3509\"\/><\/a><\/figure>\n<!-- \/wp:image -->\n\n<!-- wp:columns -->\n<div class=\"wp-block-columns\"><!-- wp:column -->\n<div class=\"wp-block-column\"><!-- wp:image {\"id\":3505,\"sizeSlug\":\"full\",\"linkDestination\":\"media\"} -->\n<figure class=\"wp-block-image size-full\"><a href=\"https:\/\/www.kosiceregion.com\/wp-content\/uploads\/2020\/07\/Kr\u2020E\u0307ova-hoE\u0307a-z-HS-scaled.jpg\"><img src=\"https:\/\/www.kosiceregion.com\/wp-content\/uploads\/2020\/07\/Kr\u2020E\u0307ova-hoE\u0307a-z-HS-scaled.jpg\" alt=\"\" class=\"wp-image-3505\"\/><\/a><\/figure>\n<!-- \/wp:image --><\/div>\n<!-- \/wp:column -->\n\n<!-- wp:column -->\n<div class=\"wp-block-column\"><!-- wp:image {\"id\":3507,\"sizeSlug\":\"full\",\"linkDestination\":\"media\"} -->\n<figure class=\"wp-block-image size-full\"><a href=\"https:\/\/www.kosiceregion.com\/wp-content\/uploads\/2020\/07\/Tatry-z-HS-scaled.jpg\"><img src=\"https:\/\/www.kosiceregion.com\/wp-content\/uploads\/2020\/07\/Tatry-z-HS-scaled.jpg\" alt=\"\" class=\"wp-image-3507\"\/><\/a><\/figure>\n<!-- \/wp:image --><\/div>\n<!-- \/wp:column --><\/div>\n<!-- \/wp:columns -->\n\n<!-- wp:heading -->\n<h2>A teraz sp\u00e4\u0165<\/h2>\n<!-- \/wp:heading -->\n\n<!-- wp:tadv\/classic-paragraph -->\n<p>\u017dlt\u00e1 zna\u010dka n\u00e1m pon\u00faka zostup zo skaly priamo do Stratensk\u00e9ho ka\u0148ona. Je v\u0161ak v&nbsp;z\u00e1vere\u010dnej \u010dasti pre zostup dos\u0165 nepr\u00edjemn\u00e1. Preto sa vraciame rovnakou cestou a\u017e k&nbsp;Ob\u010dasn\u00e9mu prame\u0148u.<\/p>\n<p>Skontrolujeme e\u0161te raz prame\u0148 \u2013 st\u00e1le te\u010die. Pokra\u010dujeme po \u017eltej zna\u010dke smerom na Zajfy. Z l\u00faky sa n\u00e1m naskyt\u00e1 kr\u00e1sny spiato\u010dn\u00fd poh\u013ead na skalu, na ktorej sme pred chv\u00ed\u013ekou st\u00e1li.<\/p>\n<!-- \/wp:tadv\/classic-paragraph -->\n\n<!-- wp:image {\"id\":3508,\"sizeSlug\":\"full\",\"linkDestination\":\"media\"} -->\n<figure class=\"wp-block-image size-full\"><a href=\"https:\/\/www.kosiceregion.com\/wp-content\/uploads\/2020\/07\/PohE\u0307ad-na-Hav.-sk-zo-\u00dfltej-scaled.jpg\"><img src=\"https:\/\/www.kosiceregion.com\/wp-content\/uploads\/2020\/07\/PohE\u0307ad-na-Hav.-sk-zo-\u00dfltej-scaled.jpg\" alt=\"\" class=\"wp-image-3508\"\/><\/a><\/figure>\n<!-- \/wp:image -->\n\n<!-- wp:tadv\/classic-paragraph -->\n<p>Cesta op\u00e4\u0165 vch\u00e1dza do lesa a v prudkej z\u00e1krute prech\u00e1dza cez such\u00e9 rie\u010disko potoka. Toto je miesto, kde m\u00f4\u017eeme za\u017ei\u0165 Ob\u010dasn\u00fd prame\u0148, takpovediac v akcii. Do such\u00e9ho rie\u010diska kri\u017euj\u00faceho chodn\u00edk v prudkej z\u00e1krute, odrazu priamo z lesa prite\u010die prudk\u00e1 riava, ktor\u00e1 po istom \u010dase op\u00e4\u0165 zmizne. Za 50 rokov chodenia do t\u00fdchto kon\u010d\u00edn sa n\u00e1m to podarilo za\u017ei\u0165 len raz.<\/p>\n<!-- \/wp:tadv\/classic-paragraph -->\n\n<!-- wp:image {\"id\":3510,\"sizeSlug\":\"full\",\"linkDestination\":\"media\"} -->\n<figure class=\"wp-block-image size-full\"><a href=\"https:\/\/www.kosiceregion.com\/wp-content\/uploads\/2020\/07\/Zo-Zajfov-na-p\u00b0lu-2P1030071-scaled.jpg\"><img src=\"https:\/\/www.kosiceregion.com\/wp-content\/uploads\/2020\/07\/Zo-Zajfov-na-p\u00b0lu-2P1030071-scaled.jpg\" alt=\"\" class=\"wp-image-3510\"\/><\/a><\/figure>\n<!-- \/wp:image -->\n\n<!-- wp:tadv\/classic-paragraph -->\n<p>Popri rie\u010disku st\u00e1le strmo kles\u00e1me do doliny a&nbsp;most\u00edkom cez Vr\u00e1b\u013eovsk\u00fd potok sa dostaneme na \u0161irok\u00fa lesn\u00fa cestu. O&nbsp;chv\u00ed\u013eu sme na Stratenskej p\u00edle. Op\u00e4\u0165 jedno romantick\u00e9 miesto, kde sa oplat\u00ed posedie\u0165 na brehu vodnej n\u00e1dr\u017ee, len tak bl\u00fadi\u0165 poh\u013eadom naokolo a&nbsp;objavova\u0165 zauj\u00edmav\u00e9 detaily kopcov a&nbsp;ich odraz na vodnej hladine.<\/p>\n<p>Cestou \u00fazkou dolinou proti toku Hnilca vyvraciame hlavy a&nbsp;sledujeme vrcholy sk\u00e1l na pravej strane. Pri tro\u0161ke \u0161\u0165astia n\u00e1m na nich zap\u00f3zuje kamz\u00edk. Je to ich ob\u013e\u00faben\u00e9 miesto a&nbsp;zdr\u017eiavaj\u00fa sa tu najm\u00e4 v&nbsp;zime.<\/p>\n<!-- \/wp:tadv\/classic-paragraph -->\n\n<!-- wp:gallery {\"ids\":[3501,3511],\"linkTo\":\"media\",\"sizeSlug\":\"full\"} -->\n<figure class=\"wp-block-gallery columns-2 is-cropped\"><ul class=\"blocks-gallery-grid\"><li class=\"blocks-gallery-item\"><figure><a href=\"https:\/\/www.kosiceregion.com\/wp-content\/uploads\/2020\/07\/Straten\u2020-scaled.jpg\"><img src=\"https:\/\/www.kosiceregion.com\/wp-content\/uploads\/2020\/07\/Straten\u2020-scaled.jpg\" alt=\"\" data-id=\"3501\" data-full-url=\"https:\/\/www.kosiceregion.com\/wp-content\/uploads\/2020\/07\/Straten\u2020-scaled.jpg\" data-link=\"https:\/\/www.kosiceregion.com\/sk\/nezatulajte-sa-s-makovicou-havrania-skala-a-stratensky-kanon\/straten%e2%80%a0\/\" class=\"wp-image-3501\"\/><\/a><\/figure><\/li><li class=\"blocks-gallery-item\"><figure><a href=\"https:\/\/www.kosiceregion.com\/wp-content\/uploads\/2020\/07\/Kamz\u00b0k-nad-cestou.jpg\"><img src=\"https:\/\/www.kosiceregion.com\/wp-content\/uploads\/2020\/07\/Kamz\u00b0k-nad-cestou.jpg\" alt=\"\" data-id=\"3511\" data-full-url=\"https:\/\/www.kosiceregion.com\/wp-content\/uploads\/2020\/07\/Kamz\u00b0k-nad-cestou.jpg\" data-link=\"https:\/\/www.kosiceregion.com\/sk\/nezatulajte-sa-s-makovicou-havrania-skala-a-stratensky-kanon\/kamzk-nad-cestou\/\" class=\"wp-image-3511\"\/><\/a><\/figure><\/li><\/ul><\/figure>\n<!-- \/wp:gallery -->\n\n<!-- wp:tadv\/classic-paragraph -->\n<p>V Stratenej sa oplat\u00ed zastavi\u0165 hne\u010f na za\u010diatku dediny v penzi\u00f3ne \u0160afran \u2013 nielen pre dobr\u00e9 ob\u010derstvenie, ale aj pre star\u00e9 historick\u00e9 fotografie huty v Stratenej, ktor\u00e9 visia na sten\u00e1ch re\u0161taur\u00e1cie. Tu m\u00f4\u017eeme n\u00e1\u0161 v\u00fdlet ukon\u010di\u0165, ale ak n\u00e1m ostalo e\u0161te trochu s\u00edl a najm\u00e4 \u010dasu, oplat\u00ed sa prejs\u0165 cez obec a pokra\u010dova\u0165 do Stratensk\u00e9ho ka\u0148ona. Na \u00fazkej ceste k\u013eukatiacej sa spolu s tokom Hnilca pomedzi strm\u00e9 skaln\u00e9 steny si nedok\u00e1\u017eeme ani predstavi\u0165, \u017ee kedysi tadia\u013eto prem\u00e1val aj autobus.&nbsp;<\/p>\n<!-- \/wp:tadv\/classic-paragraph -->\n\n<!-- wp:image {\"id\":3514,\"sizeSlug\":\"full\",\"linkDestination\":\"media\"} -->\n<figure class=\"wp-block-image size-full\"><a href=\"https:\/\/www.kosiceregion.com\/wp-content\/uploads\/2020\/07\/Stratena-01-scaled.jpg\"><img src=\"https:\/\/www.kosiceregion.com\/wp-content\/uploads\/2020\/07\/Stratena-01-scaled.jpg\" alt=\"\" class=\"wp-image-3514\"\/><\/a><\/figure>\n<!-- \/wp:image -->\n\n<!-- wp:tadv\/classic-paragraph -->\n<p>Dnes cel\u00e1 doprava vedie cez tunel. Informa\u010dn\u00e9 tabule, umiestnen\u00e9 tak, aby boli dobre \u010ditate\u013en\u00e9 aj pre voz\u00ed\u010dkarov, n\u00e1m podaj\u00fa inform\u00e1cie o\u00a0tejto pr\u00edrodnej pamiatke. Za ka\u0148onom mus\u00edme \u00eds\u0165 k\u00fasok po ceste, ale zakr\u00e1tko odbo\u010d\u00edme do\u013eava a\u00a0murovan\u00fdm podjazdom popod \u017eeleznicu sa dostaneme na lesn\u00fd chodn\u00edk, ktor\u00fd n\u00e1s privedie a\u017e do Dob\u0161inskej \u013dadovej jaskyne. Tu na\u0161a t\u00fara definit\u00edvne kon\u010d\u00ed.<\/p>\n<p>K\u00fdm pr\u00edde vlak, stihneme e\u0161te ob\u010derstvenie a\u00a0po ceste na stanicu aj kr\u00e1tky n\u00e1u\u010dn\u00fd chodn\u00edk Meandre Hnilca.<\/p>\n<!-- \/wp:tadv\/classic-paragraph -->\n\n<!-- wp:tadv\/classic-paragraph -->\n<p><iframe style=\"width: 1px; min-width: 100%; height: 700px; border: none;\" src=\"https:\/\/ridewithgps.com\/embeds?type=route&amp;id=33589300&amp;metricUnits=true&amp;sampleGraph=true\" scrolling=\"no\"><\/iframe><\/p>\n<!-- \/wp:tadv\/classic-paragraph -->","_sk_post_name":"nezatulajte-sa-s-makovicou-havrania-skala-a-stratensky-kanon","_sk_post_excerpt":"Okru\u017en\u00e1 trasa pote\u0161\u00ed aj turistov, ktor\u00ed sa potrebuj\u00fa vr\u00e1ti\u0165 do v\u00fdchodiskov\u00e9ho bodu k autu. Vyst\u00fapime na Havraniu skalu a prejdeme sa Stratensk\u00fdm ka\u0148onom.","_sk_post_title":"(neza)T\u00falajte sa s Makovicou: Havrania skala a Stratensk\u00fd ka\u0148on","_en_post_content":"","_en_post_name":"","_en_post_excerpt":"","_en_post_title":"","_hu_post_content":"","_hu_post_name":"","_hu_post_excerpt":"","_hu_post_title":"","_es_post_content":"","_es_post_name":"","_es_post_excerpt":"","_es_post_title":"","_de_post_content":"","_de_post_name":"","_de_post_excerpt":"","_de_post_title":"","_pl_post_content":"","_pl_post_name":"","_pl_post_excerpt":"","_pl_post_title":"","_it_post_content":"","_it_post_name":"","_it_post_excerpt":"","_it_post_title":"","edit_language":"sk","footnotes":""},"categories":[1],"tags":[269,258,33,130,260,32,128],"class_list":["post-3500","post","type-post","status-publish","format-standard","has-post-thumbnail","hentry","category-uncategorized","tag-havrania-skala","tag-makovica","tag-slovensky-raj","tag-stratena","tag-tip-na-vylet","tag-turistika","tag-vylet"],"acf":[],"yoast_head":"<!-- This site is optimized with the Yoast SEO Premium plugin v25.5 (Yoast SEO v27.4) - https:\/\/yoast.com\/product\/yoast-seo-premium-wordpress\/ -->\n<title>Ko\u0161ice Regi\u00f3n<\/title>\n<meta name=\"description\" content=\"Okru\u017en\u00e1 trasa pote\u0161\u00ed aj turistov, ktor\u00ed sa potrebuj\u00fa vr\u00e1ti\u0165 do v\u00fdchodiskov\u00e9ho bodu k autu. Vyst\u00fapime na Havraniu skalu a prejdeme sa Stratensk\u00fdm ka\u0148onom.\" \/>\n<meta name=\"robots\" content=\"index, follow, max-snippet:-1, max-image-preview:large, max-video-preview:-1\" \/>\n<link rel=\"canonical\" href=\"https:\/\/www.kosiceregion.com\/hu\/nezatulajte-sa-s-makovicou-havrania-skala-a-stratensky-kanon\/\" \/>\n<meta property=\"og:locale\" content=\"sk_SK\" \/>\n<meta property=\"og:type\" content=\"article\" \/>\n<meta property=\"og:title\" content=\"(neza)T\u00falajte sa s Makovicou: Havrania skala a Stratensk\u00fd ka\u0148on\" \/>\n<meta property=\"og:description\" content=\"Okru\u017en\u00e1 trasa pote\u0161\u00ed aj turistov, ktor\u00ed sa potrebuj\u00fa vr\u00e1ti\u0165 do v\u00fdchodiskov\u00e9ho bodu k autu. Vyst\u00fapime na Havraniu skalu a prejdeme sa Stratensk\u00fdm ka\u0148onom.\" \/>\n<meta property=\"og:url\" content=\"https:\/\/www.kosiceregion.com\/sk\/wp-json\/wp\/v2\/posts\/3500\" \/>\n<meta property=\"og:site_name\" content=\"Ko\u0161ice Regi\u00f3n\" \/>\n<meta property=\"article:publisher\" content=\"https:\/\/www.facebook.com\/kosiceregion\" \/>\n<meta property=\"article:published_time\" content=\"2020-07-02T14:03:33+00:00\" \/>\n<meta property=\"article:modified_time\" content=\"2020-07-31T13:40:24+00:00\" \/>\n<meta property=\"og:image\" content=\"https:\/\/www.kosiceregion.com\/wp-content\/uploads\/2020\/07\/DJI_0009-3-1-scaled.jpg\" \/>\n\t<meta property=\"og:image:width\" content=\"2560\" \/>\n\t<meta property=\"og:image:height\" content=\"1920\" \/>\n\t<meta property=\"og:image:type\" content=\"image\/jpeg\" \/>\n<meta name=\"author\" content=\"Viktor Wurm\" \/>\n<meta name=\"twitter:card\" content=\"summary_large_image\" \/>\n<meta name=\"twitter:creator\" content=\"@KOSICEREGION\" \/>\n<meta name=\"twitter:site\" content=\"@KOSICEREGION\" \/>\n<meta name=\"twitter:label1\" content=\"Autor\" \/>\n\t<meta name=\"twitter:data1\" content=\"Viktor Wurm\" \/>\n\t<meta name=\"twitter:label2\" content=\"Predpokladan\u00fd \u010das \u010d\u00edtania\" \/>\n\t<meta name=\"twitter:data2\" content=\"6 min\u00fat\" \/>\n<script type=\"application\/ld+json\" class=\"yoast-schema-graph\">{\"@context\":\"https:\\\/\\\/schema.org\",\"@graph\":[{\"@type\":\"Article\",\"@id\":\"https:\\\/\\\/www.kosiceregion.com\\\/hu\\\/nezatulajte-sa-s-makovicou-havrania-skala-a-stratensky-kanon\\\/#article\",\"isPartOf\":{\"@id\":\"https:\\\/\\\/www.kosiceregion.com\\\/hu\\\/nezatulajte-sa-s-makovicou-havrania-skala-a-stratensky-kanon\\\/\"},\"author\":{\"name\":\"Viktor Wurm\",\"@id\":\"https:\\\/\\\/www.kosiceregion.com\\\/#\\\/schema\\\/person\\\/6edc663d2cb6eb17e62cdd96a2e33b53\"},\"headline\":\"(neza)T\u00falajte sa s Makovicou: Havrania skala a Stratensk\u00fd ka\u0148on\",\"datePublished\":\"2020-07-02T14:03:33+00:00\",\"dateModified\":\"2020-07-31T13:40:24+00:00\",\"mainEntityOfPage\":{\"@id\":\"https:\\\/\\\/www.kosiceregion.com\\\/hu\\\/nezatulajte-sa-s-makovicou-havrania-skala-a-stratensky-kanon\\\/\"},\"wordCount\":1240,\"publisher\":{\"@id\":\"https:\\\/\\\/www.kosiceregion.com\\\/#organization\"},\"image\":{\"@id\":\"https:\\\/\\\/www.kosiceregion.com\\\/hu\\\/nezatulajte-sa-s-makovicou-havrania-skala-a-stratensky-kanon\\\/#primaryimage\"},\"thumbnailUrl\":\"https:\\\/\\\/www.kosiceregion.com\\\/wp-content\\\/uploads\\\/2020\\\/07\\\/DJI_0009-3-1-scaled.jpg\",\"keywords\":[\"havrania skala\",\"makovica\",\"Slovensk\u00fd raj\",\"Straten\u00e1\",\"tip na v\u00fdlet\",\"turistika\",\"v\u00fdlet\"],\"inLanguage\":\"sk-SK\"},{\"@type\":\"WebPage\",\"@id\":\"https:\\\/\\\/www.kosiceregion.com\\\/hu\\\/nezatulajte-sa-s-makovicou-havrania-skala-a-stratensky-kanon\\\/\",\"url\":\"https:\\\/\\\/www.kosiceregion.com\\\/hu\\\/nezatulajte-sa-s-makovicou-havrania-skala-a-stratensky-kanon\\\/\",\"name\":\"(neza)T\u00falajte sa s Makovicou: Havrania skala a Stratensk\u00fd ka\u0148on - Ko\u0161ice Regi\u00f3n\",\"isPartOf\":{\"@id\":\"https:\\\/\\\/www.kosiceregion.com\\\/#website\"},\"primaryImageOfPage\":{\"@id\":\"https:\\\/\\\/www.kosiceregion.com\\\/hu\\\/nezatulajte-sa-s-makovicou-havrania-skala-a-stratensky-kanon\\\/#primaryimage\"},\"image\":{\"@id\":\"https:\\\/\\\/www.kosiceregion.com\\\/hu\\\/nezatulajte-sa-s-makovicou-havrania-skala-a-stratensky-kanon\\\/#primaryimage\"},\"thumbnailUrl\":\"https:\\\/\\\/www.kosiceregion.com\\\/wp-content\\\/uploads\\\/2020\\\/07\\\/DJI_0009-3-1-scaled.jpg\",\"datePublished\":\"2020-07-02T14:03:33+00:00\",\"dateModified\":\"2020-07-31T13:40:24+00:00\",\"description\":\"Okru\u017en\u00e1 trasa pote\u0161\u00ed aj turistov, ktor\u00ed sa potrebuj\u00fa vr\u00e1ti\u0165 do v\u00fdchodiskov\u00e9ho bodu k autu. Vyst\u00fapime na Havraniu skalu a prejdeme sa Stratensk\u00fdm ka\u0148onom.\",\"breadcrumb\":{\"@id\":\"https:\\\/\\\/www.kosiceregion.com\\\/hu\\\/nezatulajte-sa-s-makovicou-havrania-skala-a-stratensky-kanon\\\/#breadcrumb\"},\"inLanguage\":\"sk-SK\",\"potentialAction\":[{\"@type\":\"ReadAction\",\"target\":[\"https:\\\/\\\/www.kosiceregion.com\\\/hu\\\/nezatulajte-sa-s-makovicou-havrania-skala-a-stratensky-kanon\\\/\"]}]},{\"@type\":\"ImageObject\",\"inLanguage\":\"sk-SK\",\"@id\":\"https:\\\/\\\/www.kosiceregion.com\\\/hu\\\/nezatulajte-sa-s-makovicou-havrania-skala-a-stratensky-kanon\\\/#primaryimage\",\"url\":\"https:\\\/\\\/www.kosiceregion.com\\\/wp-content\\\/uploads\\\/2020\\\/07\\\/DJI_0009-3-1-scaled.jpg\",\"contentUrl\":\"https:\\\/\\\/www.kosiceregion.com\\\/wp-content\\\/uploads\\\/2020\\\/07\\\/DJI_0009-3-1-scaled.jpg\",\"width\":2560,\"height\":1920,\"caption\":\"havrania skala\"},{\"@type\":\"BreadcrumbList\",\"@id\":\"https:\\\/\\\/www.kosiceregion.com\\\/hu\\\/nezatulajte-sa-s-makovicou-havrania-skala-a-stratensky-kanon\\\/#breadcrumb\",\"itemListElement\":[{\"@type\":\"ListItem\",\"position\":1,\"name\":\"Home\",\"item\":\"https:\\\/\\\/www.kosiceregion.com\\\/sk\\\/\"},{\"@type\":\"ListItem\",\"position\":2,\"name\":\"(neza)T\u00falajte sa s Makovicou: Havrania skala a Stratensk\u00fd ka\u0148on\"}]},{\"@type\":\"WebSite\",\"@id\":\"https:\\\/\\\/www.kosiceregion.com\\\/#website\",\"url\":\"https:\\\/\\\/www.kosiceregion.com\\\/\",\"name\":\"Ko\u0161ice Regi\u00f3n\",\"description\":\"Turistick\u00fd sprievodca Ko\u0161ick\u00fdm krajom\",\"publisher\":{\"@id\":\"https:\\\/\\\/www.kosiceregion.com\\\/#organization\"},\"potentialAction\":[{\"@type\":\"SearchAction\",\"target\":{\"@type\":\"EntryPoint\",\"urlTemplate\":\"https:\\\/\\\/www.kosiceregion.com\\\/?s={search_term_string}\"},\"query-input\":{\"@type\":\"PropertyValueSpecification\",\"valueRequired\":true,\"valueName\":\"search_term_string\"}}],\"inLanguage\":\"sk-SK\"},{\"@type\":\"Organization\",\"@id\":\"https:\\\/\\\/www.kosiceregion.com\\\/#organization\",\"name\":\"Ko\u0161ice Regi\u00f3n Turizmus\",\"url\":\"https:\\\/\\\/www.kosiceregion.com\\\/\",\"logo\":{\"@type\":\"ImageObject\",\"inLanguage\":\"sk-SK\",\"@id\":\"https:\\\/\\\/www.kosiceregion.com\\\/#\\\/schema\\\/logo\\\/image\\\/\",\"url\":\"https:\\\/\\\/www.kosiceregion.com\\\/wp-content\\\/uploads\\\/2019\\\/03\\\/logo-web-sk.png\",\"contentUrl\":\"https:\\\/\\\/www.kosiceregion.com\\\/wp-content\\\/uploads\\\/2019\\\/03\\\/logo-web-sk.png\",\"width\":225,\"height\":100,\"caption\":\"Ko\u0161ice Regi\u00f3n Turizmus\"},\"image\":{\"@id\":\"https:\\\/\\\/www.kosiceregion.com\\\/#\\\/schema\\\/logo\\\/image\\\/\"},\"sameAs\":[\"https:\\\/\\\/www.facebook.com\\\/kosiceregion\",\"https:\\\/\\\/x.com\\\/KOSICEREGION\",\"https:\\\/\\\/www.instagram.com\\\/kosiceregion\",\"https:\\\/\\\/www.youtube.com\\\/kosiceregion\"]},{\"@type\":\"Person\",\"@id\":\"https:\\\/\\\/www.kosiceregion.com\\\/#\\\/schema\\\/person\\\/6edc663d2cb6eb17e62cdd96a2e33b53\",\"name\":\"Viktor Wurm\",\"image\":{\"@type\":\"ImageObject\",\"inLanguage\":\"sk-SK\",\"@id\":\"https:\\\/\\\/secure.gravatar.com\\\/avatar\\\/ef6238603ec61ca9ce57c6e94cbce41d12a371c9a048501ae6ca8a34ac93a24c?s=96&d=mm&r=g\",\"url\":\"https:\\\/\\\/secure.gravatar.com\\\/avatar\\\/ef6238603ec61ca9ce57c6e94cbce41d12a371c9a048501ae6ca8a34ac93a24c?s=96&d=mm&r=g\",\"contentUrl\":\"https:\\\/\\\/secure.gravatar.com\\\/avatar\\\/ef6238603ec61ca9ce57c6e94cbce41d12a371c9a048501ae6ca8a34ac93a24c?s=96&d=mm&r=g\",\"caption\":\"Viktor Wurm\"}}]}<\/script>\n<!-- \/ Yoast SEO Premium plugin. -->","yoast_head_json":{"title":"Ko\u0161ice Regi\u00f3n","description":"Okru\u017en\u00e1 trasa pote\u0161\u00ed aj turistov, ktor\u00ed sa potrebuj\u00fa vr\u00e1ti\u0165 do v\u00fdchodiskov\u00e9ho bodu k autu. Vyst\u00fapime na Havraniu skalu a prejdeme sa Stratensk\u00fdm ka\u0148onom.","robots":{"index":"index","follow":"follow","max-snippet":"max-snippet:-1","max-image-preview":"max-image-preview:large","max-video-preview":"max-video-preview:-1"},"canonical":"https:\/\/www.kosiceregion.com\/hu\/nezatulajte-sa-s-makovicou-havrania-skala-a-stratensky-kanon\/","og_locale":"sk_SK","og_type":"article","og_title":"(neza)T\u00falajte sa s Makovicou: Havrania skala a Stratensk\u00fd ka\u0148on","og_description":"Okru\u017en\u00e1 trasa pote\u0161\u00ed aj turistov, ktor\u00ed sa potrebuj\u00fa vr\u00e1ti\u0165 do v\u00fdchodiskov\u00e9ho bodu k autu. Vyst\u00fapime na Havraniu skalu a prejdeme sa Stratensk\u00fdm ka\u0148onom.","og_url":"https:\/\/www.kosiceregion.com\/sk\/wp-json\/wp\/v2\/posts\/3500","og_site_name":"Ko\u0161ice Regi\u00f3n","article_publisher":"https:\/\/www.facebook.com\/kosiceregion","article_published_time":"2020-07-02T14:03:33+00:00","article_modified_time":"2020-07-31T13:40:24+00:00","og_image":[{"width":2560,"height":1920,"url":"https:\/\/www.kosiceregion.com\/wp-content\/uploads\/2020\/07\/DJI_0009-3-1-scaled.jpg","type":"image\/jpeg"}],"author":"Viktor Wurm","twitter_card":"summary_large_image","twitter_creator":"@KOSICEREGION","twitter_site":"@KOSICEREGION","twitter_misc":{"Autor":"Viktor Wurm","Predpokladan\u00fd \u010das \u010d\u00edtania":"6 min\u00fat"},"schema":{"@context":"https:\/\/schema.org","@graph":[{"@type":"Article","@id":"https:\/\/www.kosiceregion.com\/hu\/nezatulajte-sa-s-makovicou-havrania-skala-a-stratensky-kanon\/#article","isPartOf":{"@id":"https:\/\/www.kosiceregion.com\/hu\/nezatulajte-sa-s-makovicou-havrania-skala-a-stratensky-kanon\/"},"author":{"name":"Viktor Wurm","@id":"https:\/\/www.kosiceregion.com\/#\/schema\/person\/6edc663d2cb6eb17e62cdd96a2e33b53"},"headline":"(neza)T\u00falajte sa s Makovicou: Havrania skala a Stratensk\u00fd ka\u0148on","datePublished":"2020-07-02T14:03:33+00:00","dateModified":"2020-07-31T13:40:24+00:00","mainEntityOfPage":{"@id":"https:\/\/www.kosiceregion.com\/hu\/nezatulajte-sa-s-makovicou-havrania-skala-a-stratensky-kanon\/"},"wordCount":1240,"publisher":{"@id":"https:\/\/www.kosiceregion.com\/#organization"},"image":{"@id":"https:\/\/www.kosiceregion.com\/hu\/nezatulajte-sa-s-makovicou-havrania-skala-a-stratensky-kanon\/#primaryimage"},"thumbnailUrl":"https:\/\/www.kosiceregion.com\/wp-content\/uploads\/2020\/07\/DJI_0009-3-1-scaled.jpg","keywords":["havrania skala","makovica","Slovensk\u00fd raj","Straten\u00e1","tip na v\u00fdlet","turistika","v\u00fdlet"],"inLanguage":"sk-SK"},{"@type":"WebPage","@id":"https:\/\/www.kosiceregion.com\/hu\/nezatulajte-sa-s-makovicou-havrania-skala-a-stratensky-kanon\/","url":"https:\/\/www.kosiceregion.com\/hu\/nezatulajte-sa-s-makovicou-havrania-skala-a-stratensky-kanon\/","name":"(neza)T\u00falajte sa s Makovicou: Havrania skala a Stratensk\u00fd ka\u0148on - Ko\u0161ice Regi\u00f3n","isPartOf":{"@id":"https:\/\/www.kosiceregion.com\/#website"},"primaryImageOfPage":{"@id":"https:\/\/www.kosiceregion.com\/hu\/nezatulajte-sa-s-makovicou-havrania-skala-a-stratensky-kanon\/#primaryimage"},"image":{"@id":"https:\/\/www.kosiceregion.com\/hu\/nezatulajte-sa-s-makovicou-havrania-skala-a-stratensky-kanon\/#primaryimage"},"thumbnailUrl":"https:\/\/www.kosiceregion.com\/wp-content\/uploads\/2020\/07\/DJI_0009-3-1-scaled.jpg","datePublished":"2020-07-02T14:03:33+00:00","dateModified":"2020-07-31T13:40:24+00:00","description":"Okru\u017en\u00e1 trasa pote\u0161\u00ed aj turistov, ktor\u00ed sa potrebuj\u00fa vr\u00e1ti\u0165 do v\u00fdchodiskov\u00e9ho bodu k autu. Vyst\u00fapime na Havraniu skalu a prejdeme sa Stratensk\u00fdm ka\u0148onom.","breadcrumb":{"@id":"https:\/\/www.kosiceregion.com\/hu\/nezatulajte-sa-s-makovicou-havrania-skala-a-stratensky-kanon\/#breadcrumb"},"inLanguage":"sk-SK","potentialAction":[{"@type":"ReadAction","target":["https:\/\/www.kosiceregion.com\/hu\/nezatulajte-sa-s-makovicou-havrania-skala-a-stratensky-kanon\/"]}]},{"@type":"ImageObject","inLanguage":"sk-SK","@id":"https:\/\/www.kosiceregion.com\/hu\/nezatulajte-sa-s-makovicou-havrania-skala-a-stratensky-kanon\/#primaryimage","url":"https:\/\/www.kosiceregion.com\/wp-content\/uploads\/2020\/07\/DJI_0009-3-1-scaled.jpg","contentUrl":"https:\/\/www.kosiceregion.com\/wp-content\/uploads\/2020\/07\/DJI_0009-3-1-scaled.jpg","width":2560,"height":1920,"caption":"havrania skala"},{"@type":"BreadcrumbList","@id":"https:\/\/www.kosiceregion.com\/hu\/nezatulajte-sa-s-makovicou-havrania-skala-a-stratensky-kanon\/#breadcrumb","itemListElement":[{"@type":"ListItem","position":1,"name":"Home","item":"https:\/\/www.kosiceregion.com\/sk\/"},{"@type":"ListItem","position":2,"name":"(neza)T\u00falajte sa s Makovicou: Havrania skala a Stratensk\u00fd ka\u0148on"}]},{"@type":"WebSite","@id":"https:\/\/www.kosiceregion.com\/#website","url":"https:\/\/www.kosiceregion.com\/","name":"Ko\u0161ice Regi\u00f3n","description":"Turistick\u00fd sprievodca Ko\u0161ick\u00fdm krajom","publisher":{"@id":"https:\/\/www.kosiceregion.com\/#organization"},"potentialAction":[{"@type":"SearchAction","target":{"@type":"EntryPoint","urlTemplate":"https:\/\/www.kosiceregion.com\/?s={search_term_string}"},"query-input":{"@type":"PropertyValueSpecification","valueRequired":true,"valueName":"search_term_string"}}],"inLanguage":"sk-SK"},{"@type":"Organization","@id":"https:\/\/www.kosiceregion.com\/#organization","name":"Ko\u0161ice Regi\u00f3n Turizmus","url":"https:\/\/www.kosiceregion.com\/","logo":{"@type":"ImageObject","inLanguage":"sk-SK","@id":"https:\/\/www.kosiceregion.com\/#\/schema\/logo\/image\/","url":"https:\/\/www.kosiceregion.com\/wp-content\/uploads\/2019\/03\/logo-web-sk.png","contentUrl":"https:\/\/www.kosiceregion.com\/wp-content\/uploads\/2019\/03\/logo-web-sk.png","width":225,"height":100,"caption":"Ko\u0161ice Regi\u00f3n Turizmus"},"image":{"@id":"https:\/\/www.kosiceregion.com\/#\/schema\/logo\/image\/"},"sameAs":["https:\/\/www.facebook.com\/kosiceregion","https:\/\/x.com\/KOSICEREGION","https:\/\/www.instagram.com\/kosiceregion","https:\/\/www.youtube.com\/kosiceregion"]},{"@type":"Person","@id":"https:\/\/www.kosiceregion.com\/#\/schema\/person\/6edc663d2cb6eb17e62cdd96a2e33b53","name":"Viktor Wurm","image":{"@type":"ImageObject","inLanguage":"sk-SK","@id":"https:\/\/secure.gravatar.com\/avatar\/ef6238603ec61ca9ce57c6e94cbce41d12a371c9a048501ae6ca8a34ac93a24c?s=96&d=mm&r=g","url":"https:\/\/secure.gravatar.com\/avatar\/ef6238603ec61ca9ce57c6e94cbce41d12a371c9a048501ae6ca8a34ac93a24c?s=96&d=mm&r=g","contentUrl":"https:\/\/secure.gravatar.com\/avatar\/ef6238603ec61ca9ce57c6e94cbce41d12a371c9a048501ae6ca8a34ac93a24c?s=96&d=mm&r=g","caption":"Viktor Wurm"}}]}},"_links":{"self":[{"href":"https:\/\/www.kosiceregion.com\/sk\/wp-json\/wp\/v2\/posts\/3500","targetHints":{"allow":["GET"]}}],"collection":[{"href":"https:\/\/www.kosiceregion.com\/sk\/wp-json\/wp\/v2\/posts"}],"about":[{"href":"https:\/\/www.kosiceregion.com\/sk\/wp-json\/wp\/v2\/types\/post"}],"author":[{"embeddable":true,"href":"https:\/\/www.kosiceregion.com\/sk\/wp-json\/wp\/v2\/users\/4"}],"replies":[{"embeddable":true,"href":"https:\/\/www.kosiceregion.com\/sk\/wp-json\/wp\/v2\/comments?post=3500"}],"version-history":[{"count":4,"href":"https:\/\/www.kosiceregion.com\/sk\/wp-json\/wp\/v2\/posts\/3500\/revisions"}],"predecessor-version":[{"id":3668,"href":"https:\/\/www.kosiceregion.com\/sk\/wp-json\/wp\/v2\/posts\/3500\/revisions\/3668"}],"wp:featuredmedia":[{"embeddable":true,"href":"https:\/\/www.kosiceregion.com\/sk\/wp-json\/wp\/v2\/media\/3513"}],"wp:attachment":[{"href":"https:\/\/www.kosiceregion.com\/sk\/wp-json\/wp\/v2\/media?parent=3500"}],"wp:term":[{"taxonomy":"category","embeddable":true,"href":"https:\/\/www.kosiceregion.com\/sk\/wp-json\/wp\/v2\/categories?post=3500"},{"taxonomy":"post_tag","embeddable":true,"href":"https:\/\/www.kosiceregion.com\/sk\/wp-json\/wp\/v2\/tags?post=3500"}],"curies":[{"name":"wp","href":"https:\/\/api.w.org\/{rel}","templated":true}]}}