{"id":4060,"date":"2020-10-23T11:57:47","date_gmt":"2020-10-23T09:57:47","guid":{"rendered":"https:\/\/www.kosiceregion.com\/sk\/?p=4060"},"modified":"2020-10-23T12:01:42","modified_gmt":"2020-10-23T10:01:42","slug":"rozpravkovy-kastiel-pre-nepraveho-rytiera","status":"publish","type":"post","link":"https:\/\/www.kosiceregion.com\/sk\/rozpravkovy-kastiel-pre-nepraveho-rytiera\/","title":{"rendered":"Rozpr\u00e1vkov\u00fd ka\u0161tie\u013e pre (ne)prav\u00e9ho rytiera"},"content":{"rendered":"\n<p><strong>Jese\u0148 v Ko\u0161ickom kraji pon\u00faka stovky miest oddychu a radosti. Nie je \u013eahk\u00e9 si vybra\u0165, ale my sme sa vydali na cestu do zrekon\u0161truovan\u00e9ho ka\u0161tie\u013ea v Kluknave, <a href=\"http:\/\/www.whiteladyandblackknight.com\/sk\/stranka\/vitajte\">Ka\u0161tie\u013ea Biela d\u00e1ma a \u010cierny rytier<\/a>, kde bolo v stredoveku s\u00eddlo spi\u0161skej vetvy rodu Cs\u00e1kyovcov. N\u00e1jdete tu v\u00fdnimo\u010dn\u00e9 prostredie, ktor\u00e9 d\u00fdcha romantikou, rozpr\u00e1vkami, rytiermi a kr\u00e1skami.<\/strong><\/p>\n<p><img decoding=\"async\" class=\"alignnone wp-image-4061 size-full\" src=\"https:\/\/www.kosiceregion.com\/wp-content\/uploads\/2020\/10\/Kastiel_biela_pani_cierny_rytier-2-scaled.jpg\" alt=\"\" width=\"2560\" height=\"1705\" srcset=\"https:\/\/www.kosiceregion.com\/wp-content\/uploads\/2020\/10\/Kastiel_biela_pani_cierny_rytier-2-scaled.jpg 2560w, https:\/\/www.kosiceregion.com\/wp-content\/uploads\/2020\/10\/Kastiel_biela_pani_cierny_rytier-2-300x200.jpg 300w, https:\/\/www.kosiceregion.com\/wp-content\/uploads\/2020\/10\/Kastiel_biela_pani_cierny_rytier-2-1024x682.jpg 1024w, https:\/\/www.kosiceregion.com\/wp-content\/uploads\/2020\/10\/Kastiel_biela_pani_cierny_rytier-2-768x512.jpg 768w, https:\/\/www.kosiceregion.com\/wp-content\/uploads\/2020\/10\/Kastiel_biela_pani_cierny_rytier-2-1536x1023.jpg 1536w, https:\/\/www.kosiceregion.com\/wp-content\/uploads\/2020\/10\/Kastiel_biela_pani_cierny_rytier-2-2048x1364.jpg 2048w\" sizes=\"(max-width: 2560px) 100vw, 2560px\" \/><\/p>\n<p><img decoding=\"async\" class=\"alignleft wp-image-4065\" src=\"https:\/\/www.kosiceregion.com\/wp-content\/uploads\/2020\/10\/Kastiel_biela_pani_cierny_rytier-1-300x200.jpg\" alt=\"\" width=\"537\" height=\"358\" srcset=\"https:\/\/www.kosiceregion.com\/wp-content\/uploads\/2020\/10\/Kastiel_biela_pani_cierny_rytier-1-300x200.jpg 300w, https:\/\/www.kosiceregion.com\/wp-content\/uploads\/2020\/10\/Kastiel_biela_pani_cierny_rytier-1-1024x683.jpg 1024w, https:\/\/www.kosiceregion.com\/wp-content\/uploads\/2020\/10\/Kastiel_biela_pani_cierny_rytier-1-768x512.jpg 768w, https:\/\/www.kosiceregion.com\/wp-content\/uploads\/2020\/10\/Kastiel_biela_pani_cierny_rytier-1-1536x1024.jpg 1536w, https:\/\/www.kosiceregion.com\/wp-content\/uploads\/2020\/10\/Kastiel_biela_pani_cierny_rytier-1-2048x1365.jpg 2048w\" sizes=\"(max-width: 537px) 100vw, 537px\" \/><img decoding=\"async\" class=\"alignnone wp-image-4064\" src=\"https:\/\/www.kosiceregion.com\/wp-content\/uploads\/2020\/10\/Kastiel_biela_pani_cierny_rytier-5-300x200.jpg\" alt=\"\" width=\"537\" height=\"358\" srcset=\"https:\/\/www.kosiceregion.com\/wp-content\/uploads\/2020\/10\/Kastiel_biela_pani_cierny_rytier-5-300x200.jpg 300w, https:\/\/www.kosiceregion.com\/wp-content\/uploads\/2020\/10\/Kastiel_biela_pani_cierny_rytier-5-1024x683.jpg 1024w, https:\/\/www.kosiceregion.com\/wp-content\/uploads\/2020\/10\/Kastiel_biela_pani_cierny_rytier-5-768x512.jpg 768w, https:\/\/www.kosiceregion.com\/wp-content\/uploads\/2020\/10\/Kastiel_biela_pani_cierny_rytier-5-1536x1024.jpg 1536w, https:\/\/www.kosiceregion.com\/wp-content\/uploads\/2020\/10\/Kastiel_biela_pani_cierny_rytier-5-2048x1365.jpg 2048w\" sizes=\"(max-width: 537px) 100vw, 537px\" \/>Cel\u00fd ka\u0161tie\u013e a ka\u017ed\u00e1 izba je v\u00fdnimo\u010dn\u00e1. V\u010faka mas\u00edvnym kamenn\u00fdm m\u00farom nem\u00e1te elektrosmog, preto na izbe nie je telev\u00edzor a va\u0161a imunita sa regeneruje. Tak\u00e9to izby len tak hocikde nen\u00e1jdete &#8211; \u00fatuln\u00e9, priestrann\u00e9, romantick\u00e9 a z\u00e1rove\u0148 modern\u00e9.\u00a0Pochutn\u00e1te si tu tie\u017e na region\u00e1lnych dom\u00e1cich bio jedl\u00e1ch.\u00a0 Pod ka\u0161tie\u013eom v z\u00e1hrade pri jazierku n\u00e1jdete pekn\u00e9 miesto na piknik, barbeque, bedminton i petang.\u00a0Ve\u010der na n\u00e1dvor\u00ed m\u00f4\u017eete tancova\u0165 pod hviezdami, oddychova\u0165 v saune alebo si posedie\u0165 na n\u00e1dvor\u00ed pri poh\u00e1ri v\u00edna.\u00a0Ak si chcete len poriadne odd\u00fdchnu\u0165, ka\u0161tie\u013e m\u00e1 wellness so saunou, v\u00edrivkou a\u00a0odpo\u010d\u00edvare\u0148. Vychutna\u0165 si m\u00f4\u017eete aj mas\u00e1\u017e, kozmetick\u00e9 o\u0161etrenie, z\u00e1bal vo\u0148av\u00fdm olejom.<\/p>\n<p>https:\/\/www.instagram.com\/p\/BdNo59HgXxd\/?utm_source=ig_web_copy_link<\/p>\n<p>Po noci v\u00a0ka\u0161tieli v\u00e1s \u010dak\u00e1 kopa z\u00e1\u017eitkov, na ktor\u00e9 nesta\u010d\u00ed ani jeden de\u0148. Prech\u00e1dzky \u010di cyklistika v\u00e1s doved\u00fa k runov\u00e9mu n\u00e1pisu, k rybn\u00edku so pstruhmi alebo p\u00fatnick\u00e9mu kostolu a lie\u010divej studni\u010dke. Mo\u017eno v\u00e1s zl\u00e1ka Folkm\u00e1rska skala, \u017dehra, Skaln\u00e9 mesto Dreven\u00edk, n\u00e1u\u010dn\u00fd chodn\u00edk Hist\u00f3ria a osobnosti Kluknavy. V\u00a0bl\u00edzkosti je aj agrofarma Ran\u010d FAH, jasky\u0148a Zl\u00e1 diera, jasky\u0148a \u0160arkanova dieram, Ban\u00edcke m\u00fazeum v\u00a0Gelnici \u010di Turzovsk\u00e9 jazero.<\/p>\n<p>https:\/\/www.instagram.com\/p\/B_f96PDlYq_\/?utm_source=ig_web_copy_link<\/p>\n<p>\u00a0<\/p>\n<p>Z Kluknavy je na skok k historick\u00fdm pamiatkam v\u00fdchodn\u00e9ho Slovenska. M\u00f4\u017eete nav\u0161t\u00edvi\u0165 Spi\u0161sk\u00fd hrad, Spi\u0161sk\u00fa kapitulu, Marku\u0161ovce, Hodkovce, Bijacovce, Gelnicu, Smoln\u00edk, Jasov, Betliar, Kr\u00e1snu H\u00f4rku a star\u00e9 bane na zlato. Ka\u0161tie\u013e pon\u00faka v\u00fdlety po historick\u00fdch pamiatkach v okol\u00ed so sprievodcom, aby bol v\u00e1\u0161 z\u00e1\u017eitok bohat\u0161\u00ed a jedine\u010dn\u00fd.\u00a0Ne\u010falek\u00fd Slovensk\u00fd raj zase najkraj\u0161ie turistick\u00e9 trasy so scen\u00e9riou riek, potokov a vodop\u00e1dov, divej pr\u00edrody a skaln\u00fdch \u00fatesov. Stredovek\u00fa atmosf\u00e9ru a mno\u017estvo historick\u00fdch pamiatok n\u00e1jdete v Levo\u010di. \u00a0<\/p>\n<p>https:\/\/www.instagram.com\/p\/BPSKM9EDJDq\/?utm_source=ig_web_copy_link<\/p>\n<p>Ak budete ma\u0165 e\u0161te dos\u0165 energie na \u010fal\u0161ie turistick\u00e9 vych\u00e1dzky do bl\u00edzkeho okolia, st\u00e1le m\u00e1te \u010do objavova\u0165. \u0160tefansk\u00e1 huta, Dreven\u00fd most, Tri Duby alebo zvy\u0161ky Richnavsk\u00e9ho hradu? Tak, kam sa vyberiete?<\/p>\n<p>https:\/\/www.instagram.com\/p\/CDWR7esB83U\/?utm_source=ig_web_copy_link<\/p>\n<p><strong>Chcete pre\u017ei\u0165 r<b>omantick\u00fa noc v historickom Ka\u0161tieli Biela d\u00e1ma a \u010cierny rytier<\/b><\/strong>?\u00a0<strong>Bl<\/strong><strong>i\u017e\u0161ie inform\u00e1cie o ubytovan\u00ed n\u00e1jdete na <a href=\"https:\/\/www.krajsveta.sk\/ubytovanie\/kastiel-biela-dama-a-cierny-rytier\">www.krajsveta.sk\/ubytovanie\/kastiel-biela-dama-a-cierny-rytier<\/a><\/strong><\/p>\n","protected":false},"excerpt":{"rendered":"<p>Jese\u0148 v Ko\u0161ickom kraji pon\u00faka stovky miest oddychu a radosti. Nie je \u013eahk\u00e9 si vybra\u0165, ale my sme sa vydali na cestu do zrekon\u0161truovan\u00e9ho ka\u0161tie\u013ea v Kluknave, Ka\u0161tie\u013ea Biela d\u00e1ma a \u010cierny rytier, kde bolo v stredoveku s\u00eddlo spi\u0161skej vetvy rodu Cs\u00e1kyovcov. N\u00e1jdete tu v\u00fdnimo\u010dn\u00e9 prostredie, ktor\u00e9 d\u00fdcha romantikou, rozpr\u00e1vkami, rytiermi a kr\u00e1skami. Cel\u00fd ka\u0161tie\u013e [&hellip;]<\/p>\n","protected":false},"author":10,"featured_media":4062,"comment_status":"closed","ping_status":"closed","sticky":false,"template":"","format":"standard","meta":{"_acf_changed":false,"_sk_post_content":"<!-- wp:tadv\/classic-paragraph -->\n<p><strong>Jese\u0148 v Ko\u0161ickom kraji pon\u00faka stovky miest oddychu a radosti. Nie je \u013eahk\u00e9 si vybra\u0165, ale my sme sa vydali na cestu do zrekon\u0161truovan\u00e9ho ka\u0161tie\u013ea v Kluknave, <a href=\"http:\/\/www.whiteladyandblackknight.com\/sk\/stranka\/vitajte\">Ka\u0161tie\u013ea Biela d\u00e1ma a \u010cierny rytier<\/a>, kde bolo v stredoveku s\u00eddlo spi\u0161skej vetvy rodu Cs\u00e1kyovcov. N\u00e1jdete tu v\u00fdnimo\u010dn\u00e9 prostredie, ktor\u00e9 d\u00fdcha romantikou, rozpr\u00e1vkami, rytiermi a kr\u00e1skami.<\/strong><\/p>\n<p><img class=\"alignnone wp-image-4061 size-full\" src=\"https:\/\/www.kosiceregion.com\/wp-content\/uploads\/2020\/10\/Kastiel_biela_pani_cierny_rytier-2-scaled.jpg\" alt=\"\" width=\"2560\" height=\"1705\" \/><\/p>\n<p><img class=\"alignleft wp-image-4065\" src=\"https:\/\/www.kosiceregion.com\/wp-content\/uploads\/2020\/10\/Kastiel_biela_pani_cierny_rytier-1-300x200.jpg\" alt=\"\" width=\"537\" height=\"358\" \/><img class=\"alignnone wp-image-4064\" src=\"https:\/\/www.kosiceregion.com\/wp-content\/uploads\/2020\/10\/Kastiel_biela_pani_cierny_rytier-5-300x200.jpg\" alt=\"\" width=\"537\" height=\"358\" \/>Cel\u00fd ka\u0161tie\u013e a ka\u017ed\u00e1 izba je v\u00fdnimo\u010dn\u00e1. V\u010faka mas\u00edvnym kamenn\u00fdm m\u00farom nem\u00e1te elektrosmog, preto na izbe nie je telev\u00edzor a va\u0161a imunita sa regeneruje. Tak\u00e9to izby len tak hocikde nen\u00e1jdete - \u00fatuln\u00e9, priestrann\u00e9, romantick\u00e9 a z\u00e1rove\u0148 modern\u00e9.\u00a0Pochutn\u00e1te si tu tie\u017e na region\u00e1lnych dom\u00e1cich bio jedl\u00e1ch.\u00a0 Pod ka\u0161tie\u013eom v z\u00e1hrade pri jazierku n\u00e1jdete pekn\u00e9 miesto na piknik, barbeque, bedminton i petang.\u00a0Ve\u010der na n\u00e1dvor\u00ed m\u00f4\u017eete tancova\u0165 pod hviezdami, oddychova\u0165 v saune alebo si posedie\u0165 na n\u00e1dvor\u00ed pri poh\u00e1ri v\u00edna.\u00a0Ak si chcete len poriadne odd\u00fdchnu\u0165, ka\u0161tie\u013e m\u00e1 wellness so saunou, v\u00edrivkou a\u00a0odpo\u010d\u00edvare\u0148. Vychutna\u0165 si m\u00f4\u017eete aj mas\u00e1\u017e, kozmetick\u00e9 o\u0161etrenie, z\u00e1bal vo\u0148av\u00fdm olejom.<\/p>\n<p>https:\/\/www.instagram.com\/p\/BdNo59HgXxd\/?utm_source=ig_web_copy_link<\/p>\n<p>Po noci v\u00a0ka\u0161tieli v\u00e1s \u010dak\u00e1 kopa z\u00e1\u017eitkov, na ktor\u00e9 nesta\u010d\u00ed ani jeden de\u0148. Prech\u00e1dzky \u010di cyklistika v\u00e1s doved\u00fa k runov\u00e9mu n\u00e1pisu, k rybn\u00edku so pstruhmi alebo p\u00fatnick\u00e9mu kostolu a lie\u010divej studni\u010dke. Mo\u017eno v\u00e1s zl\u00e1ka Folkm\u00e1rska skala, \u017dehra, Skaln\u00e9 mesto Dreven\u00edk, n\u00e1u\u010dn\u00fd chodn\u00edk Hist\u00f3ria a osobnosti Kluknavy. V\u00a0bl\u00edzkosti je aj agrofarma Ran\u010d FAH, jasky\u0148a Zl\u00e1 diera, jasky\u0148a \u0160arkanova dieram, Ban\u00edcke m\u00fazeum v\u00a0Gelnici \u010di Turzovsk\u00e9 jazero.<\/p>\n<p>https:\/\/www.instagram.com\/p\/B_f96PDlYq_\/?utm_source=ig_web_copy_link<\/p>\n<p>\u00a0<\/p>\n<p>Z Kluknavy je na skok k historick\u00fdm pamiatkam v\u00fdchodn\u00e9ho Slovenska. M\u00f4\u017eete nav\u0161t\u00edvi\u0165 Spi\u0161sk\u00fd hrad, Spi\u0161sk\u00fa kapitulu, Marku\u0161ovce, Hodkovce, Bijacovce, Gelnicu, Smoln\u00edk, Jasov, Betliar, Kr\u00e1snu H\u00f4rku a star\u00e9 bane na zlato. Ka\u0161tie\u013e pon\u00faka v\u00fdlety po historick\u00fdch pamiatkach v okol\u00ed so sprievodcom, aby bol v\u00e1\u0161 z\u00e1\u017eitok bohat\u0161\u00ed a jedine\u010dn\u00fd.\u00a0Ne\u010falek\u00fd Slovensk\u00fd raj zase najkraj\u0161ie turistick\u00e9 trasy so scen\u00e9riou riek, potokov a vodop\u00e1dov, divej pr\u00edrody a skaln\u00fdch \u00fatesov. Stredovek\u00fa atmosf\u00e9ru a mno\u017estvo historick\u00fdch pamiatok n\u00e1jdete v Levo\u010di. \u00a0<\/p>\n<p>https:\/\/www.instagram.com\/p\/BPSKM9EDJDq\/?utm_source=ig_web_copy_link<\/p>\n<p>Ak budete ma\u0165 e\u0161te dos\u0165 energie na \u010fal\u0161ie turistick\u00e9 vych\u00e1dzky do bl\u00edzkeho okolia, st\u00e1le m\u00e1te \u010do objavova\u0165. \u0160tefansk\u00e1 huta, Dreven\u00fd most, Tri Duby alebo zvy\u0161ky Richnavsk\u00e9ho hradu? Tak, kam sa vyberiete?<\/p>\n<p>https:\/\/www.instagram.com\/p\/CDWR7esB83U\/?utm_source=ig_web_copy_link<\/p>\n<p><strong>Chcete pre\u017ei\u0165 r<b>omantick\u00fa noc v historickom Ka\u0161tieli Biela d\u00e1ma a \u010cierny rytier<\/b><\/strong>?\u00a0<strong>Bl<\/strong><strong>i\u017e\u0161ie inform\u00e1cie o ubytovan\u00ed n\u00e1jdete na <a href=\"https:\/\/www.krajsveta.sk\/ubytovanie\/kastiel-biela-dama-a-cierny-rytier\">www.krajsveta.sk\/ubytovanie\/kastiel-biela-dama-a-cierny-rytier<\/a><\/strong><\/p>\n<!-- \/wp:tadv\/classic-paragraph -->","_sk_post_name":"rozpravkovy-kastiel-pre-nepraveho-rytiera","_sk_post_excerpt":"","_sk_post_title":"Rozpr\u00e1vkov\u00fd ka\u0161tie\u013e pre (ne)prav\u00e9ho rytiera","_en_post_content":"","_en_post_name":"","_en_post_excerpt":"","_en_post_title":"","_hu_post_content":"","_hu_post_name":"","_hu_post_excerpt":"","_hu_post_title":"","_es_post_content":"","_es_post_name":"","_es_post_excerpt":"","_es_post_title":"","_de_post_content":"","_de_post_name":"","_de_post_excerpt":"","_de_post_title":"","_pl_post_content":"","_pl_post_name":"","_pl_post_excerpt":"","_pl_post_title":"","_it_post_content":"","_it_post_name":"","_it_post_excerpt":"","_it_post_title":"","edit_language":"sk","footnotes":""},"categories":[22],"tags":[298,23,299,84,274,284,301,128,300],"class_list":["post-4060","post","type-post","status-publish","format-standard","has-post-thumbnail","hentry","category-get-inspired","tag-agrofarma","tag-jaskyna","tag-jazero","tag-kastiel-betliar","tag-kluknava","tag-kosicky-svetovy-kraj","tag-studnicka","tag-vylet","tag-wellness"],"acf":[],"yoast_head":"<!-- This site is optimized with the Yoast SEO Premium plugin v25.5 (Yoast SEO v27.4) - https:\/\/yoast.com\/product\/yoast-seo-premium-wordpress\/ -->\n<title>Ko\u0161ice Regi\u00f3n<\/title>\n<meta name=\"description\" content=\"Jese\u0148 v Ko\u0161ickom kraji pon\u00faka stovky miest oddychu a radosti. Nie je \u013eahk\u00e9 si vybra\u0165, ale my sme sa vydali na cestu do zrekon\u0161truovan\u00e9ho ka\u0161tie\u013ea v Kluknave, Ka\u0161tie\u013ea Biela d\u00e1ma a \u010cierny rytier, kde bolo v stredoveku s\u00eddlo spi\u0161skej\u2026\" \/>\n<meta name=\"robots\" content=\"index, follow, max-snippet:-1, max-image-preview:large, max-video-preview:-1\" \/>\n<link rel=\"canonical\" href=\"https:\/\/www.kosiceregion.com\/hu\/rozpravkovy-kastiel-pre-nepraveho-rytiera\/\" \/>\n<meta property=\"og:locale\" content=\"sk_SK\" \/>\n<meta property=\"og:type\" content=\"article\" \/>\n<meta property=\"og:title\" content=\"Rozpr\u00e1vkov\u00fd ka\u0161tie\u013e pre (ne)prav\u00e9ho rytiera\" \/>\n<meta property=\"og:description\" content=\"Jese\u0148 v Ko\u0161ickom kraji pon\u00faka stovky miest oddychu a radosti. Nie je \u013eahk\u00e9 si vybra\u0165, ale my sme sa vydali na cestu do zrekon\u0161truovan\u00e9ho ka\u0161tie\u013ea v\" \/>\n<meta property=\"og:url\" content=\"https:\/\/www.kosiceregion.com\/sk\/wp-json\/wp\/v2\/posts\/4060\" \/>\n<meta property=\"og:site_name\" content=\"Ko\u0161ice Regi\u00f3n\" \/>\n<meta property=\"article:publisher\" content=\"https:\/\/www.facebook.com\/kosiceregion\" \/>\n<meta property=\"article:published_time\" content=\"2020-10-23T09:57:47+00:00\" \/>\n<meta property=\"article:modified_time\" content=\"2020-10-23T10:01:42+00:00\" \/>\n<meta property=\"og:image\" content=\"https:\/\/www.kosiceregion.com\/wp-content\/uploads\/2020\/10\/Kastiel_biela_pani_cierny_rytier-3-scaled.jpg\" \/>\n\t<meta property=\"og:image:width\" content=\"2560\" \/>\n\t<meta property=\"og:image:height\" content=\"1705\" \/>\n\t<meta property=\"og:image:type\" content=\"image\/jpeg\" \/>\n<meta name=\"author\" content=\"Attila T\u00f6r\u00f6k\" \/>\n<meta name=\"twitter:card\" content=\"summary_large_image\" \/>\n<meta name=\"twitter:creator\" content=\"@KOSICEREGION\" \/>\n<meta name=\"twitter:site\" content=\"@KOSICEREGION\" \/>\n<meta name=\"twitter:label1\" content=\"Autor\" \/>\n\t<meta name=\"twitter:data1\" content=\"Attila T\u00f6r\u00f6k\" \/>\n\t<meta name=\"twitter:label2\" content=\"Predpokladan\u00fd \u010das \u010d\u00edtania\" \/>\n\t<meta name=\"twitter:data2\" content=\"3 min\u00faty\" \/>\n<script type=\"application\/ld+json\" class=\"yoast-schema-graph\">{\"@context\":\"https:\\\/\\\/schema.org\",\"@graph\":[{\"@type\":\"Article\",\"@id\":\"https:\\\/\\\/www.kosiceregion.com\\\/hu\\\/rozpravkovy-kastiel-pre-nepraveho-rytiera\\\/#article\",\"isPartOf\":{\"@id\":\"https:\\\/\\\/www.kosiceregion.com\\\/hu\\\/rozpravkovy-kastiel-pre-nepraveho-rytiera\\\/\"},\"author\":{\"name\":\"Attila T\u00f6r\u00f6k\",\"@id\":\"https:\\\/\\\/www.kosiceregion.com\\\/#\\\/schema\\\/person\\\/c165be3d928462a4f7283533e3fa9f87\"},\"headline\":\"Rozpr\u00e1vkov\u00fd ka\u0161tie\u013e pre (ne)prav\u00e9ho rytiera\",\"datePublished\":\"2020-10-23T09:57:47+00:00\",\"dateModified\":\"2020-10-23T10:01:42+00:00\",\"mainEntityOfPage\":{\"@id\":\"https:\\\/\\\/www.kosiceregion.com\\\/hu\\\/rozpravkovy-kastiel-pre-nepraveho-rytiera\\\/\"},\"wordCount\":539,\"publisher\":{\"@id\":\"https:\\\/\\\/www.kosiceregion.com\\\/#organization\"},\"image\":{\"@id\":\"https:\\\/\\\/www.kosiceregion.com\\\/hu\\\/rozpravkovy-kastiel-pre-nepraveho-rytiera\\\/#primaryimage\"},\"thumbnailUrl\":\"https:\\\/\\\/www.kosiceregion.com\\\/wp-content\\\/uploads\\\/2020\\\/10\\\/Kastiel_biela_pani_cierny_rytier-3-scaled.jpg\",\"keywords\":[\"agrofarma\",\"jasky\u0148a\",\"jazero\",\"Ka\u0161tie\u013e Betliar\",\"kluknava\",\"ko\u0161ick\u00fd svetov\u00fd kraj\",\"studni\u010dka\",\"v\u00fdlet\",\"wellness\"],\"articleSection\":[\"In\u0161piruj sa\"],\"inLanguage\":\"sk-SK\"},{\"@type\":\"WebPage\",\"@id\":\"https:\\\/\\\/www.kosiceregion.com\\\/hu\\\/rozpravkovy-kastiel-pre-nepraveho-rytiera\\\/\",\"url\":\"https:\\\/\\\/www.kosiceregion.com\\\/hu\\\/rozpravkovy-kastiel-pre-nepraveho-rytiera\\\/\",\"name\":\"Rozpr\u00e1vkov\u00fd ka\u0161tie\u013e pre (ne)prav\u00e9ho rytiera - Ko\u0161ice Regi\u00f3n\",\"isPartOf\":{\"@id\":\"https:\\\/\\\/www.kosiceregion.com\\\/#website\"},\"primaryImageOfPage\":{\"@id\":\"https:\\\/\\\/www.kosiceregion.com\\\/hu\\\/rozpravkovy-kastiel-pre-nepraveho-rytiera\\\/#primaryimage\"},\"image\":{\"@id\":\"https:\\\/\\\/www.kosiceregion.com\\\/hu\\\/rozpravkovy-kastiel-pre-nepraveho-rytiera\\\/#primaryimage\"},\"thumbnailUrl\":\"https:\\\/\\\/www.kosiceregion.com\\\/wp-content\\\/uploads\\\/2020\\\/10\\\/Kastiel_biela_pani_cierny_rytier-3-scaled.jpg\",\"datePublished\":\"2020-10-23T09:57:47+00:00\",\"dateModified\":\"2020-10-23T10:01:42+00:00\",\"description\":\"Jese\u0148 v Ko\u0161ickom kraji pon\u00faka stovky miest oddychu a radosti. Nie je \u013eahk\u00e9 si vybra\u0165, ale my sme sa vydali na cestu do zrekon\u0161truovan\u00e9ho ka\u0161tie\u013ea v\",\"breadcrumb\":{\"@id\":\"https:\\\/\\\/www.kosiceregion.com\\\/hu\\\/rozpravkovy-kastiel-pre-nepraveho-rytiera\\\/#breadcrumb\"},\"inLanguage\":\"sk-SK\",\"potentialAction\":[{\"@type\":\"ReadAction\",\"target\":[\"https:\\\/\\\/www.kosiceregion.com\\\/hu\\\/rozpravkovy-kastiel-pre-nepraveho-rytiera\\\/\"]}]},{\"@type\":\"ImageObject\",\"inLanguage\":\"sk-SK\",\"@id\":\"https:\\\/\\\/www.kosiceregion.com\\\/hu\\\/rozpravkovy-kastiel-pre-nepraveho-rytiera\\\/#primaryimage\",\"url\":\"https:\\\/\\\/www.kosiceregion.com\\\/wp-content\\\/uploads\\\/2020\\\/10\\\/Kastiel_biela_pani_cierny_rytier-3-scaled.jpg\",\"contentUrl\":\"https:\\\/\\\/www.kosiceregion.com\\\/wp-content\\\/uploads\\\/2020\\\/10\\\/Kastiel_biela_pani_cierny_rytier-3-scaled.jpg\",\"width\":2560,\"height\":1705},{\"@type\":\"BreadcrumbList\",\"@id\":\"https:\\\/\\\/www.kosiceregion.com\\\/hu\\\/rozpravkovy-kastiel-pre-nepraveho-rytiera\\\/#breadcrumb\",\"itemListElement\":[{\"@type\":\"ListItem\",\"position\":1,\"name\":\"Home\",\"item\":\"https:\\\/\\\/www.kosiceregion.com\\\/sk\\\/\"},{\"@type\":\"ListItem\",\"position\":2,\"name\":\"Rozpr\u00e1vkov\u00fd ka\u0161tie\u013e pre (ne)prav\u00e9ho rytiera\"}]},{\"@type\":\"WebSite\",\"@id\":\"https:\\\/\\\/www.kosiceregion.com\\\/#website\",\"url\":\"https:\\\/\\\/www.kosiceregion.com\\\/\",\"name\":\"Ko\u0161ice Regi\u00f3n\",\"description\":\"Turistick\u00fd sprievodca Ko\u0161ick\u00fdm krajom\",\"publisher\":{\"@id\":\"https:\\\/\\\/www.kosiceregion.com\\\/#organization\"},\"potentialAction\":[{\"@type\":\"SearchAction\",\"target\":{\"@type\":\"EntryPoint\",\"urlTemplate\":\"https:\\\/\\\/www.kosiceregion.com\\\/?s={search_term_string}\"},\"query-input\":{\"@type\":\"PropertyValueSpecification\",\"valueRequired\":true,\"valueName\":\"search_term_string\"}}],\"inLanguage\":\"sk-SK\"},{\"@type\":\"Organization\",\"@id\":\"https:\\\/\\\/www.kosiceregion.com\\\/#organization\",\"name\":\"Ko\u0161ice Regi\u00f3n Turizmus\",\"url\":\"https:\\\/\\\/www.kosiceregion.com\\\/\",\"logo\":{\"@type\":\"ImageObject\",\"inLanguage\":\"sk-SK\",\"@id\":\"https:\\\/\\\/www.kosiceregion.com\\\/#\\\/schema\\\/logo\\\/image\\\/\",\"url\":\"https:\\\/\\\/www.kosiceregion.com\\\/wp-content\\\/uploads\\\/2019\\\/03\\\/logo-web-sk.png\",\"contentUrl\":\"https:\\\/\\\/www.kosiceregion.com\\\/wp-content\\\/uploads\\\/2019\\\/03\\\/logo-web-sk.png\",\"width\":225,\"height\":100,\"caption\":\"Ko\u0161ice Regi\u00f3n Turizmus\"},\"image\":{\"@id\":\"https:\\\/\\\/www.kosiceregion.com\\\/#\\\/schema\\\/logo\\\/image\\\/\"},\"sameAs\":[\"https:\\\/\\\/www.facebook.com\\\/kosiceregion\",\"https:\\\/\\\/x.com\\\/KOSICEREGION\",\"https:\\\/\\\/www.instagram.com\\\/kosiceregion\",\"https:\\\/\\\/www.youtube.com\\\/kosiceregion\"]},{\"@type\":\"Person\",\"@id\":\"https:\\\/\\\/www.kosiceregion.com\\\/#\\\/schema\\\/person\\\/c165be3d928462a4f7283533e3fa9f87\",\"name\":\"Attila T\u00f6r\u00f6k\",\"image\":{\"@type\":\"ImageObject\",\"inLanguage\":\"sk-SK\",\"@id\":\"https:\\\/\\\/secure.gravatar.com\\\/avatar\\\/7536520a24f54162948fc01f9d450948fd7df6ba020d0e39b69d3dcb7e39ee10?s=96&d=mm&r=g\",\"url\":\"https:\\\/\\\/secure.gravatar.com\\\/avatar\\\/7536520a24f54162948fc01f9d450948fd7df6ba020d0e39b69d3dcb7e39ee10?s=96&d=mm&r=g\",\"contentUrl\":\"https:\\\/\\\/secure.gravatar.com\\\/avatar\\\/7536520a24f54162948fc01f9d450948fd7df6ba020d0e39b69d3dcb7e39ee10?s=96&d=mm&r=g\",\"caption\":\"Attila T\u00f6r\u00f6k\"}}]}<\/script>\n<!-- \/ Yoast SEO Premium plugin. -->","yoast_head_json":{"title":"Ko\u0161ice Regi\u00f3n","description":"Jese\u0148 v Ko\u0161ickom kraji pon\u00faka stovky miest oddychu a radosti. Nie je \u013eahk\u00e9 si vybra\u0165, ale my sme sa vydali na cestu do zrekon\u0161truovan\u00e9ho ka\u0161tie\u013ea v Kluknave, Ka\u0161tie\u013ea Biela d\u00e1ma a \u010cierny rytier, kde bolo v stredoveku s\u00eddlo spi\u0161skej\u2026","robots":{"index":"index","follow":"follow","max-snippet":"max-snippet:-1","max-image-preview":"max-image-preview:large","max-video-preview":"max-video-preview:-1"},"canonical":"https:\/\/www.kosiceregion.com\/hu\/rozpravkovy-kastiel-pre-nepraveho-rytiera\/","og_locale":"sk_SK","og_type":"article","og_title":"Rozpr\u00e1vkov\u00fd ka\u0161tie\u013e pre (ne)prav\u00e9ho rytiera","og_description":"Jese\u0148 v Ko\u0161ickom kraji pon\u00faka stovky miest oddychu a radosti. Nie je \u013eahk\u00e9 si vybra\u0165, ale my sme sa vydali na cestu do zrekon\u0161truovan\u00e9ho ka\u0161tie\u013ea v","og_url":"https:\/\/www.kosiceregion.com\/sk\/wp-json\/wp\/v2\/posts\/4060","og_site_name":"Ko\u0161ice Regi\u00f3n","article_publisher":"https:\/\/www.facebook.com\/kosiceregion","article_published_time":"2020-10-23T09:57:47+00:00","article_modified_time":"2020-10-23T10:01:42+00:00","og_image":[{"width":2560,"height":1705,"url":"https:\/\/www.kosiceregion.com\/wp-content\/uploads\/2020\/10\/Kastiel_biela_pani_cierny_rytier-3-scaled.jpg","type":"image\/jpeg"}],"author":"Attila T\u00f6r\u00f6k","twitter_card":"summary_large_image","twitter_creator":"@KOSICEREGION","twitter_site":"@KOSICEREGION","twitter_misc":{"Autor":"Attila T\u00f6r\u00f6k","Predpokladan\u00fd \u010das \u010d\u00edtania":"3 min\u00faty"},"schema":{"@context":"https:\/\/schema.org","@graph":[{"@type":"Article","@id":"https:\/\/www.kosiceregion.com\/hu\/rozpravkovy-kastiel-pre-nepraveho-rytiera\/#article","isPartOf":{"@id":"https:\/\/www.kosiceregion.com\/hu\/rozpravkovy-kastiel-pre-nepraveho-rytiera\/"},"author":{"name":"Attila T\u00f6r\u00f6k","@id":"https:\/\/www.kosiceregion.com\/#\/schema\/person\/c165be3d928462a4f7283533e3fa9f87"},"headline":"Rozpr\u00e1vkov\u00fd ka\u0161tie\u013e pre (ne)prav\u00e9ho rytiera","datePublished":"2020-10-23T09:57:47+00:00","dateModified":"2020-10-23T10:01:42+00:00","mainEntityOfPage":{"@id":"https:\/\/www.kosiceregion.com\/hu\/rozpravkovy-kastiel-pre-nepraveho-rytiera\/"},"wordCount":539,"publisher":{"@id":"https:\/\/www.kosiceregion.com\/#organization"},"image":{"@id":"https:\/\/www.kosiceregion.com\/hu\/rozpravkovy-kastiel-pre-nepraveho-rytiera\/#primaryimage"},"thumbnailUrl":"https:\/\/www.kosiceregion.com\/wp-content\/uploads\/2020\/10\/Kastiel_biela_pani_cierny_rytier-3-scaled.jpg","keywords":["agrofarma","jasky\u0148a","jazero","Ka\u0161tie\u013e Betliar","kluknava","ko\u0161ick\u00fd svetov\u00fd kraj","studni\u010dka","v\u00fdlet","wellness"],"articleSection":["In\u0161piruj sa"],"inLanguage":"sk-SK"},{"@type":"WebPage","@id":"https:\/\/www.kosiceregion.com\/hu\/rozpravkovy-kastiel-pre-nepraveho-rytiera\/","url":"https:\/\/www.kosiceregion.com\/hu\/rozpravkovy-kastiel-pre-nepraveho-rytiera\/","name":"Rozpr\u00e1vkov\u00fd ka\u0161tie\u013e pre (ne)prav\u00e9ho rytiera - Ko\u0161ice Regi\u00f3n","isPartOf":{"@id":"https:\/\/www.kosiceregion.com\/#website"},"primaryImageOfPage":{"@id":"https:\/\/www.kosiceregion.com\/hu\/rozpravkovy-kastiel-pre-nepraveho-rytiera\/#primaryimage"},"image":{"@id":"https:\/\/www.kosiceregion.com\/hu\/rozpravkovy-kastiel-pre-nepraveho-rytiera\/#primaryimage"},"thumbnailUrl":"https:\/\/www.kosiceregion.com\/wp-content\/uploads\/2020\/10\/Kastiel_biela_pani_cierny_rytier-3-scaled.jpg","datePublished":"2020-10-23T09:57:47+00:00","dateModified":"2020-10-23T10:01:42+00:00","description":"Jese\u0148 v Ko\u0161ickom kraji pon\u00faka stovky miest oddychu a radosti. Nie je \u013eahk\u00e9 si vybra\u0165, ale my sme sa vydali na cestu do zrekon\u0161truovan\u00e9ho ka\u0161tie\u013ea v","breadcrumb":{"@id":"https:\/\/www.kosiceregion.com\/hu\/rozpravkovy-kastiel-pre-nepraveho-rytiera\/#breadcrumb"},"inLanguage":"sk-SK","potentialAction":[{"@type":"ReadAction","target":["https:\/\/www.kosiceregion.com\/hu\/rozpravkovy-kastiel-pre-nepraveho-rytiera\/"]}]},{"@type":"ImageObject","inLanguage":"sk-SK","@id":"https:\/\/www.kosiceregion.com\/hu\/rozpravkovy-kastiel-pre-nepraveho-rytiera\/#primaryimage","url":"https:\/\/www.kosiceregion.com\/wp-content\/uploads\/2020\/10\/Kastiel_biela_pani_cierny_rytier-3-scaled.jpg","contentUrl":"https:\/\/www.kosiceregion.com\/wp-content\/uploads\/2020\/10\/Kastiel_biela_pani_cierny_rytier-3-scaled.jpg","width":2560,"height":1705},{"@type":"BreadcrumbList","@id":"https:\/\/www.kosiceregion.com\/hu\/rozpravkovy-kastiel-pre-nepraveho-rytiera\/#breadcrumb","itemListElement":[{"@type":"ListItem","position":1,"name":"Home","item":"https:\/\/www.kosiceregion.com\/sk\/"},{"@type":"ListItem","position":2,"name":"Rozpr\u00e1vkov\u00fd ka\u0161tie\u013e pre (ne)prav\u00e9ho rytiera"}]},{"@type":"WebSite","@id":"https:\/\/www.kosiceregion.com\/#website","url":"https:\/\/www.kosiceregion.com\/","name":"Ko\u0161ice Regi\u00f3n","description":"Turistick\u00fd sprievodca Ko\u0161ick\u00fdm krajom","publisher":{"@id":"https:\/\/www.kosiceregion.com\/#organization"},"potentialAction":[{"@type":"SearchAction","target":{"@type":"EntryPoint","urlTemplate":"https:\/\/www.kosiceregion.com\/?s={search_term_string}"},"query-input":{"@type":"PropertyValueSpecification","valueRequired":true,"valueName":"search_term_string"}}],"inLanguage":"sk-SK"},{"@type":"Organization","@id":"https:\/\/www.kosiceregion.com\/#organization","name":"Ko\u0161ice Regi\u00f3n Turizmus","url":"https:\/\/www.kosiceregion.com\/","logo":{"@type":"ImageObject","inLanguage":"sk-SK","@id":"https:\/\/www.kosiceregion.com\/#\/schema\/logo\/image\/","url":"https:\/\/www.kosiceregion.com\/wp-content\/uploads\/2019\/03\/logo-web-sk.png","contentUrl":"https:\/\/www.kosiceregion.com\/wp-content\/uploads\/2019\/03\/logo-web-sk.png","width":225,"height":100,"caption":"Ko\u0161ice Regi\u00f3n Turizmus"},"image":{"@id":"https:\/\/www.kosiceregion.com\/#\/schema\/logo\/image\/"},"sameAs":["https:\/\/www.facebook.com\/kosiceregion","https:\/\/x.com\/KOSICEREGION","https:\/\/www.instagram.com\/kosiceregion","https:\/\/www.youtube.com\/kosiceregion"]},{"@type":"Person","@id":"https:\/\/www.kosiceregion.com\/#\/schema\/person\/c165be3d928462a4f7283533e3fa9f87","name":"Attila T\u00f6r\u00f6k","image":{"@type":"ImageObject","inLanguage":"sk-SK","@id":"https:\/\/secure.gravatar.com\/avatar\/7536520a24f54162948fc01f9d450948fd7df6ba020d0e39b69d3dcb7e39ee10?s=96&d=mm&r=g","url":"https:\/\/secure.gravatar.com\/avatar\/7536520a24f54162948fc01f9d450948fd7df6ba020d0e39b69d3dcb7e39ee10?s=96&d=mm&r=g","contentUrl":"https:\/\/secure.gravatar.com\/avatar\/7536520a24f54162948fc01f9d450948fd7df6ba020d0e39b69d3dcb7e39ee10?s=96&d=mm&r=g","caption":"Attila T\u00f6r\u00f6k"}}]}},"_links":{"self":[{"href":"https:\/\/www.kosiceregion.com\/sk\/wp-json\/wp\/v2\/posts\/4060","targetHints":{"allow":["GET"]}}],"collection":[{"href":"https:\/\/www.kosiceregion.com\/sk\/wp-json\/wp\/v2\/posts"}],"about":[{"href":"https:\/\/www.kosiceregion.com\/sk\/wp-json\/wp\/v2\/types\/post"}],"author":[{"embeddable":true,"href":"https:\/\/www.kosiceregion.com\/sk\/wp-json\/wp\/v2\/users\/10"}],"replies":[{"embeddable":true,"href":"https:\/\/www.kosiceregion.com\/sk\/wp-json\/wp\/v2\/comments?post=4060"}],"version-history":[{"count":4,"href":"https:\/\/www.kosiceregion.com\/sk\/wp-json\/wp\/v2\/posts\/4060\/revisions"}],"predecessor-version":[{"id":4097,"href":"https:\/\/www.kosiceregion.com\/sk\/wp-json\/wp\/v2\/posts\/4060\/revisions\/4097"}],"wp:featuredmedia":[{"embeddable":true,"href":"https:\/\/www.kosiceregion.com\/sk\/wp-json\/wp\/v2\/media\/4062"}],"wp:attachment":[{"href":"https:\/\/www.kosiceregion.com\/sk\/wp-json\/wp\/v2\/media?parent=4060"}],"wp:term":[{"taxonomy":"category","embeddable":true,"href":"https:\/\/www.kosiceregion.com\/sk\/wp-json\/wp\/v2\/categories?post=4060"},{"taxonomy":"post_tag","embeddable":true,"href":"https:\/\/www.kosiceregion.com\/sk\/wp-json\/wp\/v2\/tags?post=4060"}],"curies":[{"name":"wp","href":"https:\/\/api.w.org\/{rel}","templated":true}]}}