{"id":4563,"date":"2021-01-26T15:24:41","date_gmt":"2021-01-26T14:24:41","guid":{"rendered":"https:\/\/www.kosiceregion.com\/sk\/?p=4563"},"modified":"2021-01-27T09:11:11","modified_gmt":"2021-01-27T08:11:11","slug":"pramen-vil-romanticka-loreley-a-caro-lesov-okresu-kosice","status":"publish","type":"post","link":"https:\/\/www.kosiceregion.com\/sk\/pramen-vil-romanticka-loreley-a-caro-lesov-okresu-kosice\/","title":{"rendered":"Prame\u0148 v\u00edl, romantick\u00e1 Loreley a \u010daro lesov okresu Ko\u0161ice"},"content":{"rendered":"\n<p>Okres Ko\u0161ice pon\u00faka mno\u017estvo kr\u00e1snych miest v pr\u00edrode, na ktor\u00e9 sa m\u00f4\u017eu vybra\u0165 cel\u00e9 rodiny i jednotlivci. Pripravili sme pre v\u00e1s tipy na \u010darovn\u00e9 prech\u00e1dzky do lesa, na vrcholy sk\u00e1l i vyhliadky. Vyberte sa spolu s nami k prame\u0148om, ktor\u00e9 s\u00fa popretk\u00e1van\u00e9 hist\u00f3riou a l\u00e1kaj\u00fa turistov aj svojou atmosf\u00e9rou. Na\u0161e turistick\u00e9 in\u0161pir\u00e1cie sme rozdelili pod\u013ea toho, \u010di chod\u00edte na t\u00faru radi sami, s partnerom alebo celou rodinou.&nbsp;<\/p>\n<p>https:\/\/www.instagram.com\/p\/B_IlbtvnjoV\/?utm_source=ig_web_copy_link<\/p>\n\n\n\n<h2><strong>Pre vlka samot\u00e1ra<\/strong><\/h2>\n<h3><strong>R\u00e1kocziho prame\u0148<\/strong><\/h3>\n<p>Vyvetra\u0165 si hlavu o samote m\u00f4\u017eete sk\u00fasi\u0165 na prech\u00e1dzke zo zn\u00e1meho \u0161portovo-rekrea\u010dn\u00e9 strediska pri Ko\u0161iciach \u2013 Jahodnej. Okrem toho, \u017ee sa tam d\u00e1 v zime dobre s\u00e1nkova\u0165, v lete sa sem nezabudnite vr\u00e1ti\u0165 bicyklova\u0165. Vr\u00e1\u0165me sa, ale v my\u0161lienkach na na\u0161u trasu. Jahodn\u00e1 je dobr\u00fd v\u00fdchodiskov\u00fd bod pre va\u0161e auto aj verejn\u00fa dopravu. &nbsp;Za\u010da\u0165 mo\u017eno pri \u010dervenej zna\u010dke (Cesta hrdinov SNP), ktor\u00e1 vedie hore na Jahodn\u00fa cez Kamenn\u00fd hrb, kam v\u00e1s v\u0161ak privedie i \u017elt\u00e1 zna\u010dka cez R\u00e1kocziho prame\u0148. &nbsp;Ten je spomienkou i na kuruck\u00e9 boje v tejto lokalite. Ide pomerne o star\u00e9 v\u00fdletn\u00e9 miesto, ve\u010f jeho ob\u013e\u00fabenos\u0165 bola u\u017e v 17. storo\u010d\u00ed. Aj pr\u00e1ve preto ho poznaj\u00fa mo\u017eno t\u00ed sk\u00f4r naroden\u00ed a pre mlad\u0161ie gener\u00e1cie je to st\u00e1le objavovan\u00e9 miesto so silou ticha a pr\u00edrody naokolo. Mo\u017eno pr\u00e1ve teraz je \u010das dozvedie\u0165 sa viac o tomto d\u00e1vnom mieste pretkanom hist\u00f3riou.<\/p>\n<h3><strong>Vysok\u00fd vrch<\/strong><\/h3>\n<p>Z&nbsp;Jahodnej sa dostanete aj na Vysok\u00fd vrch, kde sa v\u00e1m bude zda\u0165 svet mali\u010dk\u00fd. Aspo\u0148 okres Ko\u0161ice. Pr\u00edstup na vrchol je tie\u017e z&nbsp; \u010dervenej turistickej trasy z M\u010c Kave\u010dany, po modrej zo strediska Alpinka,&nbsp; po zelenej z rekrea\u010dn\u00fdch stred\u00edsk Ru\u017e\u00edn-Ko\u0161ick\u00e9 H\u00e1mre. Z Horn\u00e1dskej doliny sa na vrch dostanete po&nbsp; modrej turistickej trase z obce Ve\u013ek\u00e1 Lodina a po&nbsp; \u010dervenej turistickej trase z obce Kysak. Nadmorsk\u00e1 v\u00fd\u0161ka Vysok\u00e9ho vrchu je 851 m n.m. V&nbsp;okol\u00ed sa m\u00f4\u017eete osamote zamyslie\u0165 pri poh\u013eade na bohat\u00e9 na lesn\u00e9, skaln\u00e9 i rastlinn\u00e9 &nbsp;spolo\u010denstv\u00e1. Aj ke\u010f je z vrcholu Vysok\u00e9ho vrchu ve\u013emi obmedzen\u00fd v\u00fdh\u013ead, na z\u00e1pade vidie\u0165 Koj\u0161ovsk\u00fa ho\u013eu (1246 m n.m.), na severoz\u00e1pade vrch Pokryvy (888 m n.m.) a na severe vrch Prielohy (788 m n.m.). Dokonca, za dobrej vidite\u013enosti uvid\u00edte Vysok\u00e9 Tatry. Ke\u010f sa budete dobre pozera\u0165 smerom na v\u00fdchod, \u010dak\u00e1 v\u00e1s poh\u013ead na Lysu Str\u00e1\u017e, Velk\u00fa Str\u00e1\u017e, Kapu\u0161ansk\u00fd hradn\u00fd vrch a Slansk\u00e9 vrchy.<\/p>\n<p>https:\/\/www.instagram.com\/p\/CJ5Pqn9hnOg\/?utm_source=ig_web_copy_link<\/p>\n\n\n\n<h3><strong>Zmierovac\u00ed kr\u00ed\u017e v \u0164ahanovskom lese<\/strong><\/h3>\n<p>V lese nad ko\u0161ick\u00fdm s\u00eddliskom \u0164ahanovce n\u00e1jdete Zmierovac\u00ed kr\u00ed\u017e. Je to pieskovcov\u00fd monolit v tvare kr\u00ed\u017ea, ktor\u00fd je vysok\u00fd viac ne\u017e meter. Ak ho chcete vidie\u0165, sta\u010d\u00ed sa vyda\u0165 od konca Eur\u00f3pskej triedy asi polhodinu smerom na Kremat\u00f3rium. Prech\u00e1dzku si namierte nie po chodn\u00edku, ale asi 20 metrov od neho \u010falej. Vedeli ste, \u017ee&nbsp;minulosti t\u00fdmto miestom viedla hranica medzi mestsk\u00fdmi lesmi a pozemkami patriacimi obci Hra\u0161ovik? Lokalita lesa je spojen\u00e1 sie\u0165ou chodn\u00edkov so s\u00eddliskom \u0164ahanovce. \u00dazem\u00edm prech\u00e1dza aj jedna z hlavn\u00fdch cyklotr\u00e1s v Ko\u0161iciach, a to trasa, ktor\u00e1 sp\u00e1ja Kr\u00e1snu nad Horn\u00e1dom so S\u00eddliskom \u0164ahanovce, tak\u017ee ur\u010dite pon\u00faka aj dobr\u00fd d\u00f4vod nav\u0161t\u00edvi\u0165 toto miesto nielen v&nbsp;zime, ale i&nbsp;v&nbsp;teplej\u0161om po\u010das\u00ed na bicykli.<\/p>\n<p>https:\/\/www.instagram.com\/p\/CHynQJaBh8S\/?utm_source=ig_web_copy_link<\/p>\n\n\n\n<h2><strong>Pre zamilovan\u00e9 p\u00e1riky<\/strong><\/h2>\n<h3><strong>Vyhliadka Loreley<\/strong><\/h3>\n<p>Vyhliadkov\u00e1 skala s poetick\u00fdm n\u00e1zvom Loreley dostala svoje meno od nemeck\u00fdch osadn\u00edkoch, ktor\u00ed v okolit\u00fdch obciach v minulosti \u017eili. Predstavte si, \u017ee im pripom\u00ednala 120 metrov vysok\u00fa skalu pri meste\u010dku Sankt Goarshausen na v\u00fdchodnom brehu rieky R\u00fdn. Pod\u013ea povesti v\u00edla Loreley l\u00e1kala svoj\u00edm spevom lodn\u00edkov a ich lode, ktor\u00e9 potom n\u00e1sledne na \u00fatesoch stroskotali. Nemeck\u00ed osadn\u00edci do skaly umiestnili meden\u00fa tabu\u013eu s n\u00e1pisom spom\u00ednanej v\u00edly. Od vtedy v\u0161ak pre\u0161lo mnoho rokov a nov\u00fa tabu\u013eu osadil Karpatsk\u00fd spolok. Romantick\u00fd v\u00fdh\u013ead v\u00e1m roztvor\u00ed n\u00e1ru\u010d do \u00fadolia potoka Op\u00e1tka, na obec Op\u00e1tka, na lom pri Margecanoch, Folkmarsk\u00fa skalu a vrch Sivec. Idylku vo dvojici si vychutn\u00e1te medzi Hol\u00fdm vrchom (1054 m n.n.) a chatou Lajo\u0161ka na hlavnom hrebeni Volovsk\u00fdch vrchov, preto\u017ee pr\u00e1ve tam sa kr\u00e1sna vyhliadka nach\u00e1dza. K skale sa dostanete \u017eltou turistick\u00e1 trasa z dvoch odbo\u010diek, ktor\u00e9 vych\u00e1dzaj\u00fa z \u010dervenej turistickej magistr\u00e1ly &#8211; Cesta hrdinov SNP. Najlep\u0161\u00edmi v\u00fdchodiskami ku skale s\u00fa obce H\u00fd\u013eov, Zlat\u00e1 Idka, Vy\u0161n\u00fd Klatov a Ko\u0161ick\u00e1 Bel\u00e1 alebo u\u017e spom\u00ednan\u00e1 Jahodn\u00e1 a Koj\u0161ovsk\u00e1 Ho\u013ea.<\/p>\n<p>https:\/\/www.instagram.com\/p\/CJmNj_fhhif\/?utm_source=ig_web_copy_link<\/p>\n\n\n\n<h2><strong>Pre rodiny s de\u0165mi<\/strong><\/h2>\n<h3><strong>Vrab\u010die skaly&nbsp;<\/strong><\/h3>\n<p>Rodiny s&nbsp;de\u0165mi sa v&nbsp;okrese Ko\u0161ice m\u00f4\u017eu vybra\u0165 na n\u00e1u\u010dn\u00fd chodn\u00edk Vrab\u010die skaly na severnom svahu \u010cerme\u013esk\u00e9ho \u00fadolia. Za\u010d\u00edna ne\u010faleko n\u00e1stupnej stanice detskej \u017eeleznice a&nbsp;otvorili ho e\u0161te v&nbsp;roku 2015. A&nbsp;pre\u010do ho takto pomenovali? T\u00e9ma vt\u00e1\u010d\u00edch druhov je typick\u00e1 pre dan\u00e9 \u00fazemie ko\u0161ick\u00fdch lesov. Jeho trasa sa za\u010d\u00edna na parkovisku pri zast\u00e1vke MHD \u010cerme\u013e &nbsp;a cel\u00fd okruh m\u00e1 d\u013a\u017eku 4,9 km s prev\u00fd\u0161en\u00edm 170 m. Osem n\u00e1u\u010dn\u00fdch tab\u00fa\u013e zamestn\u00e1 myse\u013e najmen\u0161\u00edch turistov, ale ur\u010dite sa ve\u013ea dozvedia aj t\u00ed star\u0161\u00ed. Rozmiestnen\u00e9 s\u00fa na \u00favodn\u00fdch 2 km \u00faseku chodn\u00edka. Tabule s\u00fa venovan\u00e9 r\u00f4znym \u010drt\u00e1m vt\u00e1\u010dieho \u017eivota, vz\u0165ahom vt\u00e1kov k prostrediu i \u010dloveku. Na chodn\u00edku v\u00e1s \u010dak\u00e1 biologick\u00e1 ochrana lesa, \u017eivot v bl\u00edzkosti \u010dloveka, na skal\u00e1ch i na zemi, vt\u00e1\u010d\u00ed orchester, v dutin\u00e1ch stromov, \u017eivot spojen\u00fd s vodou, skryt\u00ed pred \u010dlovekom.<\/p>\n<p>https:\/\/www.instagram.com\/p\/B60SERaB9-q\/?utm_source=ig_web_copy_link<\/p>\n<p><strong>&nbsp;<\/strong><\/p>\n\n\n\n<h3>Prame\u0148 v\u00edl<\/h3>\n<p>Prame\u0148 v\u00edl je jednou z mo\u017enost\u00ed, kam sa vyda\u0165 na nen\u00e1ro\u010dn\u00fa prech\u00e1dzku do pr\u00edrody s de\u0165mi v r\u00e1mci Ko\u0161\u00edc aj po\u010das zimy. Trasa z Horn\u00e9ho Bankova a sp\u00e4\u0165 m\u00e1 dokopy pribli\u017ene tri kilometre. Ide o ve\u013emi pekn\u00fa a jednoduch\u00fa vych\u00e1dzku v lese medzi stromami na Bankove. S de\u0165mi tam viete str\u00e1vi\u0165 aj dve hodiny. Na ceste uvid\u00edte zvl\u00e1\u0161tne kamene s n\u00e1pisom KVV. M\u00e1 \u00eds\u0165 o pamiatku na prv\u00fd ko\u0161ick\u00fd verejn\u00fd vodovod vybudovan\u00fd pribli\u017ene koncom 19. storo\u010dia. Tieto p\u00e4tn\u00edky maj\u00fa ozna\u010dova\u0165, kadia\u013e viedol. Trasa n\u00e1sledne vedie k star\u00fdm studniam, podobn\u00fdm t\u00fdm v \u010cermeli. A \u010do je vlastne ten Prame\u0148 v\u00edl? Historick\u00fd Prame\u0148 v\u00edl, ktor\u00fd vych\u00e1dza z ma\u010farskej mytol\u00f3gie, obnovili ko\u0161ick\u00e9 mestsk\u00e9 lesy. Je to studni\u010dka, ktor\u00e1 tak dostala nov\u00fd \u201edom\u010dek\u201c. Klub rodinnej turistiky Ko\u0161ice po dohode s nimi dal vyrobi\u0165 tabu\u013eku s n\u00e1zvom. Studni\u010dku vidie\u0165 u\u017e z dia\u013eky a m\u00f4\u017eu za to pripevnen\u00e9 v\u00fdkresy s kresbami v\u00edl, ktor\u00e9 tam pripevnili deti z Klubu rodinnej turistiky KRTKO. Cesti\u010dkou m\u00f4\u017eete pokra\u010dova\u0165 e\u0161te smerom do kopca.<\/p>\n<p>https:\/\/www.instagram.com\/p\/CIs9CMZh_8U\/?utm_source=ig_web_copy_link<\/p>\n\n\n\n<h3>N\u00e1u\u010dn\u00e9 chodn\u00edky Hradov\u00e1<\/h3>\n<p>V\u00fdznamnou a ve\u013emi perspekt\u00edvnou lokalitou z h\u013eadiska dostupnosti, ale aj atrakt\u00edvnosti pobytu pe\u0161\u00edch turistov je Hradov\u00e1. Zvy\u0161ky Ko\u0161ick\u00e9ho hradu z 13. storo\u010dia a sie\u0165 turistick\u00fdch chodn\u00edkov s\u00fa l\u00e1kadlom pre nejedn\u00e9ho n\u00e1v\u0161tevn\u00edka, ktor\u00fd sa zauj\u00edma nielen o hist\u00f3riu, ale m\u00e1 chu\u0165 si aj odd\u00fdchnu\u0165 a na\u010derpa\u0165 energiu z okolitej pr\u00edrody.&nbsp; Pon\u00faka v\u00fdh\u013ead na spodn\u00fa \u010das\u0165 Ko\u0161ick\u00e9ho hradu a mesto Ko\u0161ice. V lese stretnete ur\u010dite aj zvieratk\u00e1, minim\u00e1lne na jednom z n\u00e1u\u010dn\u00fdch chodn\u00edkov. S\u00fa tam toti\u017e vyrez\u00e1van\u00e9 zvierat\u00e1 z dreva, ktor\u00e9 v lese medzi stromami dokonale zapadli do pr\u00edrodn\u00e9ho prostredia. O\u010daria nielen deti. V lokalite s\u00fa vybudovan\u00e9 \u0161tyri n\u00e1u\u010dn\u00e9 chodn\u00edky:&nbsp;<\/p>\n<ul>\n<li>\u010clovek a les<\/li>\n<li>Lesn\u00e9 dreviny<\/li>\n<li>Zvieratk\u00e1 v lese<\/li>\n<li>Po stop\u00e1ch Ko\u0161ick\u00e9ho hradu<\/li>\n<\/ul>\n<p>Spomenut\u00e9 n\u00e1u\u010dn\u00e9 chodn\u00edky sa venuj\u00fa r\u00f4znym t\u00e9mam v oblasti environment\u00e1lneho vzdel\u00e1vania. Ako sme u\u017e spomenuli, n\u00e1u\u010dn\u00fd chodn\u00edk Zvieratk\u00e1 v lese je lemovan\u00fd vyrez\u00e1van\u00fdmi dreven\u00fdmi zvieratami. Viete sa spr\u00e1va\u0165 v lese a k pr\u00edrode? Nau\u010d\u00ed v\u00e1s to chodn\u00edk \u010clovek a les. Ak\u00e9 dreviny rast\u00fa v lesoch v bl\u00edzkosti Ko\u0161\u00edc sa dozviete na trase Lesn\u00e9 dreviny.&nbsp; \u017divot na hrade, jeho pr\u00ednos a v\u00fdznam v\u00e1m uk\u00e1\u017ee chodn\u00edk Po stop\u00e1ch Ko\u0161ick\u00e9ho hradu. Zauj\u00edmav\u00e9 chodn\u00ed\u010dky maj\u00fa 19 zast\u00e1vok a d\u013a\u017eku 1, 8 km. Nen\u00e1ro\u010dn\u00fa trasu zvl\u00e1dne naozaj ka\u017ed\u00fd.<\/p>\n<p>https:\/\/www.instagram.com\/p\/CGP2B18nMGK\/?utm_source=ig_web_copy_link<\/p>\n<p>&nbsp;<\/p>\n<p><strong>&nbsp;<\/strong><\/p>\n\n\n\n<p><em><strong>Chcete objavova\u0165 Kraj sveta? Viac inform\u00e1ci\u00ed n\u00e1jdete na<\/strong> <\/em><a href=\"https:\/\/www.krajsveta.sk\/\" target=\"_blank\" rel=\"noopener\">https:\/\/www.krajsveta.sk\/<\/a><\/p>\n<p>\u00a0<\/p>\n\n\n\n<div style=\"-webkit-overflow-scrolling: touch; overflow-y: scroll;\"><iframe style=\"overflow: hidden; width: 100%; height: 480px;\" allow=\"geolocation *; camera *;\" frameborder=\"0\" src=\"https:\/\/www.mapotic.com\/mapa-kraj-sveta-kosice\/embed\"><\/iframe><\/div>\n","protected":false},"excerpt":{"rendered":"<p>Okres Ko\u0161ice pon\u00faka mno\u017estvo kr\u00e1snych miest v pr\u00edrode, na ktor\u00e9 sa m\u00f4\u017eu vybra\u0165 cel\u00e9 rodiny i jednotlivci. Pripravili sme pre v\u00e1s tipy na \u010darovn\u00e9 prech\u00e1dzky do lesa, na vrcholy sk\u00e1l i vyhliadky. Vyberte sa spolu s nami k prame\u0148om, ktor\u00e9 s\u00fa popretk\u00e1van\u00e9 hist\u00f3riou a l\u00e1kaj\u00fa turistov aj svojou atmosf\u00e9rou. Na\u0161e turistick\u00e9 in\u0161pir\u00e1cie sme rozdelili pod\u013ea [&hellip;]<\/p>\n","protected":false},"author":10,"featured_media":4869,"comment_status":"closed","ping_status":"closed","sticky":false,"template":"","format":"standard","meta":{"_acf_changed":false,"_sk_post_content":"<!-- wp:tadv\/classic-paragraph -->\n<p>Okres Ko\u0161ice pon\u00faka mno\u017estvo kr\u00e1snych miest v pr\u00edrode, na ktor\u00e9 sa m\u00f4\u017eu vybra\u0165 cel\u00e9 rodiny i jednotlivci. Pripravili sme pre v\u00e1s tipy na \u010darovn\u00e9 prech\u00e1dzky do lesa, na vrcholy sk\u00e1l i vyhliadky. Vyberte sa spolu s nami k prame\u0148om, ktor\u00e9 s\u00fa popretk\u00e1van\u00e9 hist\u00f3riou a l\u00e1kaj\u00fa turistov aj svojou atmosf\u00e9rou. Na\u0161e turistick\u00e9 in\u0161pir\u00e1cie sme rozdelili pod\u013ea toho, \u010di chod\u00edte na t\u00faru radi sami, s partnerom alebo celou rodinou.&nbsp;<\/p>\n<p>https:\/\/www.instagram.com\/p\/B_IlbtvnjoV\/?utm_source=ig_web_copy_link<\/p>\n<!-- \/wp:tadv\/classic-paragraph -->\n\n<!-- wp:tadv\/classic-paragraph -->\n<h2><strong>Pre vlka samot\u00e1ra<\/strong><\/h2>\n<h3><strong>R\u00e1kocziho prame\u0148<\/strong><\/h3>\n<p>Vyvetra\u0165 si hlavu o samote m\u00f4\u017eete sk\u00fasi\u0165 na prech\u00e1dzke zo zn\u00e1meho \u0161portovo-rekrea\u010dn\u00e9 strediska pri Ko\u0161iciach \u2013 Jahodnej. Okrem toho, \u017ee sa tam d\u00e1 v zime dobre s\u00e1nkova\u0165, v lete sa sem nezabudnite vr\u00e1ti\u0165 bicyklova\u0165. Vr\u00e1\u0165me sa, ale v my\u0161lienkach na na\u0161u trasu. Jahodn\u00e1 je dobr\u00fd v\u00fdchodiskov\u00fd bod pre va\u0161e auto aj verejn\u00fa dopravu. &nbsp;Za\u010da\u0165 mo\u017eno pri \u010dervenej zna\u010dke (Cesta hrdinov SNP), ktor\u00e1 vedie hore na Jahodn\u00fa cez Kamenn\u00fd hrb, kam v\u00e1s v\u0161ak privedie i \u017elt\u00e1 zna\u010dka cez R\u00e1kocziho prame\u0148. &nbsp;Ten je spomienkou i na kuruck\u00e9 boje v tejto lokalite. Ide pomerne o star\u00e9 v\u00fdletn\u00e9 miesto, ve\u010f jeho ob\u013e\u00fabenos\u0165 bola u\u017e v 17. storo\u010d\u00ed. Aj pr\u00e1ve preto ho poznaj\u00fa mo\u017eno t\u00ed sk\u00f4r naroden\u00ed a pre mlad\u0161ie gener\u00e1cie je to st\u00e1le objavovan\u00e9 miesto so silou ticha a pr\u00edrody naokolo. Mo\u017eno pr\u00e1ve teraz je \u010das dozvedie\u0165 sa viac o tomto d\u00e1vnom mieste pretkanom hist\u00f3riou.<\/p>\n<h3><strong>Vysok\u00fd vrch<\/strong><\/h3>\n<p>Z&nbsp;Jahodnej sa dostanete aj na Vysok\u00fd vrch, kde sa v\u00e1m bude zda\u0165 svet mali\u010dk\u00fd. Aspo\u0148 okres Ko\u0161ice. Pr\u00edstup na vrchol je tie\u017e z&nbsp; \u010dervenej turistickej trasy z M\u010c Kave\u010dany, po modrej zo strediska Alpinka,&nbsp; po zelenej z rekrea\u010dn\u00fdch stred\u00edsk Ru\u017e\u00edn-Ko\u0161ick\u00e9 H\u00e1mre. Z Horn\u00e1dskej doliny sa na vrch dostanete po&nbsp; modrej turistickej trase z obce Ve\u013ek\u00e1 Lodina a po&nbsp; \u010dervenej turistickej trase z obce Kysak. Nadmorsk\u00e1 v\u00fd\u0161ka Vysok\u00e9ho vrchu je 851 m n.m. V&nbsp;okol\u00ed sa m\u00f4\u017eete osamote zamyslie\u0165 pri poh\u013eade na bohat\u00e9 na lesn\u00e9, skaln\u00e9 i rastlinn\u00e9 &nbsp;spolo\u010denstv\u00e1. Aj ke\u010f je z vrcholu Vysok\u00e9ho vrchu ve\u013emi obmedzen\u00fd v\u00fdh\u013ead, na z\u00e1pade vidie\u0165 Koj\u0161ovsk\u00fa ho\u013eu (1246 m n.m.), na severoz\u00e1pade vrch Pokryvy (888 m n.m.) a na severe vrch Prielohy (788 m n.m.). Dokonca, za dobrej vidite\u013enosti uvid\u00edte Vysok\u00e9 Tatry. Ke\u010f sa budete dobre pozera\u0165 smerom na v\u00fdchod, \u010dak\u00e1 v\u00e1s poh\u013ead na Lysu Str\u00e1\u017e, Velk\u00fa Str\u00e1\u017e, Kapu\u0161ansk\u00fd hradn\u00fd vrch a Slansk\u00e9 vrchy.<\/p>\n<p>https:\/\/www.instagram.com\/p\/CJ5Pqn9hnOg\/?utm_source=ig_web_copy_link<\/p>\n<!-- \/wp:tadv\/classic-paragraph -->\n\n<!-- wp:tadv\/classic-paragraph -->\n<h3><strong>Zmierovac\u00ed kr\u00ed\u017e v \u0164ahanovskom lese<\/strong><\/h3>\n<p>V lese nad ko\u0161ick\u00fdm s\u00eddliskom \u0164ahanovce n\u00e1jdete Zmierovac\u00ed kr\u00ed\u017e. Je to pieskovcov\u00fd monolit v tvare kr\u00ed\u017ea, ktor\u00fd je vysok\u00fd viac ne\u017e meter. Ak ho chcete vidie\u0165, sta\u010d\u00ed sa vyda\u0165 od konca Eur\u00f3pskej triedy asi polhodinu smerom na Kremat\u00f3rium. Prech\u00e1dzku si namierte nie po chodn\u00edku, ale asi 20 metrov od neho \u010falej. Vedeli ste, \u017ee&nbsp;minulosti t\u00fdmto miestom viedla hranica medzi mestsk\u00fdmi lesmi a pozemkami patriacimi obci Hra\u0161ovik? Lokalita lesa je spojen\u00e1 sie\u0165ou chodn\u00edkov so s\u00eddliskom \u0164ahanovce. \u00dazem\u00edm prech\u00e1dza aj jedna z hlavn\u00fdch cyklotr\u00e1s v Ko\u0161iciach, a to trasa, ktor\u00e1 sp\u00e1ja Kr\u00e1snu nad Horn\u00e1dom so S\u00eddliskom \u0164ahanovce, tak\u017ee ur\u010dite pon\u00faka aj dobr\u00fd d\u00f4vod nav\u0161t\u00edvi\u0165 toto miesto nielen v&nbsp;zime, ale i&nbsp;v&nbsp;teplej\u0161om po\u010das\u00ed na bicykli.<\/p>\n<p>https:\/\/www.instagram.com\/p\/CHynQJaBh8S\/?utm_source=ig_web_copy_link<\/p>\n<!-- \/wp:tadv\/classic-paragraph -->\n\n<!-- wp:tadv\/classic-paragraph -->\n<h2><strong>Pre zamilovan\u00e9 p\u00e1riky<\/strong><\/h2>\n<h3><strong>Vyhliadka Loreley<\/strong><\/h3>\n<p>Vyhliadkov\u00e1 skala s poetick\u00fdm n\u00e1zvom Loreley dostala svoje meno od nemeck\u00fdch osadn\u00edkoch, ktor\u00ed v okolit\u00fdch obciach v minulosti \u017eili. Predstavte si, \u017ee im pripom\u00ednala 120 metrov vysok\u00fa skalu pri meste\u010dku Sankt Goarshausen na v\u00fdchodnom brehu rieky R\u00fdn. Pod\u013ea povesti v\u00edla Loreley l\u00e1kala svoj\u00edm spevom lodn\u00edkov a ich lode, ktor\u00e9 potom n\u00e1sledne na \u00fatesoch stroskotali. Nemeck\u00ed osadn\u00edci do skaly umiestnili meden\u00fa tabu\u013eu s n\u00e1pisom spom\u00ednanej v\u00edly. Od vtedy v\u0161ak pre\u0161lo mnoho rokov a nov\u00fa tabu\u013eu osadil Karpatsk\u00fd spolok. Romantick\u00fd v\u00fdh\u013ead v\u00e1m roztvor\u00ed n\u00e1ru\u010d do \u00fadolia potoka Op\u00e1tka, na obec Op\u00e1tka, na lom pri Margecanoch, Folkmarsk\u00fa skalu a vrch Sivec. Idylku vo dvojici si vychutn\u00e1te medzi Hol\u00fdm vrchom (1054 m n.n.) a chatou Lajo\u0161ka na hlavnom hrebeni Volovsk\u00fdch vrchov, preto\u017ee pr\u00e1ve tam sa kr\u00e1sna vyhliadka nach\u00e1dza. K skale sa dostanete \u017eltou turistick\u00e1 trasa z dvoch odbo\u010diek, ktor\u00e9 vych\u00e1dzaj\u00fa z \u010dervenej turistickej magistr\u00e1ly - Cesta hrdinov SNP. Najlep\u0161\u00edmi v\u00fdchodiskami ku skale s\u00fa obce H\u00fd\u013eov, Zlat\u00e1 Idka, Vy\u0161n\u00fd Klatov a Ko\u0161ick\u00e1 Bel\u00e1 alebo u\u017e spom\u00ednan\u00e1 Jahodn\u00e1 a Koj\u0161ovsk\u00e1 Ho\u013ea.<\/p>\n<p>https:\/\/www.instagram.com\/p\/CJmNj_fhhif\/?utm_source=ig_web_copy_link<\/p>\n<!-- \/wp:tadv\/classic-paragraph -->\n\n<!-- wp:tadv\/classic-paragraph -->\n<h2><strong>Pre rodiny s de\u0165mi<\/strong><\/h2>\n<h3><strong>Vrab\u010die skaly&nbsp;<\/strong><\/h3>\n<p>Rodiny s&nbsp;de\u0165mi sa v&nbsp;okrese Ko\u0161ice m\u00f4\u017eu vybra\u0165 na n\u00e1u\u010dn\u00fd chodn\u00edk Vrab\u010die skaly na severnom svahu \u010cerme\u013esk\u00e9ho \u00fadolia. Za\u010d\u00edna ne\u010faleko n\u00e1stupnej stanice detskej \u017eeleznice a&nbsp;otvorili ho e\u0161te v&nbsp;roku 2015. A&nbsp;pre\u010do ho takto pomenovali? T\u00e9ma vt\u00e1\u010d\u00edch druhov je typick\u00e1 pre dan\u00e9 \u00fazemie ko\u0161ick\u00fdch lesov. Jeho trasa sa za\u010d\u00edna na parkovisku pri zast\u00e1vke MHD \u010cerme\u013e &nbsp;a cel\u00fd okruh m\u00e1 d\u013a\u017eku 4,9 km s prev\u00fd\u0161en\u00edm 170 m. Osem n\u00e1u\u010dn\u00fdch tab\u00fa\u013e zamestn\u00e1 myse\u013e najmen\u0161\u00edch turistov, ale ur\u010dite sa ve\u013ea dozvedia aj t\u00ed star\u0161\u00ed. Rozmiestnen\u00e9 s\u00fa na \u00favodn\u00fdch 2 km \u00faseku chodn\u00edka. Tabule s\u00fa venovan\u00e9 r\u00f4znym \u010drt\u00e1m vt\u00e1\u010dieho \u017eivota, vz\u0165ahom vt\u00e1kov k prostrediu i \u010dloveku. Na chodn\u00edku v\u00e1s \u010dak\u00e1 biologick\u00e1 ochrana lesa, \u017eivot v bl\u00edzkosti \u010dloveka, na skal\u00e1ch i na zemi, vt\u00e1\u010d\u00ed orchester, v dutin\u00e1ch stromov, \u017eivot spojen\u00fd s vodou, skryt\u00ed pred \u010dlovekom.<\/p>\n<p>https:\/\/www.instagram.com\/p\/B60SERaB9-q\/?utm_source=ig_web_copy_link<\/p>\n<p><strong>&nbsp;<\/strong><\/p>\n<!-- \/wp:tadv\/classic-paragraph -->\n\n<!-- wp:tadv\/classic-paragraph -->\n<h3>Prame\u0148 v\u00edl<\/h3>\n<p>Prame\u0148 v\u00edl je jednou z mo\u017enost\u00ed, kam sa vyda\u0165 na nen\u00e1ro\u010dn\u00fa prech\u00e1dzku do pr\u00edrody s de\u0165mi v r\u00e1mci Ko\u0161\u00edc aj po\u010das zimy. Trasa z Horn\u00e9ho Bankova a sp\u00e4\u0165 m\u00e1 dokopy pribli\u017ene tri kilometre. Ide o ve\u013emi pekn\u00fa a jednoduch\u00fa vych\u00e1dzku v lese medzi stromami na Bankove. S de\u0165mi tam viete str\u00e1vi\u0165 aj dve hodiny. Na ceste uvid\u00edte zvl\u00e1\u0161tne kamene s n\u00e1pisom KVV. M\u00e1 \u00eds\u0165 o pamiatku na prv\u00fd ko\u0161ick\u00fd verejn\u00fd vodovod vybudovan\u00fd pribli\u017ene koncom 19. storo\u010dia. Tieto p\u00e4tn\u00edky maj\u00fa ozna\u010dova\u0165, kadia\u013e viedol. Trasa n\u00e1sledne vedie k star\u00fdm studniam, podobn\u00fdm t\u00fdm v \u010cermeli. A \u010do je vlastne ten Prame\u0148 v\u00edl? Historick\u00fd Prame\u0148 v\u00edl, ktor\u00fd vych\u00e1dza z ma\u010farskej mytol\u00f3gie, obnovili ko\u0161ick\u00e9 mestsk\u00e9 lesy. Je to studni\u010dka, ktor\u00e1 tak dostala nov\u00fd \u201edom\u010dek\u201c. Klub rodinnej turistiky Ko\u0161ice po dohode s nimi dal vyrobi\u0165 tabu\u013eku s n\u00e1zvom. Studni\u010dku vidie\u0165 u\u017e z dia\u013eky a m\u00f4\u017eu za to pripevnen\u00e9 v\u00fdkresy s kresbami v\u00edl, ktor\u00e9 tam pripevnili deti z Klubu rodinnej turistiky KRTKO. Cesti\u010dkou m\u00f4\u017eete pokra\u010dova\u0165 e\u0161te smerom do kopca.<\/p>\n<p>https:\/\/www.instagram.com\/p\/CIs9CMZh_8U\/?utm_source=ig_web_copy_link<\/p>\n<!-- \/wp:tadv\/classic-paragraph -->\n\n<!-- wp:tadv\/classic-paragraph -->\n<h3>N\u00e1u\u010dn\u00e9 chodn\u00edky Hradov\u00e1<\/h3>\n<p>V\u00fdznamnou a ve\u013emi perspekt\u00edvnou lokalitou z h\u013eadiska dostupnosti, ale aj atrakt\u00edvnosti pobytu pe\u0161\u00edch turistov je Hradov\u00e1. Zvy\u0161ky Ko\u0161ick\u00e9ho hradu z 13. storo\u010dia a sie\u0165 turistick\u00fdch chodn\u00edkov s\u00fa l\u00e1kadlom pre nejedn\u00e9ho n\u00e1v\u0161tevn\u00edka, ktor\u00fd sa zauj\u00edma nielen o hist\u00f3riu, ale m\u00e1 chu\u0165 si aj odd\u00fdchnu\u0165 a na\u010derpa\u0165 energiu z okolitej pr\u00edrody.&nbsp; Pon\u00faka v\u00fdh\u013ead na spodn\u00fa \u010das\u0165 Ko\u0161ick\u00e9ho hradu a mesto Ko\u0161ice. V lese stretnete ur\u010dite aj zvieratk\u00e1, minim\u00e1lne na jednom z n\u00e1u\u010dn\u00fdch chodn\u00edkov. S\u00fa tam toti\u017e vyrez\u00e1van\u00e9 zvierat\u00e1 z dreva, ktor\u00e9 v lese medzi stromami dokonale zapadli do pr\u00edrodn\u00e9ho prostredia. O\u010daria nielen deti. V lokalite s\u00fa vybudovan\u00e9 \u0161tyri n\u00e1u\u010dn\u00e9 chodn\u00edky:&nbsp;<\/p>\n<ul>\n<li>\u010clovek a les<\/li>\n<li>Lesn\u00e9 dreviny<\/li>\n<li>Zvieratk\u00e1 v lese<\/li>\n<li>Po stop\u00e1ch Ko\u0161ick\u00e9ho hradu<\/li>\n<\/ul>\n<p>Spomenut\u00e9 n\u00e1u\u010dn\u00e9 chodn\u00edky sa venuj\u00fa r\u00f4znym t\u00e9mam v oblasti environment\u00e1lneho vzdel\u00e1vania. Ako sme u\u017e spomenuli, n\u00e1u\u010dn\u00fd chodn\u00edk Zvieratk\u00e1 v lese je lemovan\u00fd vyrez\u00e1van\u00fdmi dreven\u00fdmi zvieratami. Viete sa spr\u00e1va\u0165 v lese a k pr\u00edrode? Nau\u010d\u00ed v\u00e1s to chodn\u00edk \u010clovek a les. Ak\u00e9 dreviny rast\u00fa v lesoch v bl\u00edzkosti Ko\u0161\u00edc sa dozviete na trase Lesn\u00e9 dreviny.&nbsp; \u017divot na hrade, jeho pr\u00ednos a v\u00fdznam v\u00e1m uk\u00e1\u017ee chodn\u00edk Po stop\u00e1ch Ko\u0161ick\u00e9ho hradu. Zauj\u00edmav\u00e9 chodn\u00ed\u010dky maj\u00fa 19 zast\u00e1vok a d\u013a\u017eku 1, 8 km. Nen\u00e1ro\u010dn\u00fa trasu zvl\u00e1dne naozaj ka\u017ed\u00fd.<\/p>\n<p>https:\/\/www.instagram.com\/p\/CGP2B18nMGK\/?utm_source=ig_web_copy_link<\/p>\n<p>&nbsp;<\/p>\n<p><strong>&nbsp;<\/strong><\/p>\n<!-- \/wp:tadv\/classic-paragraph -->\n\n<!-- wp:tadv\/classic-paragraph -->\n<p><em><strong>Chcete objavova\u0165 Kraj sveta? Viac inform\u00e1ci\u00ed n\u00e1jdete na<\/strong> <\/em><a href=\"https:\/\/www.krajsveta.sk\/\" target=\"_blank\" rel=\"noopener\">https:\/\/www.krajsveta.sk\/<\/a><\/p>\n<p>\u00a0<\/p>\n<!-- \/wp:tadv\/classic-paragraph -->\n\n<!-- wp:html -->\n<div style=\"-webkit-overflow-scrolling: touch; overflow-y: scroll;\"><iframe style=\"overflow: hidden; width: 100%; height: 480px;\" allow=\"geolocation *; camera *;\" frameborder=\"0\" src=\"https:\/\/www.mapotic.com\/mapa-kraj-sveta-kosice\/embed\"><\/iframe><\/div>\n<!-- \/wp:html -->","_sk_post_name":"pramen-vil-romanticka-loreley-a-caro-lesov-okresu-kosice","_sk_post_excerpt":"","_sk_post_title":"Prame\u0148 v\u00edl, romantick\u00e1 Loreley a \u010daro lesov okresu Ko\u0161ice","_en_post_content":"","_en_post_name":"","_en_post_excerpt":"","_en_post_title":"","_hu_post_content":"","_hu_post_name":"","_hu_post_excerpt":"","_hu_post_title":"","_es_post_content":"","_es_post_name":"","_es_post_excerpt":"","_es_post_title":"","_de_post_content":"","_de_post_name":"","_de_post_excerpt":"","_de_post_title":"","_pl_post_content":"","_pl_post_name":"","_pl_post_excerpt":"","_pl_post_title":"","_it_post_content":"","_it_post_name":"","_it_post_excerpt":"","_it_post_title":"","edit_language":"sk","footnotes":""},"categories":[22],"tags":[313,324,53,48,65,325,32,128,229],"class_list":["post-4563","post","type-post","status-publish","format-standard","has-post-thumbnail","hentry","category-get-inspired","tag-deti","tag-hradova","tag-jahodna","tag-kosice","tag-naucny-chodnik","tag-rodina","tag-turistika","tag-vylet","tag-zima"],"acf":[],"yoast_head":"<!-- This site is optimized with the Yoast SEO Premium plugin v25.5 (Yoast SEO v27.4) - https:\/\/yoast.com\/product\/yoast-seo-premium-wordpress\/ -->\n<title>Ko\u0161ice Regi\u00f3n<\/title>\n<meta name=\"description\" content=\"Okres Ko\u0161ice pon\u00faka mno\u017estvo kr\u00e1snych miest v pr\u00edrode, na ktor\u00e9 sa m\u00f4\u017eu vybra\u0165 cel\u00e9 rodiny i jednotlivci. Pripravili sme pre v\u00e1s tipy na \u010darovn\u00e9 prech\u00e1dzky do lesa, na vrcholy sk\u00e1l i vyhliadky. Vyberte sa spolu s nami k prame\u0148om,\u2026\" \/>\n<meta name=\"robots\" content=\"index, follow, max-snippet:-1, max-image-preview:large, max-video-preview:-1\" \/>\n<link rel=\"canonical\" href=\"https:\/\/www.kosiceregion.com\/hu\/pramen-vil-romanticka-loreley-a-caro-lesov-okresu-kosice\/\" \/>\n<meta property=\"og:locale\" content=\"sk_SK\" \/>\n<meta property=\"og:type\" content=\"article\" \/>\n<meta property=\"og:title\" content=\"Prame\u0148 v\u00edl, romantick\u00e1 Loreley a \u010daro lesov okresu Ko\u0161ice\" \/>\n<meta property=\"og:description\" content=\"Okres Ko\u0161ice pon\u00faka mno\u017estvo kr\u00e1snych miest v pr\u00edrode, na ktor\u00e9 sa m\u00f4\u017eu vybra\u0165 cel\u00e9 rodiny i jednotlivci. Pripravili sme pre v\u00e1s tipy na \u010darovn\u00e9\" \/>\n<meta property=\"og:url\" content=\"https:\/\/www.kosiceregion.com\/sk\/wp-json\/wp\/v2\/posts\/4563\" \/>\n<meta property=\"og:site_name\" content=\"Ko\u0161ice Regi\u00f3n\" \/>\n<meta property=\"article:publisher\" content=\"https:\/\/www.facebook.com\/kosiceregion\" \/>\n<meta property=\"article:published_time\" content=\"2021-01-26T14:24:41+00:00\" \/>\n<meta property=\"article:modified_time\" content=\"2021-01-27T08:11:11+00:00\" \/>\n<meta property=\"og:image\" content=\"https:\/\/www.kosiceregion.com\/wp-content\/uploads\/2021\/01\/KP_0022-scaled.jpg\" \/>\n\t<meta property=\"og:image:width\" content=\"2560\" \/>\n\t<meta property=\"og:image:height\" content=\"1707\" \/>\n\t<meta property=\"og:image:type\" content=\"image\/jpeg\" \/>\n<meta name=\"author\" content=\"Attila T\u00f6r\u00f6k\" \/>\n<meta name=\"twitter:card\" content=\"summary_large_image\" \/>\n<meta name=\"twitter:creator\" content=\"@KOSICEREGION\" \/>\n<meta name=\"twitter:site\" content=\"@KOSICEREGION\" \/>\n<meta name=\"twitter:label1\" content=\"Autor\" \/>\n\t<meta name=\"twitter:data1\" content=\"Attila T\u00f6r\u00f6k\" \/>\n\t<meta name=\"twitter:label2\" content=\"Predpokladan\u00fd \u010das \u010d\u00edtania\" \/>\n\t<meta name=\"twitter:data2\" content=\"6 min\u00fat\" \/>\n<script type=\"application\/ld+json\" class=\"yoast-schema-graph\">{\"@context\":\"https:\\\/\\\/schema.org\",\"@graph\":[{\"@type\":\"Article\",\"@id\":\"https:\\\/\\\/www.kosiceregion.com\\\/hu\\\/pramen-vil-romanticka-loreley-a-caro-lesov-okresu-kosice\\\/#article\",\"isPartOf\":{\"@id\":\"https:\\\/\\\/www.kosiceregion.com\\\/hu\\\/pramen-vil-romanticka-loreley-a-caro-lesov-okresu-kosice\\\/\"},\"author\":{\"name\":\"Attila T\u00f6r\u00f6k\",\"@id\":\"https:\\\/\\\/www.kosiceregion.com\\\/#\\\/schema\\\/person\\\/c165be3d928462a4f7283533e3fa9f87\"},\"headline\":\"Prame\u0148 v\u00edl, romantick\u00e1 Loreley a \u010daro lesov okresu Ko\u0161ice\",\"datePublished\":\"2021-01-26T14:24:41+00:00\",\"dateModified\":\"2021-01-27T08:11:11+00:00\",\"mainEntityOfPage\":{\"@id\":\"https:\\\/\\\/www.kosiceregion.com\\\/hu\\\/pramen-vil-romanticka-loreley-a-caro-lesov-okresu-kosice\\\/\"},\"wordCount\":1631,\"publisher\":{\"@id\":\"https:\\\/\\\/www.kosiceregion.com\\\/#organization\"},\"image\":{\"@id\":\"https:\\\/\\\/www.kosiceregion.com\\\/hu\\\/pramen-vil-romanticka-loreley-a-caro-lesov-okresu-kosice\\\/#primaryimage\"},\"thumbnailUrl\":\"https:\\\/\\\/www.kosiceregion.com\\\/wp-content\\\/uploads\\\/2021\\\/01\\\/KP_0022-scaled.jpg\",\"keywords\":[\"deti\",\"Hradov\u00e1\",\"Jahodn\u00e1\",\"Ko\u0161ice\",\"n\u00e1u\u010dn\u00fd chodn\u00edk\",\"rodina\",\"turistika\",\"v\u00fdlet\",\"zima\"],\"articleSection\":[\"In\u0161piruj sa\"],\"inLanguage\":\"sk-SK\"},{\"@type\":\"WebPage\",\"@id\":\"https:\\\/\\\/www.kosiceregion.com\\\/hu\\\/pramen-vil-romanticka-loreley-a-caro-lesov-okresu-kosice\\\/\",\"url\":\"https:\\\/\\\/www.kosiceregion.com\\\/hu\\\/pramen-vil-romanticka-loreley-a-caro-lesov-okresu-kosice\\\/\",\"name\":\"Prame\u0148 v\u00edl, romantick\u00e1 Loreley a \u010daro lesov okresu Ko\u0161ice - Ko\u0161ice Regi\u00f3n\",\"isPartOf\":{\"@id\":\"https:\\\/\\\/www.kosiceregion.com\\\/#website\"},\"primaryImageOfPage\":{\"@id\":\"https:\\\/\\\/www.kosiceregion.com\\\/hu\\\/pramen-vil-romanticka-loreley-a-caro-lesov-okresu-kosice\\\/#primaryimage\"},\"image\":{\"@id\":\"https:\\\/\\\/www.kosiceregion.com\\\/hu\\\/pramen-vil-romanticka-loreley-a-caro-lesov-okresu-kosice\\\/#primaryimage\"},\"thumbnailUrl\":\"https:\\\/\\\/www.kosiceregion.com\\\/wp-content\\\/uploads\\\/2021\\\/01\\\/KP_0022-scaled.jpg\",\"datePublished\":\"2021-01-26T14:24:41+00:00\",\"dateModified\":\"2021-01-27T08:11:11+00:00\",\"description\":\"Okres Ko\u0161ice pon\u00faka mno\u017estvo kr\u00e1snych miest v pr\u00edrode, na ktor\u00e9 sa m\u00f4\u017eu vybra\u0165 cel\u00e9 rodiny i jednotlivci. Pripravili sme pre v\u00e1s tipy na \u010darovn\u00e9\",\"breadcrumb\":{\"@id\":\"https:\\\/\\\/www.kosiceregion.com\\\/hu\\\/pramen-vil-romanticka-loreley-a-caro-lesov-okresu-kosice\\\/#breadcrumb\"},\"inLanguage\":\"sk-SK\",\"potentialAction\":[{\"@type\":\"ReadAction\",\"target\":[\"https:\\\/\\\/www.kosiceregion.com\\\/hu\\\/pramen-vil-romanticka-loreley-a-caro-lesov-okresu-kosice\\\/\"]}]},{\"@type\":\"ImageObject\",\"inLanguage\":\"sk-SK\",\"@id\":\"https:\\\/\\\/www.kosiceregion.com\\\/hu\\\/pramen-vil-romanticka-loreley-a-caro-lesov-okresu-kosice\\\/#primaryimage\",\"url\":\"https:\\\/\\\/www.kosiceregion.com\\\/wp-content\\\/uploads\\\/2021\\\/01\\\/KP_0022-scaled.jpg\",\"contentUrl\":\"https:\\\/\\\/www.kosiceregion.com\\\/wp-content\\\/uploads\\\/2021\\\/01\\\/KP_0022-scaled.jpg\",\"width\":2560,\"height\":1707},{\"@type\":\"BreadcrumbList\",\"@id\":\"https:\\\/\\\/www.kosiceregion.com\\\/hu\\\/pramen-vil-romanticka-loreley-a-caro-lesov-okresu-kosice\\\/#breadcrumb\",\"itemListElement\":[{\"@type\":\"ListItem\",\"position\":1,\"name\":\"Home\",\"item\":\"https:\\\/\\\/www.kosiceregion.com\\\/sk\\\/\"},{\"@type\":\"ListItem\",\"position\":2,\"name\":\"Prame\u0148 v\u00edl, romantick\u00e1 Loreley a \u010daro lesov okresu Ko\u0161ice\"}]},{\"@type\":\"WebSite\",\"@id\":\"https:\\\/\\\/www.kosiceregion.com\\\/#website\",\"url\":\"https:\\\/\\\/www.kosiceregion.com\\\/\",\"name\":\"Ko\u0161ice Regi\u00f3n\",\"description\":\"Turistick\u00fd sprievodca Ko\u0161ick\u00fdm krajom\",\"publisher\":{\"@id\":\"https:\\\/\\\/www.kosiceregion.com\\\/#organization\"},\"potentialAction\":[{\"@type\":\"SearchAction\",\"target\":{\"@type\":\"EntryPoint\",\"urlTemplate\":\"https:\\\/\\\/www.kosiceregion.com\\\/?s={search_term_string}\"},\"query-input\":{\"@type\":\"PropertyValueSpecification\",\"valueRequired\":true,\"valueName\":\"search_term_string\"}}],\"inLanguage\":\"sk-SK\"},{\"@type\":\"Organization\",\"@id\":\"https:\\\/\\\/www.kosiceregion.com\\\/#organization\",\"name\":\"Ko\u0161ice Regi\u00f3n Turizmus\",\"url\":\"https:\\\/\\\/www.kosiceregion.com\\\/\",\"logo\":{\"@type\":\"ImageObject\",\"inLanguage\":\"sk-SK\",\"@id\":\"https:\\\/\\\/www.kosiceregion.com\\\/#\\\/schema\\\/logo\\\/image\\\/\",\"url\":\"https:\\\/\\\/www.kosiceregion.com\\\/wp-content\\\/uploads\\\/2019\\\/03\\\/logo-web-sk.png\",\"contentUrl\":\"https:\\\/\\\/www.kosiceregion.com\\\/wp-content\\\/uploads\\\/2019\\\/03\\\/logo-web-sk.png\",\"width\":225,\"height\":100,\"caption\":\"Ko\u0161ice Regi\u00f3n Turizmus\"},\"image\":{\"@id\":\"https:\\\/\\\/www.kosiceregion.com\\\/#\\\/schema\\\/logo\\\/image\\\/\"},\"sameAs\":[\"https:\\\/\\\/www.facebook.com\\\/kosiceregion\",\"https:\\\/\\\/x.com\\\/KOSICEREGION\",\"https:\\\/\\\/www.instagram.com\\\/kosiceregion\",\"https:\\\/\\\/www.youtube.com\\\/kosiceregion\"]},{\"@type\":\"Person\",\"@id\":\"https:\\\/\\\/www.kosiceregion.com\\\/#\\\/schema\\\/person\\\/c165be3d928462a4f7283533e3fa9f87\",\"name\":\"Attila T\u00f6r\u00f6k\",\"image\":{\"@type\":\"ImageObject\",\"inLanguage\":\"sk-SK\",\"@id\":\"https:\\\/\\\/secure.gravatar.com\\\/avatar\\\/7536520a24f54162948fc01f9d450948fd7df6ba020d0e39b69d3dcb7e39ee10?s=96&d=mm&r=g\",\"url\":\"https:\\\/\\\/secure.gravatar.com\\\/avatar\\\/7536520a24f54162948fc01f9d450948fd7df6ba020d0e39b69d3dcb7e39ee10?s=96&d=mm&r=g\",\"contentUrl\":\"https:\\\/\\\/secure.gravatar.com\\\/avatar\\\/7536520a24f54162948fc01f9d450948fd7df6ba020d0e39b69d3dcb7e39ee10?s=96&d=mm&r=g\",\"caption\":\"Attila T\u00f6r\u00f6k\"}}]}<\/script>\n<!-- \/ Yoast SEO Premium plugin. -->","yoast_head_json":{"title":"Ko\u0161ice Regi\u00f3n","description":"Okres Ko\u0161ice pon\u00faka mno\u017estvo kr\u00e1snych miest v pr\u00edrode, na ktor\u00e9 sa m\u00f4\u017eu vybra\u0165 cel\u00e9 rodiny i jednotlivci. Pripravili sme pre v\u00e1s tipy na \u010darovn\u00e9 prech\u00e1dzky do lesa, na vrcholy sk\u00e1l i vyhliadky. Vyberte sa spolu s nami k prame\u0148om,\u2026","robots":{"index":"index","follow":"follow","max-snippet":"max-snippet:-1","max-image-preview":"max-image-preview:large","max-video-preview":"max-video-preview:-1"},"canonical":"https:\/\/www.kosiceregion.com\/hu\/pramen-vil-romanticka-loreley-a-caro-lesov-okresu-kosice\/","og_locale":"sk_SK","og_type":"article","og_title":"Prame\u0148 v\u00edl, romantick\u00e1 Loreley a \u010daro lesov okresu Ko\u0161ice","og_description":"Okres Ko\u0161ice pon\u00faka mno\u017estvo kr\u00e1snych miest v pr\u00edrode, na ktor\u00e9 sa m\u00f4\u017eu vybra\u0165 cel\u00e9 rodiny i jednotlivci. Pripravili sme pre v\u00e1s tipy na \u010darovn\u00e9","og_url":"https:\/\/www.kosiceregion.com\/sk\/wp-json\/wp\/v2\/posts\/4563","og_site_name":"Ko\u0161ice Regi\u00f3n","article_publisher":"https:\/\/www.facebook.com\/kosiceregion","article_published_time":"2021-01-26T14:24:41+00:00","article_modified_time":"2021-01-27T08:11:11+00:00","og_image":[{"width":2560,"height":1707,"url":"https:\/\/www.kosiceregion.com\/wp-content\/uploads\/2021\/01\/KP_0022-scaled.jpg","type":"image\/jpeg"}],"author":"Attila T\u00f6r\u00f6k","twitter_card":"summary_large_image","twitter_creator":"@KOSICEREGION","twitter_site":"@KOSICEREGION","twitter_misc":{"Autor":"Attila T\u00f6r\u00f6k","Predpokladan\u00fd \u010das \u010d\u00edtania":"6 min\u00fat"},"schema":{"@context":"https:\/\/schema.org","@graph":[{"@type":"Article","@id":"https:\/\/www.kosiceregion.com\/hu\/pramen-vil-romanticka-loreley-a-caro-lesov-okresu-kosice\/#article","isPartOf":{"@id":"https:\/\/www.kosiceregion.com\/hu\/pramen-vil-romanticka-loreley-a-caro-lesov-okresu-kosice\/"},"author":{"name":"Attila T\u00f6r\u00f6k","@id":"https:\/\/www.kosiceregion.com\/#\/schema\/person\/c165be3d928462a4f7283533e3fa9f87"},"headline":"Prame\u0148 v\u00edl, romantick\u00e1 Loreley a \u010daro lesov okresu Ko\u0161ice","datePublished":"2021-01-26T14:24:41+00:00","dateModified":"2021-01-27T08:11:11+00:00","mainEntityOfPage":{"@id":"https:\/\/www.kosiceregion.com\/hu\/pramen-vil-romanticka-loreley-a-caro-lesov-okresu-kosice\/"},"wordCount":1631,"publisher":{"@id":"https:\/\/www.kosiceregion.com\/#organization"},"image":{"@id":"https:\/\/www.kosiceregion.com\/hu\/pramen-vil-romanticka-loreley-a-caro-lesov-okresu-kosice\/#primaryimage"},"thumbnailUrl":"https:\/\/www.kosiceregion.com\/wp-content\/uploads\/2021\/01\/KP_0022-scaled.jpg","keywords":["deti","Hradov\u00e1","Jahodn\u00e1","Ko\u0161ice","n\u00e1u\u010dn\u00fd chodn\u00edk","rodina","turistika","v\u00fdlet","zima"],"articleSection":["In\u0161piruj sa"],"inLanguage":"sk-SK"},{"@type":"WebPage","@id":"https:\/\/www.kosiceregion.com\/hu\/pramen-vil-romanticka-loreley-a-caro-lesov-okresu-kosice\/","url":"https:\/\/www.kosiceregion.com\/hu\/pramen-vil-romanticka-loreley-a-caro-lesov-okresu-kosice\/","name":"Prame\u0148 v\u00edl, romantick\u00e1 Loreley a \u010daro lesov okresu Ko\u0161ice - Ko\u0161ice Regi\u00f3n","isPartOf":{"@id":"https:\/\/www.kosiceregion.com\/#website"},"primaryImageOfPage":{"@id":"https:\/\/www.kosiceregion.com\/hu\/pramen-vil-romanticka-loreley-a-caro-lesov-okresu-kosice\/#primaryimage"},"image":{"@id":"https:\/\/www.kosiceregion.com\/hu\/pramen-vil-romanticka-loreley-a-caro-lesov-okresu-kosice\/#primaryimage"},"thumbnailUrl":"https:\/\/www.kosiceregion.com\/wp-content\/uploads\/2021\/01\/KP_0022-scaled.jpg","datePublished":"2021-01-26T14:24:41+00:00","dateModified":"2021-01-27T08:11:11+00:00","description":"Okres Ko\u0161ice pon\u00faka mno\u017estvo kr\u00e1snych miest v pr\u00edrode, na ktor\u00e9 sa m\u00f4\u017eu vybra\u0165 cel\u00e9 rodiny i jednotlivci. Pripravili sme pre v\u00e1s tipy na \u010darovn\u00e9","breadcrumb":{"@id":"https:\/\/www.kosiceregion.com\/hu\/pramen-vil-romanticka-loreley-a-caro-lesov-okresu-kosice\/#breadcrumb"},"inLanguage":"sk-SK","potentialAction":[{"@type":"ReadAction","target":["https:\/\/www.kosiceregion.com\/hu\/pramen-vil-romanticka-loreley-a-caro-lesov-okresu-kosice\/"]}]},{"@type":"ImageObject","inLanguage":"sk-SK","@id":"https:\/\/www.kosiceregion.com\/hu\/pramen-vil-romanticka-loreley-a-caro-lesov-okresu-kosice\/#primaryimage","url":"https:\/\/www.kosiceregion.com\/wp-content\/uploads\/2021\/01\/KP_0022-scaled.jpg","contentUrl":"https:\/\/www.kosiceregion.com\/wp-content\/uploads\/2021\/01\/KP_0022-scaled.jpg","width":2560,"height":1707},{"@type":"BreadcrumbList","@id":"https:\/\/www.kosiceregion.com\/hu\/pramen-vil-romanticka-loreley-a-caro-lesov-okresu-kosice\/#breadcrumb","itemListElement":[{"@type":"ListItem","position":1,"name":"Home","item":"https:\/\/www.kosiceregion.com\/sk\/"},{"@type":"ListItem","position":2,"name":"Prame\u0148 v\u00edl, romantick\u00e1 Loreley a \u010daro lesov okresu Ko\u0161ice"}]},{"@type":"WebSite","@id":"https:\/\/www.kosiceregion.com\/#website","url":"https:\/\/www.kosiceregion.com\/","name":"Ko\u0161ice Regi\u00f3n","description":"Turistick\u00fd sprievodca Ko\u0161ick\u00fdm krajom","publisher":{"@id":"https:\/\/www.kosiceregion.com\/#organization"},"potentialAction":[{"@type":"SearchAction","target":{"@type":"EntryPoint","urlTemplate":"https:\/\/www.kosiceregion.com\/?s={search_term_string}"},"query-input":{"@type":"PropertyValueSpecification","valueRequired":true,"valueName":"search_term_string"}}],"inLanguage":"sk-SK"},{"@type":"Organization","@id":"https:\/\/www.kosiceregion.com\/#organization","name":"Ko\u0161ice Regi\u00f3n Turizmus","url":"https:\/\/www.kosiceregion.com\/","logo":{"@type":"ImageObject","inLanguage":"sk-SK","@id":"https:\/\/www.kosiceregion.com\/#\/schema\/logo\/image\/","url":"https:\/\/www.kosiceregion.com\/wp-content\/uploads\/2019\/03\/logo-web-sk.png","contentUrl":"https:\/\/www.kosiceregion.com\/wp-content\/uploads\/2019\/03\/logo-web-sk.png","width":225,"height":100,"caption":"Ko\u0161ice Regi\u00f3n Turizmus"},"image":{"@id":"https:\/\/www.kosiceregion.com\/#\/schema\/logo\/image\/"},"sameAs":["https:\/\/www.facebook.com\/kosiceregion","https:\/\/x.com\/KOSICEREGION","https:\/\/www.instagram.com\/kosiceregion","https:\/\/www.youtube.com\/kosiceregion"]},{"@type":"Person","@id":"https:\/\/www.kosiceregion.com\/#\/schema\/person\/c165be3d928462a4f7283533e3fa9f87","name":"Attila T\u00f6r\u00f6k","image":{"@type":"ImageObject","inLanguage":"sk-SK","@id":"https:\/\/secure.gravatar.com\/avatar\/7536520a24f54162948fc01f9d450948fd7df6ba020d0e39b69d3dcb7e39ee10?s=96&d=mm&r=g","url":"https:\/\/secure.gravatar.com\/avatar\/7536520a24f54162948fc01f9d450948fd7df6ba020d0e39b69d3dcb7e39ee10?s=96&d=mm&r=g","contentUrl":"https:\/\/secure.gravatar.com\/avatar\/7536520a24f54162948fc01f9d450948fd7df6ba020d0e39b69d3dcb7e39ee10?s=96&d=mm&r=g","caption":"Attila T\u00f6r\u00f6k"}}]}},"_links":{"self":[{"href":"https:\/\/www.kosiceregion.com\/sk\/wp-json\/wp\/v2\/posts\/4563","targetHints":{"allow":["GET"]}}],"collection":[{"href":"https:\/\/www.kosiceregion.com\/sk\/wp-json\/wp\/v2\/posts"}],"about":[{"href":"https:\/\/www.kosiceregion.com\/sk\/wp-json\/wp\/v2\/types\/post"}],"author":[{"embeddable":true,"href":"https:\/\/www.kosiceregion.com\/sk\/wp-json\/wp\/v2\/users\/10"}],"replies":[{"embeddable":true,"href":"https:\/\/www.kosiceregion.com\/sk\/wp-json\/wp\/v2\/comments?post=4563"}],"version-history":[{"count":6,"href":"https:\/\/www.kosiceregion.com\/sk\/wp-json\/wp\/v2\/posts\/4563\/revisions"}],"predecessor-version":[{"id":4857,"href":"https:\/\/www.kosiceregion.com\/sk\/wp-json\/wp\/v2\/posts\/4563\/revisions\/4857"}],"wp:featuredmedia":[{"embeddable":true,"href":"https:\/\/www.kosiceregion.com\/sk\/wp-json\/wp\/v2\/media\/4869"}],"wp:attachment":[{"href":"https:\/\/www.kosiceregion.com\/sk\/wp-json\/wp\/v2\/media?parent=4563"}],"wp:term":[{"taxonomy":"category","embeddable":true,"href":"https:\/\/www.kosiceregion.com\/sk\/wp-json\/wp\/v2\/categories?post=4563"},{"taxonomy":"post_tag","embeddable":true,"href":"https:\/\/www.kosiceregion.com\/sk\/wp-json\/wp\/v2\/tags?post=4563"}],"curies":[{"name":"wp","href":"https:\/\/api.w.org\/{rel}","templated":true}]}}