{"id":7411,"date":"2021-08-30T13:17:47","date_gmt":"2021-08-30T11:17:47","guid":{"rendered":"https:\/\/www.kosiceregion.com\/sk\/?p=7411"},"modified":"2021-08-30T13:17:48","modified_gmt":"2021-08-30T11:17:48","slug":"zivot-dobrodruhov-vyhliadka-vysna-mysla","status":"publish","type":"post","link":"https:\/\/www.kosiceregion.com\/sk\/zivot-dobrodruhov-vyhliadka-vysna-mysla\/","title":{"rendered":"\u017divot dobrodruhov: Vyhliadka Vy\u0161n\u00e1 My\u0161\u013ea"},"content":{"rendered":"\n<p style=\"text-align: justify;\">Pre t\u00fdch z\u00a0v\u00e1s, ktor\u00fd h\u013eadaj\u00fa jednoduch\u00fd a\u00a0nen\u00e1ro\u010dn\u00fd v\u00fdlet v\u00a0tesnej bl\u00edzkosti Ko\u0161\u00edc m\u00e1me ozaj skvel\u00fd tip! Po\u010duli ste u\u017e o\u00a0vyhliadke v\u00a0obci Vy\u0161n\u00e1 My\u0161\u013ea? Je to skvel\u00e9 miesto na oddych a kr\u00e1tky pobyt v\u00a0pr\u00edrode. A\u00a0samozrejme, je vhodn\u00e1 aj pre rodiny s\u00a0de\u0165mi \u010di ps\u00edkov. Pote\u0161ia v\u00e1s tu aj pekn\u00e9 v\u00fdh\u013eady.<\/p>\n\n\n\n<figure class=\"wp-block-image size-large\"><img decoding=\"async\" width=\"1024\" height=\"683\" src=\"https:\/\/www.kosiceregion.com\/wp-content\/uploads\/2021\/08\/1-5-1024x683.jpg\" alt=\"\" class=\"wp-image-7412\" srcset=\"https:\/\/www.kosiceregion.com\/wp-content\/uploads\/2021\/08\/1-5-1024x683.jpg 1024w, https:\/\/www.kosiceregion.com\/wp-content\/uploads\/2021\/08\/1-5-300x200.jpg 300w, https:\/\/www.kosiceregion.com\/wp-content\/uploads\/2021\/08\/1-5-768x512.jpg 768w, https:\/\/www.kosiceregion.com\/wp-content\/uploads\/2021\/08\/1-5-1536x1024.jpg 1536w, https:\/\/www.kosiceregion.com\/wp-content\/uploads\/2021\/08\/1-5-2048x1365.jpg 2048w\" sizes=\"(max-width: 1024px) 100vw, 1024px\" \/><\/figure>\n\n\n\n<h2 class=\"has-text-align-center wp-block-heading\">Inform\u00e1cie o trase a lokalite<\/h2>\n\n\n\n<p>\u00a0<\/p>\n<table class=\" aligncenter\" style=\"height: 436px; width: 72.6199%; border-collapse: collapse;\">\n<tbody>\n<tr style=\"height: 216px;\">\n<td style=\"width: 20%; height: 210px;\"><img decoding=\"async\" class=\"size-full wp-image-5997 aligncenter\" src=\"https:\/\/www.kosiceregion.com\/wp-content\/uploads\/2021\/05\/Icon_black__kids.png\" alt=\"\" width=\"35\" height=\"35\" \/><\/td>\n<td style=\"width: 20%; height: 210px;\">\n<p><strong>Vhodn\u00e9 pre deti<\/strong><\/p>\n<p>\u00c1NO<\/p>\n<\/td>\n<td style=\"width: 20.5727%; height: 210px;\"><img decoding=\"async\" class=\"size-full wp-image-5998 aligncenter\" src=\"https:\/\/www.kosiceregion.com\/wp-content\/uploads\/2021\/05\/Icon_black__route.png\" alt=\"\" width=\"35\" height=\"35\" \/><\/td>\n<td style=\"width: 22.9886%; height: 210px;\">\n<p><strong>Zna\u010den\u00e1 trasa <\/strong><\/p>\n<p>\u00c1NO<\/p>\n<\/td>\n<\/tr>\n<tr style=\"height: 216px;\">\n<td style=\"width: 20%; height: 139px;\"><img decoding=\"async\" class=\"size-full wp-image-5999 aligncenter\" src=\"https:\/\/www.kosiceregion.com\/wp-content\/uploads\/2021\/05\/Icon_black__food.png\" alt=\"\" width=\"35\" height=\"35\" \/><\/td>\n<td style=\"width: 20%; height: 139px;\">\n<p><strong>Stravovacie zariadenie<\/strong><\/p>\n<p>NIE<\/p>\n<\/td>\n<td style=\"width: 20.5727%; height: 139px;\"><img decoding=\"async\" class=\"size-full wp-image-6000 aligncenter\" src=\"https:\/\/www.kosiceregion.com\/wp-content\/uploads\/2021\/05\/Icon_black__challenging.png\" alt=\"\" width=\"35\" height=\"35\" \/><\/td>\n<td style=\"width: 22.9886%; height: 139px;\">\n<p><strong>N\u00e1ro\u010dnos\u0165 trasy<\/strong><\/p>\n<p style=\"text-align: left;\">\u013dAHK\u00c1<\/p>\n<\/td>\n<\/tr>\n<\/tbody>\n<\/table>\n<p>\u00a0<\/p>\n\n\n\n<p style=\"text-align: justify;\">Vyhliadka vo Vy\u0161nej My\u0161li je novinkou. Jej sl\u00e1vnostn\u00e9 otvorenie sa uskuto\u010dnilo d\u0148a 4.7.2021. Jedn\u00e1 sa o\u00a0kovov\u00fa l\u00e1vku dlh\u00fa 13 metrov. Na jej konci je to\u010dit\u00e9 schodisko, ktor\u00e9 m\u00e1 v\u00fd\u0161ku 8 metrov a\u00a0celkovo je tu 34 schodov. Mal\u00fd turistick\u00fd okruh v\u00e1s kovov\u00fdmi rebr\u00edkmi zavedie a\u017e k\u00a0rieke Ol\u0161ava a\u00a0sp\u00e4\u0165. Z\u00a0vyhliadky sa n\u00e1m naskyt\u00e1 poh\u013ead ponad koruny stromov. Dovidie\u0165 odtia\u013e aj do ka\u0148onu rieky Ol\u0161ava. Jej celkov\u00e1 d\u013a\u017eka je 49.9km a\u00a0pramen\u00ed v\u00a0Slansk\u00fdch vrchoch. Z\u00a0vyhliadkovej plo\u0161iny vidno aj obec Ni\u017en\u00e1 My\u0161\u013ea. Hne\u010f oproti si m\u00f4\u017eeme v\u0161imn\u00fa\u0165 Skalku \u2013 oblas\u0165 zn\u00e1mu pre turistiku. My\u0161\u013eanska vyhliadka je umiestnen\u00e1 na zna\u010denom cyklistickom chodn\u00edku. Nach\u00e1dza sa v\u00a0katastri obce Vy\u0161n\u00e1 My\u0161\u013ea.<\/p>\n\n\n\n<figure class=\"wp-block-image size-large\"><img decoding=\"async\" width=\"1024\" height=\"683\" src=\"https:\/\/www.kosiceregion.com\/wp-content\/uploads\/2021\/08\/2-4-1024x683.jpg\" alt=\"\" class=\"wp-image-7413\" srcset=\"https:\/\/www.kosiceregion.com\/wp-content\/uploads\/2021\/08\/2-4-1024x683.jpg 1024w, https:\/\/www.kosiceregion.com\/wp-content\/uploads\/2021\/08\/2-4-300x200.jpg 300w, https:\/\/www.kosiceregion.com\/wp-content\/uploads\/2021\/08\/2-4-768x512.jpg 768w, https:\/\/www.kosiceregion.com\/wp-content\/uploads\/2021\/08\/2-4-1536x1024.jpg 1536w, https:\/\/www.kosiceregion.com\/wp-content\/uploads\/2021\/08\/2-4-2048x1365.jpg 2048w\" sizes=\"(max-width: 1024px) 100vw, 1024px\" \/><figcaption>V\u00fdh\u013ead z vyhliadkovej plo\u0161iny<\/figcaption><\/figure>\n\n\n\n<h2 class=\"has-text-align-center wp-block-heading\">Dopravn\u00e1 dostupnos\u0165<\/h2>\n\n\n\n<p>\u00a0<\/p>\n<table class=\" aligncenter\" style=\"height: 418px; width: 71.5443%; border-collapse: collapse;\">\n<tbody>\n<tr style=\"height: 216px;\">\n<td style=\"width: 20%; height: 210px;\"><img decoding=\"async\" class=\"size-full wp-image-6002 aligncenter\" src=\"https:\/\/www.kosiceregion.com\/wp-content\/uploads\/2021\/05\/Icon_black__parking.png\" alt=\"\" width=\"35\" height=\"35\" \/><\/td>\n<td style=\"width: 20%; height: 210px;\">\n<p><strong>Parkovanie<\/strong><\/p>\n<p>\u00c1NO, Pri vyhliadke<\/p>\n<\/td>\n<td style=\"width: 20.7372%; height: 210px;\"><img decoding=\"async\" class=\"size-full wp-image-6003 aligncenter\" src=\"https:\/\/www.kosiceregion.com\/wp-content\/uploads\/2021\/05\/Icon_black__bus.png\" alt=\"\" width=\"35\" height=\"35\" \/><\/td>\n<td style=\"width: 22.8241%; height: 210px;\">\n<p><strong>Autobusov\u00e1 zast\u00e1vka<\/strong><\/p>\n<p>\u00c1NO, Vy\u0161n\u00e1 My\u0161\u013ea<\/p>\n<\/td>\n<\/tr>\n<tr style=\"height: 216px;\">\n<td style=\"width: 20%; height: 208px;\"><img decoding=\"async\" class=\"size-full wp-image-6004 aligncenter\" src=\"https:\/\/www.kosiceregion.com\/wp-content\/uploads\/2021\/05\/Icon_black__train.png\" alt=\"\" width=\"35\" height=\"35\" \/><\/td>\n<td style=\"width: 20%; height: 208px;\">\n<p><strong>Vlakov\u00e1 zast\u00e1vka<\/strong><\/p>\n<p>\u00c1NO, Vy\u0161n\u00e1 My\u0161\u013ea<\/p>\n<\/td>\n<td style=\"width: 20.7372%; height: 208px;\"><img decoding=\"async\" class=\"size-full wp-image-6005 aligncenter\" src=\"https:\/\/www.kosiceregion.com\/wp-content\/uploads\/2021\/05\/Icon_black__time.png\" alt=\"\" width=\"35\" height=\"35\" \/><\/td>\n<td style=\"width: 22.8241%; height: 208px;\">\n<p><strong> <br \/><\/strong><\/p>\n<p><strong>Celkov\u00e9 trvanie a d\u013a\u017eka trasy<\/strong><\/p>\n<p style=\"text-align: left;\">D\u013a\u017eka trasy: <strong>1,1 m<br \/><\/strong>Trvanie trasy: <strong>0:18 h<\/strong><\/p>\n<\/td>\n<\/tr>\n<\/tbody>\n<\/table>\n<p>\u00a0<\/p>\n\n\n\n<p style=\"text-align: justify;\">Do obce sa autom dostaneme cez Ni\u017en\u00fa Hutku alebo Bohdanovce. V\u00a0dedine s\u00fa dostato\u010dne vidite\u013en\u00e9 tabule, ktor\u00e9 ukazuj\u00fa cestu k\u00a0parkovaniu vyhraden\u00e9mu pre n\u00e1v\u0161tevn\u00edkov vyhliadky. Hne\u010f ako prejdeme popod \u017eelezni\u010dn\u00fd most, treba odbo\u010di\u0165 vpravo. D\u00f4jdeme a\u017e na koniec ulice a\u00a0dr\u017e\u00edme sa vpravo. Pred nami u\u017e m\u00f4\u017eeme vidie\u0165 parkovisko.<\/p>\n<p style=\"text-align: justify;\">Z\u00a0parkoviska sa p\u00e1r krokov vraciame sp\u00e4\u0165 k\u00a0dedine. Pred vami sa bude nach\u00e1dza\u0165 mno\u017estvo r\u00f4znorod\u00fdch v\u00fdstavn\u00fdch predmetov (bicykel, sane a\u00a0pod.). M\u00f4\u017eeme si tu v\u0161imn\u00fa\u0165 aj zna\u010dku, ukazuj\u00facu cestu k\u00a0vyhliadke.<\/p>\n\n\n\n<figure class=\"wp-block-image size-large\"><img decoding=\"async\" width=\"1024\" height=\"683\" src=\"https:\/\/www.kosiceregion.com\/wp-content\/uploads\/2021\/08\/3-4-1024x683.jpg\" alt=\"\" class=\"wp-image-7414\" srcset=\"https:\/\/www.kosiceregion.com\/wp-content\/uploads\/2021\/08\/3-4-1024x683.jpg 1024w, https:\/\/www.kosiceregion.com\/wp-content\/uploads\/2021\/08\/3-4-300x200.jpg 300w, https:\/\/www.kosiceregion.com\/wp-content\/uploads\/2021\/08\/3-4-768x512.jpg 768w, https:\/\/www.kosiceregion.com\/wp-content\/uploads\/2021\/08\/3-4-1536x1024.jpg 1536w, https:\/\/www.kosiceregion.com\/wp-content\/uploads\/2021\/08\/3-4-2048x1365.jpg 2048w\" sizes=\"(max-width: 1024px) 100vw, 1024px\" \/><\/figure>\n\n\n\n<figure class=\"wp-block-image size-large\"><img decoding=\"async\" width=\"1024\" height=\"683\" src=\"https:\/\/www.kosiceregion.com\/wp-content\/uploads\/2021\/08\/4-4-1024x683.jpg\" alt=\"\" class=\"wp-image-7415\" srcset=\"https:\/\/www.kosiceregion.com\/wp-content\/uploads\/2021\/08\/4-4-1024x683.jpg 1024w, https:\/\/www.kosiceregion.com\/wp-content\/uploads\/2021\/08\/4-4-300x200.jpg 300w, https:\/\/www.kosiceregion.com\/wp-content\/uploads\/2021\/08\/4-4-768x512.jpg 768w, https:\/\/www.kosiceregion.com\/wp-content\/uploads\/2021\/08\/4-4-1536x1024.jpg 1536w, https:\/\/www.kosiceregion.com\/wp-content\/uploads\/2021\/08\/4-4-2048x1365.jpg 2048w\" sizes=\"(max-width: 1024px) 100vw, 1024px\" \/><\/figure>\n\n\n\n<p style=\"text-align: justify;\">Bo\u010d\u00edme v\u013eavo. Kr\u00e1\u010dame po lesnej ceste. Onedlho prich\u00e1dzame k\u00a0r\u00e1zcestiu. Je tu zna\u010dka, ktor\u00e1 ukazuje smer, ktor\u00fdm treba pokra\u010dova\u0165. Ideme vpravo.<\/p>\n\n\n\n<figure class=\"wp-block-image size-large\"><img decoding=\"async\" width=\"1024\" height=\"683\" src=\"https:\/\/www.kosiceregion.com\/wp-content\/uploads\/2021\/08\/5-4-1024x683.jpg\" alt=\"\" class=\"wp-image-7417\" srcset=\"https:\/\/www.kosiceregion.com\/wp-content\/uploads\/2021\/08\/5-4-1024x683.jpg 1024w, https:\/\/www.kosiceregion.com\/wp-content\/uploads\/2021\/08\/5-4-300x200.jpg 300w, https:\/\/www.kosiceregion.com\/wp-content\/uploads\/2021\/08\/5-4-768x512.jpg 768w, https:\/\/www.kosiceregion.com\/wp-content\/uploads\/2021\/08\/5-4-1536x1024.jpg 1536w, https:\/\/www.kosiceregion.com\/wp-content\/uploads\/2021\/08\/5-4-2048x1365.jpg 2048w\" sizes=\"(max-width: 1024px) 100vw, 1024px\" \/><\/figure>\n\n\n\n<p>Cestou e\u0161te minieme dva r\u00e1zcestia bez zna\u010denia. Sta\u010d\u00ed \u00eds\u0165 cel\u00fd \u010das rovno po cyklistickom chodn\u00edku. Po zhruba 15-20 min\u00fatach ch\u00f4dze sa pred nami objavuje dreven\u00fd pr\u00edstre\u0161ok.<\/p>\n\n\n\n<figure class=\"wp-block-image size-large\"><img decoding=\"async\" width=\"1024\" height=\"683\" src=\"https:\/\/www.kosiceregion.com\/wp-content\/uploads\/2021\/08\/6-4-1024x683.jpg\" alt=\"\" class=\"wp-image-7418\" srcset=\"https:\/\/www.kosiceregion.com\/wp-content\/uploads\/2021\/08\/6-4-1024x683.jpg 1024w, https:\/\/www.kosiceregion.com\/wp-content\/uploads\/2021\/08\/6-4-300x200.jpg 300w, https:\/\/www.kosiceregion.com\/wp-content\/uploads\/2021\/08\/6-4-768x512.jpg 768w, https:\/\/www.kosiceregion.com\/wp-content\/uploads\/2021\/08\/6-4-1536x1024.jpg 1536w, https:\/\/www.kosiceregion.com\/wp-content\/uploads\/2021\/08\/6-4-2048x1365.jpg 2048w\" sizes=\"(max-width: 1024px) 100vw, 1024px\" \/><\/figure>\n\n\n\n<p style=\"text-align: justify;\">M\u00f4\u017eete si tu v\u0161imn\u00fa\u0165 aj informa\u010dn\u00fa tabu\u013eu, kde sa o\u00a0vyhliadke \u010do to do\u010d\u00edtate. Na konci kovovej vyhliadky sa nach\u00e1dza to\u010dit\u00e9 schodisko, ktor\u00e9 n\u00e1s zavedie dolu. Je tu zop\u00e1r kovov\u00fdch rebr\u00edkov. Kr\u00e1tkym okru\u017en\u00fdm chodn\u00edkom sa pomocou kovov\u00fdch rebr\u00edkov dostaneme a\u017e k\u00a0rieke Ol\u0161ava. \u010ealej n\u00e1s rebr\u00edky zaved\u00fa sp\u00e4\u0165 k\u00a0dreven\u00e9mu alt\u00e1nku a\u00a0k\u00a0za\u010diatku vyhliadky.<\/p>\n\n\n\n<figure class=\"wp-block-image size-large\"><img decoding=\"async\" width=\"1024\" height=\"683\" src=\"https:\/\/www.kosiceregion.com\/wp-content\/uploads\/2021\/08\/7-4-1024x683.jpg\" alt=\"\" class=\"wp-image-7419\" srcset=\"https:\/\/www.kosiceregion.com\/wp-content\/uploads\/2021\/08\/7-4-1024x683.jpg 1024w, https:\/\/www.kosiceregion.com\/wp-content\/uploads\/2021\/08\/7-4-300x200.jpg 300w, https:\/\/www.kosiceregion.com\/wp-content\/uploads\/2021\/08\/7-4-768x512.jpg 768w, https:\/\/www.kosiceregion.com\/wp-content\/uploads\/2021\/08\/7-4-1536x1024.jpg 1536w, https:\/\/www.kosiceregion.com\/wp-content\/uploads\/2021\/08\/7-4-2048x1365.jpg 2048w\" sizes=\"(max-width: 1024px) 100vw, 1024px\" \/><\/figure>\n\n\n\n<figure class=\"wp-block-image size-large\"><img decoding=\"async\" width=\"1024\" height=\"683\" src=\"https:\/\/www.kosiceregion.com\/wp-content\/uploads\/2021\/08\/8-4-1024x683.jpg\" alt=\"\" class=\"wp-image-7420\" srcset=\"https:\/\/www.kosiceregion.com\/wp-content\/uploads\/2021\/08\/8-4-1024x683.jpg 1024w, https:\/\/www.kosiceregion.com\/wp-content\/uploads\/2021\/08\/8-4-300x200.jpg 300w, https:\/\/www.kosiceregion.com\/wp-content\/uploads\/2021\/08\/8-4-768x512.jpg 768w, https:\/\/www.kosiceregion.com\/wp-content\/uploads\/2021\/08\/8-4-1536x1024.jpg 1536w, https:\/\/www.kosiceregion.com\/wp-content\/uploads\/2021\/08\/8-4-2048x1365.jpg 2048w\" sizes=\"(max-width: 1024px) 100vw, 1024px\" \/><\/figure>\n\n\n\n<iframe loading=\"lazy\" style=\"border:none\" src=\"https:\/\/sk.frame.mapy.cz\/s\/borucolato\" width=\"400\" height=\"280\" frameborder=\"0\"><\/iframe>\n\n\n\n<p>Viac in\u0161pir\u00e1ci\u00ed n\u00e1jdete na soci\u00e1lnej sieti Instagram a \u00fa\u010dte <a href=\"https:\/\/www.instagram.com\/zivot_dobrodruhov\/\" target=\"_blank\" rel=\"noopener\">@zivot_dobrodruhov<\/a>.&nbsp;<\/p>\n\n\n\n\n","protected":false},"excerpt":{"rendered":"<p>Pre t\u00fdch z\u00a0v\u00e1s, ktor\u00fd h\u013eadaj\u00fa jednoduch\u00fd a\u00a0nen\u00e1ro\u010dn\u00fd v\u00fdlet v\u00a0tesnej bl\u00edzkosti Ko\u0161\u00edc m\u00e1me ozaj skvel\u00fd tip! Po\u010duli ste u\u017e o\u00a0vyhliadke v\u00a0obci Vy\u0161n\u00e1 My\u0161\u013ea? Je to skvel\u00e9 miesto na oddych a kr\u00e1tky pobyt v\u00a0pr\u00edrode. A\u00a0samozrejme, je vhodn\u00e1 aj pre rodiny s\u00a0de\u0165mi \u010di ps\u00edkov. Pote\u0161ia v\u00e1s tu aj pekn\u00e9 v\u00fdh\u013eady. Inform\u00e1cie o trase a lokalite \u00a0 Vhodn\u00e9 pre [&hellip;]<\/p>\n","protected":false},"author":10,"featured_media":7421,"comment_status":"closed","ping_status":"closed","sticky":false,"template":"","format":"standard","meta":{"_acf_changed":false,"_sk_post_content":"<!-- wp:tadv\/classic-paragraph -->\n<p style=\"text-align: justify;\">Pre t\u00fdch z\u00a0v\u00e1s, ktor\u00fd h\u013eadaj\u00fa jednoduch\u00fd a\u00a0nen\u00e1ro\u010dn\u00fd v\u00fdlet v\u00a0tesnej bl\u00edzkosti Ko\u0161\u00edc m\u00e1me ozaj skvel\u00fd tip! Po\u010duli ste u\u017e o\u00a0vyhliadke v\u00a0obci Vy\u0161n\u00e1 My\u0161\u013ea? Je to skvel\u00e9 miesto na oddych a kr\u00e1tky pobyt v\u00a0pr\u00edrode. A\u00a0samozrejme, je vhodn\u00e1 aj pre rodiny s\u00a0de\u0165mi \u010di ps\u00edkov. Pote\u0161ia v\u00e1s tu aj pekn\u00e9 v\u00fdh\u013eady.<\/p>\n<!-- \/wp:tadv\/classic-paragraph -->\n\n<!-- wp:image {\"id\":7412,\"sizeSlug\":\"large\",\"linkDestination\":\"none\"} -->\n<figure class=\"wp-block-image size-large\"><img src=\"https:\/\/www.kosiceregion.com\/wp-content\/uploads\/2021\/08\/1-5-1024x683.jpg\" alt=\"\" class=\"wp-image-7412\"\/><\/figure>\n<!-- \/wp:image -->\n\n<!-- wp:heading {\"textAlign\":\"center\"} -->\n<h2 class=\"has-text-align-center\">Inform\u00e1cie o trase a lokalite<\/h2>\n<!-- \/wp:heading -->\n\n<!-- wp:tadv\/classic-paragraph -->\n<p>\u00a0<\/p>\n<table class=\" aligncenter\" style=\"height: 436px; width: 72.6199%; border-collapse: collapse;\">\n<tbody>\n<tr style=\"height: 216px;\">\n<td style=\"width: 20%; height: 210px;\"><img class=\"size-full wp-image-5997 aligncenter\" src=\"https:\/\/www.kosiceregion.com\/wp-content\/uploads\/2021\/05\/Icon_black__kids.png\" alt=\"\" width=\"35\" height=\"35\" \/><\/td>\n<td style=\"width: 20%; height: 210px;\">\n<p><strong>Vhodn\u00e9 pre deti<\/strong><\/p>\n<p>\u00c1NO<\/p>\n<\/td>\n<td style=\"width: 20.5727%; height: 210px;\"><img class=\"size-full wp-image-5998 aligncenter\" src=\"https:\/\/www.kosiceregion.com\/wp-content\/uploads\/2021\/05\/Icon_black__route.png\" alt=\"\" width=\"35\" height=\"35\" \/><\/td>\n<td style=\"width: 22.9886%; height: 210px;\">\n<p><strong>Zna\u010den\u00e1 trasa <\/strong><\/p>\n<p>\u00c1NO<\/p>\n<\/td>\n<\/tr>\n<tr style=\"height: 216px;\">\n<td style=\"width: 20%; height: 139px;\"><img class=\"size-full wp-image-5999 aligncenter\" src=\"https:\/\/www.kosiceregion.com\/wp-content\/uploads\/2021\/05\/Icon_black__food.png\" alt=\"\" width=\"35\" height=\"35\" \/><\/td>\n<td style=\"width: 20%; height: 139px;\">\n<p><strong>Stravovacie zariadenie<\/strong><\/p>\n<p>NIE<\/p>\n<\/td>\n<td style=\"width: 20.5727%; height: 139px;\"><img class=\"size-full wp-image-6000 aligncenter\" src=\"https:\/\/www.kosiceregion.com\/wp-content\/uploads\/2021\/05\/Icon_black__challenging.png\" alt=\"\" width=\"35\" height=\"35\" \/><\/td>\n<td style=\"width: 22.9886%; height: 139px;\">\n<p><strong>N\u00e1ro\u010dnos\u0165 trasy<\/strong><\/p>\n<p style=\"text-align: left;\">\u013dAHK\u00c1<\/p>\n<\/td>\n<\/tr>\n<\/tbody>\n<\/table>\n<p>\u00a0<\/p>\n<!-- \/wp:tadv\/classic-paragraph -->\n\n<!-- wp:tadv\/classic-paragraph -->\n<p style=\"text-align: justify;\">Vyhliadka vo Vy\u0161nej My\u0161li je novinkou. Jej sl\u00e1vnostn\u00e9 otvorenie sa uskuto\u010dnilo d\u0148a 4.7.2021. Jedn\u00e1 sa o\u00a0kovov\u00fa l\u00e1vku dlh\u00fa 13 metrov. Na jej konci je to\u010dit\u00e9 schodisko, ktor\u00e9 m\u00e1 v\u00fd\u0161ku 8 metrov a\u00a0celkovo je tu 34 schodov. Mal\u00fd turistick\u00fd okruh v\u00e1s kovov\u00fdmi rebr\u00edkmi zavedie a\u017e k\u00a0rieke Ol\u0161ava a\u00a0sp\u00e4\u0165. Z\u00a0vyhliadky sa n\u00e1m naskyt\u00e1 poh\u013ead ponad koruny stromov. Dovidie\u0165 odtia\u013e aj do ka\u0148onu rieky Ol\u0161ava. Jej celkov\u00e1 d\u013a\u017eka je 49.9km a\u00a0pramen\u00ed v\u00a0Slansk\u00fdch vrchoch. Z\u00a0vyhliadkovej plo\u0161iny vidno aj obec Ni\u017en\u00e1 My\u0161\u013ea. Hne\u010f oproti si m\u00f4\u017eeme v\u0161imn\u00fa\u0165 Skalku \u2013 oblas\u0165 zn\u00e1mu pre turistiku. My\u0161\u013eanska vyhliadka je umiestnen\u00e1 na zna\u010denom cyklistickom chodn\u00edku. Nach\u00e1dza sa v\u00a0katastri obce Vy\u0161n\u00e1 My\u0161\u013ea.<\/p>\n<!-- \/wp:tadv\/classic-paragraph -->\n\n<!-- wp:image {\"id\":7413,\"sizeSlug\":\"large\",\"linkDestination\":\"none\"} -->\n<figure class=\"wp-block-image size-large\"><img src=\"https:\/\/www.kosiceregion.com\/wp-content\/uploads\/2021\/08\/2-4-1024x683.jpg\" alt=\"\" class=\"wp-image-7413\"\/><figcaption>V\u00fdh\u013ead z vyhliadkovej plo\u0161iny<\/figcaption><\/figure>\n<!-- \/wp:image -->\n\n<!-- wp:heading {\"textAlign\":\"center\"} -->\n<h2 class=\"has-text-align-center\">Dopravn\u00e1 dostupnos\u0165<\/h2>\n<!-- \/wp:heading -->\n\n<!-- wp:tadv\/classic-paragraph -->\n<p>\u00a0<\/p>\n<table class=\" aligncenter\" style=\"height: 418px; width: 71.5443%; border-collapse: collapse;\">\n<tbody>\n<tr style=\"height: 216px;\">\n<td style=\"width: 20%; height: 210px;\"><img class=\"size-full wp-image-6002 aligncenter\" src=\"https:\/\/www.kosiceregion.com\/wp-content\/uploads\/2021\/05\/Icon_black__parking.png\" alt=\"\" width=\"35\" height=\"35\" \/><\/td>\n<td style=\"width: 20%; height: 210px;\">\n<p><strong>Parkovanie<\/strong><\/p>\n<p>\u00c1NO, Pri vyhliadke<\/p>\n<\/td>\n<td style=\"width: 20.7372%; height: 210px;\"><img class=\"size-full wp-image-6003 aligncenter\" src=\"https:\/\/www.kosiceregion.com\/wp-content\/uploads\/2021\/05\/Icon_black__bus.png\" alt=\"\" width=\"35\" height=\"35\" \/><\/td>\n<td style=\"width: 22.8241%; height: 210px;\">\n<p><strong>Autobusov\u00e1 zast\u00e1vka<\/strong><\/p>\n<p>\u00c1NO, Vy\u0161n\u00e1 My\u0161\u013ea<\/p>\n<\/td>\n<\/tr>\n<tr style=\"height: 216px;\">\n<td style=\"width: 20%; height: 208px;\"><img class=\"size-full wp-image-6004 aligncenter\" src=\"https:\/\/www.kosiceregion.com\/wp-content\/uploads\/2021\/05\/Icon_black__train.png\" alt=\"\" width=\"35\" height=\"35\" \/><\/td>\n<td style=\"width: 20%; height: 208px;\">\n<p><strong>Vlakov\u00e1 zast\u00e1vka<\/strong><\/p>\n<p>\u00c1NO, Vy\u0161n\u00e1 My\u0161\u013ea<\/p>\n<\/td>\n<td style=\"width: 20.7372%; height: 208px;\"><img class=\"size-full wp-image-6005 aligncenter\" src=\"https:\/\/www.kosiceregion.com\/wp-content\/uploads\/2021\/05\/Icon_black__time.png\" alt=\"\" width=\"35\" height=\"35\" \/><\/td>\n<td style=\"width: 22.8241%; height: 208px;\">\n<p><strong> <br \/><\/strong><\/p>\n<p><strong>Celkov\u00e9 trvanie a d\u013a\u017eka trasy<\/strong><\/p>\n<p style=\"text-align: left;\">D\u013a\u017eka trasy: <strong>1,1 m<br \/><\/strong>Trvanie trasy: <strong>0:18 h<\/strong><\/p>\n<\/td>\n<\/tr>\n<\/tbody>\n<\/table>\n<p>\u00a0<\/p>\n<!-- \/wp:tadv\/classic-paragraph -->\n\n<!-- wp:tadv\/classic-paragraph -->\n<p style=\"text-align: justify;\">Do obce sa autom dostaneme cez Ni\u017en\u00fa Hutku alebo Bohdanovce. V\u00a0dedine s\u00fa dostato\u010dne vidite\u013en\u00e9 tabule, ktor\u00e9 ukazuj\u00fa cestu k\u00a0parkovaniu vyhraden\u00e9mu pre n\u00e1v\u0161tevn\u00edkov vyhliadky. Hne\u010f ako prejdeme popod \u017eelezni\u010dn\u00fd most, treba odbo\u010di\u0165 vpravo. D\u00f4jdeme a\u017e na koniec ulice a\u00a0dr\u017e\u00edme sa vpravo. Pred nami u\u017e m\u00f4\u017eeme vidie\u0165 parkovisko.<\/p>\n<p style=\"text-align: justify;\">Z\u00a0parkoviska sa p\u00e1r krokov vraciame sp\u00e4\u0165 k\u00a0dedine. Pred vami sa bude nach\u00e1dza\u0165 mno\u017estvo r\u00f4znorod\u00fdch v\u00fdstavn\u00fdch predmetov (bicykel, sane a\u00a0pod.). M\u00f4\u017eeme si tu v\u0161imn\u00fa\u0165 aj zna\u010dku, ukazuj\u00facu cestu k\u00a0vyhliadke.<\/p>\n<!-- \/wp:tadv\/classic-paragraph -->\n\n<!-- wp:image {\"id\":7414,\"sizeSlug\":\"large\",\"linkDestination\":\"none\"} -->\n<figure class=\"wp-block-image size-large\"><img src=\"https:\/\/www.kosiceregion.com\/wp-content\/uploads\/2021\/08\/3-4-1024x683.jpg\" alt=\"\" class=\"wp-image-7414\"\/><\/figure>\n<!-- \/wp:image -->\n\n<!-- wp:image {\"id\":7415,\"sizeSlug\":\"large\",\"linkDestination\":\"none\"} -->\n<figure class=\"wp-block-image size-large\"><img src=\"https:\/\/www.kosiceregion.com\/wp-content\/uploads\/2021\/08\/4-4-1024x683.jpg\" alt=\"\" class=\"wp-image-7415\"\/><\/figure>\n<!-- \/wp:image -->\n\n<!-- wp:tadv\/classic-paragraph -->\n<p style=\"text-align: justify;\">Bo\u010d\u00edme v\u013eavo. Kr\u00e1\u010dame po lesnej ceste. Onedlho prich\u00e1dzame k\u00a0r\u00e1zcestiu. Je tu zna\u010dka, ktor\u00e1 ukazuje smer, ktor\u00fdm treba pokra\u010dova\u0165. Ideme vpravo.<\/p>\n<!-- \/wp:tadv\/classic-paragraph -->\n\n<!-- wp:image {\"id\":7417,\"sizeSlug\":\"large\",\"linkDestination\":\"none\"} -->\n<figure class=\"wp-block-image size-large\"><img src=\"https:\/\/www.kosiceregion.com\/wp-content\/uploads\/2021\/08\/5-4-1024x683.jpg\" alt=\"\" class=\"wp-image-7417\"\/><\/figure>\n<!-- \/wp:image -->\n\n<!-- wp:tadv\/classic-paragraph -->\n<p>Cestou e\u0161te minieme dva r\u00e1zcestia bez zna\u010denia. Sta\u010d\u00ed \u00eds\u0165 cel\u00fd \u010das rovno po cyklistickom chodn\u00edku. Po zhruba 15-20 min\u00fatach ch\u00f4dze sa pred nami objavuje dreven\u00fd pr\u00edstre\u0161ok.<\/p>\n<!-- \/wp:tadv\/classic-paragraph -->\n\n<!-- wp:image {\"id\":7418,\"sizeSlug\":\"large\",\"linkDestination\":\"none\"} -->\n<figure class=\"wp-block-image size-large\"><img src=\"https:\/\/www.kosiceregion.com\/wp-content\/uploads\/2021\/08\/6-4-1024x683.jpg\" alt=\"\" class=\"wp-image-7418\"\/><\/figure>\n<!-- \/wp:image -->\n\n<!-- wp:tadv\/classic-paragraph -->\n<p style=\"text-align: justify;\">M\u00f4\u017eete si tu v\u0161imn\u00fa\u0165 aj informa\u010dn\u00fa tabu\u013eu, kde sa o\u00a0vyhliadke \u010do to do\u010d\u00edtate. Na konci kovovej vyhliadky sa nach\u00e1dza to\u010dit\u00e9 schodisko, ktor\u00e9 n\u00e1s zavedie dolu. Je tu zop\u00e1r kovov\u00fdch rebr\u00edkov. Kr\u00e1tkym okru\u017en\u00fdm chodn\u00edkom sa pomocou kovov\u00fdch rebr\u00edkov dostaneme a\u017e k\u00a0rieke Ol\u0161ava. \u010ealej n\u00e1s rebr\u00edky zaved\u00fa sp\u00e4\u0165 k\u00a0dreven\u00e9mu alt\u00e1nku a\u00a0k\u00a0za\u010diatku vyhliadky.<\/p>\n<!-- \/wp:tadv\/classic-paragraph -->\n\n<!-- wp:image {\"id\":7419,\"sizeSlug\":\"large\",\"linkDestination\":\"none\"} -->\n<figure class=\"wp-block-image size-large\"><img src=\"https:\/\/www.kosiceregion.com\/wp-content\/uploads\/2021\/08\/7-4-1024x683.jpg\" alt=\"\" class=\"wp-image-7419\"\/><\/figure>\n<!-- \/wp:image -->\n\n<!-- wp:image {\"id\":7420,\"sizeSlug\":\"large\",\"linkDestination\":\"none\"} -->\n<figure class=\"wp-block-image size-large\"><img src=\"https:\/\/www.kosiceregion.com\/wp-content\/uploads\/2021\/08\/8-4-1024x683.jpg\" alt=\"\" class=\"wp-image-7420\"\/><\/figure>\n<!-- \/wp:image -->\n\n<!-- wp:html -->\n<iframe style=\"border:none\" src=\"https:\/\/sk.frame.mapy.cz\/s\/borucolato\" width=\"400\" height=\"280\" frameborder=\"0\"><\/iframe>\n<!-- \/wp:html -->\n\n<!-- wp:tadv\/classic-paragraph -->\n<p>Viac in\u0161pir\u00e1ci\u00ed n\u00e1jdete na soci\u00e1lnej sieti Instagram a \u00fa\u010dte <a href=\"https:\/\/www.instagram.com\/zivot_dobrodruhov\/\" target=\"_blank\" rel=\"noopener\">@zivot_dobrodruhov<\/a>.&nbsp;<\/p>\n<!-- \/wp:tadv\/classic-paragraph -->\n\n<!-- wp:tadv\/classic-paragraph \/-->\n\n<!-- wp:tadv\/classic-paragraph \/-->","_sk_post_name":"zivot-dobrodruhov-vyhliadka-vysna-mysla","_sk_post_excerpt":"","_sk_post_title":"\u017divot dobrodruhov: Vyhliadka Vy\u0161n\u00e1 My\u0161\u013ea","_en_post_content":"","_en_post_name":"","_en_post_excerpt":"","_en_post_title":"","_hu_post_content":"","_hu_post_name":"","_hu_post_excerpt":"","_hu_post_title":"","_es_post_content":"","_es_post_name":"","_es_post_excerpt":"","_es_post_title":"","_de_post_content":"","_de_post_name":"","_de_post_excerpt":"","_de_post_title":"","_pl_post_content":"","_pl_post_name":"","_pl_post_excerpt":"","_pl_post_title":"","_it_post_content":"","_it_post_name":"","_it_post_excerpt":"","_it_post_title":"","edit_language":"sk","footnotes":""},"categories":[22],"tags":[448,449,446],"class_list":["post-7411","post","type-post","status-publish","format-standard","has-post-thumbnail","hentry","category-get-inspired","tag-vyhliadka","tag-vyhliadkova-veza","tag-vysna-mysla"],"acf":[],"yoast_head":"<!-- This site is optimized with the Yoast SEO Premium plugin v25.5 (Yoast SEO v27.4) - https:\/\/yoast.com\/product\/yoast-seo-premium-wordpress\/ -->\n<title>Ko\u0161ice Regi\u00f3n<\/title>\n<meta name=\"description\" content=\"Pre t\u00fdch z\u00a0v\u00e1s, ktor\u00fd h\u013eadaj\u00fa jednoduch\u00fd a\u00a0nen\u00e1ro\u010dn\u00fd v\u00fdlet v\u00a0tesnej bl\u00edzkosti Ko\u0161\u00edc m\u00e1me ozaj skvel\u00fd tip! Po\u010duli ste u\u017e o\u00a0vyhliadke v\u00a0obci Vy\u0161n\u00e1 My\u0161\u013ea? Je to skvel\u00e9 miesto na oddych a kr\u00e1tky pobyt v\u00a0pr\u00edrode.\u2026\" \/>\n<meta name=\"robots\" content=\"index, follow, max-snippet:-1, max-image-preview:large, max-video-preview:-1\" \/>\n<link rel=\"canonical\" href=\"https:\/\/www.kosiceregion.com\/hu\/zivot-dobrodruhov-vyhliadka-vysna-mysla\/\" \/>\n<meta property=\"og:locale\" content=\"sk_SK\" \/>\n<meta property=\"og:type\" content=\"article\" \/>\n<meta property=\"og:title\" content=\"\u017divot dobrodruhov: Vyhliadka Vy\u0161n\u00e1 My\u0161\u013ea\" \/>\n<meta property=\"og:description\" content=\"Pre t\u00fdch z\u00a0v\u00e1s, ktor\u00fd h\u013eadaj\u00fa jednoduch\u00fd a\u00a0nen\u00e1ro\u010dn\u00fd v\u00fdlet v\u00a0tesnej bl\u00edzkosti Ko\u0161\u00edc m\u00e1me ozaj skvel\u00fd tip! Po\u010duli ste u\u017e o\u00a0vyhliadke v\u00a0obci Vy\u0161n\u00e1 My\u0161\u013ea? Je\" \/>\n<meta property=\"og:url\" content=\"https:\/\/www.kosiceregion.com\/sk\/wp-json\/wp\/v2\/posts\/7411\" \/>\n<meta property=\"og:site_name\" content=\"Ko\u0161ice Regi\u00f3n\" \/>\n<meta property=\"article:publisher\" content=\"https:\/\/www.facebook.com\/kosiceregion\" \/>\n<meta property=\"article:published_time\" content=\"2021-08-30T11:17:47+00:00\" \/>\n<meta property=\"article:modified_time\" content=\"2021-08-30T11:17:48+00:00\" \/>\n<meta property=\"og:image\" content=\"https:\/\/www.kosiceregion.com\/wp-content\/uploads\/2021\/08\/titulka-3-scaled.jpg\" \/>\n\t<meta property=\"og:image:width\" content=\"2560\" \/>\n\t<meta property=\"og:image:height\" content=\"1707\" \/>\n\t<meta property=\"og:image:type\" content=\"image\/jpeg\" \/>\n<meta name=\"author\" content=\"Attila T\u00f6r\u00f6k\" \/>\n<meta name=\"twitter:card\" content=\"summary_large_image\" \/>\n<meta name=\"twitter:creator\" content=\"@KOSICEREGION\" \/>\n<meta name=\"twitter:site\" content=\"@KOSICEREGION\" \/>\n<meta name=\"twitter:label1\" content=\"Autor\" \/>\n\t<meta name=\"twitter:data1\" content=\"Attila T\u00f6r\u00f6k\" \/>\n\t<meta name=\"twitter:label2\" content=\"Predpokladan\u00fd \u010das \u010d\u00edtania\" \/>\n\t<meta name=\"twitter:data2\" content=\"5 min\u00fat\" \/>\n<script type=\"application\/ld+json\" class=\"yoast-schema-graph\">{\"@context\":\"https:\\\/\\\/schema.org\",\"@graph\":[{\"@type\":\"Article\",\"@id\":\"https:\\\/\\\/www.kosiceregion.com\\\/hu\\\/zivot-dobrodruhov-vyhliadka-vysna-mysla\\\/#article\",\"isPartOf\":{\"@id\":\"https:\\\/\\\/www.kosiceregion.com\\\/hu\\\/zivot-dobrodruhov-vyhliadka-vysna-mysla\\\/\"},\"author\":{\"name\":\"Attila T\u00f6r\u00f6k\",\"@id\":\"https:\\\/\\\/www.kosiceregion.com\\\/#\\\/schema\\\/person\\\/c165be3d928462a4f7283533e3fa9f87\"},\"headline\":\"\u017divot dobrodruhov: Vyhliadka Vy\u0161n\u00e1 My\u0161\u013ea\",\"datePublished\":\"2021-08-30T11:17:47+00:00\",\"dateModified\":\"2021-08-30T11:17:48+00:00\",\"mainEntityOfPage\":{\"@id\":\"https:\\\/\\\/www.kosiceregion.com\\\/hu\\\/zivot-dobrodruhov-vyhliadka-vysna-mysla\\\/\"},\"wordCount\":543,\"publisher\":{\"@id\":\"https:\\\/\\\/www.kosiceregion.com\\\/#organization\"},\"image\":{\"@id\":\"https:\\\/\\\/www.kosiceregion.com\\\/hu\\\/zivot-dobrodruhov-vyhliadka-vysna-mysla\\\/#primaryimage\"},\"thumbnailUrl\":\"https:\\\/\\\/www.kosiceregion.com\\\/wp-content\\\/uploads\\\/2021\\\/08\\\/titulka-3-scaled.jpg\",\"keywords\":[\"vyhliadka\",\"vyhliadkov\u00e1 ve\u017ea\",\"vy\u0161n\u00e1 my\u0161\u013ea\"],\"articleSection\":[\"In\u0161piruj sa\"],\"inLanguage\":\"sk-SK\"},{\"@type\":\"WebPage\",\"@id\":\"https:\\\/\\\/www.kosiceregion.com\\\/hu\\\/zivot-dobrodruhov-vyhliadka-vysna-mysla\\\/\",\"url\":\"https:\\\/\\\/www.kosiceregion.com\\\/hu\\\/zivot-dobrodruhov-vyhliadka-vysna-mysla\\\/\",\"name\":\"\u017divot dobrodruhov: Vyhliadka Vy\u0161n\u00e1 My\u0161\u013ea - Ko\u0161ice Regi\u00f3n\",\"isPartOf\":{\"@id\":\"https:\\\/\\\/www.kosiceregion.com\\\/#website\"},\"primaryImageOfPage\":{\"@id\":\"https:\\\/\\\/www.kosiceregion.com\\\/hu\\\/zivot-dobrodruhov-vyhliadka-vysna-mysla\\\/#primaryimage\"},\"image\":{\"@id\":\"https:\\\/\\\/www.kosiceregion.com\\\/hu\\\/zivot-dobrodruhov-vyhliadka-vysna-mysla\\\/#primaryimage\"},\"thumbnailUrl\":\"https:\\\/\\\/www.kosiceregion.com\\\/wp-content\\\/uploads\\\/2021\\\/08\\\/titulka-3-scaled.jpg\",\"datePublished\":\"2021-08-30T11:17:47+00:00\",\"dateModified\":\"2021-08-30T11:17:48+00:00\",\"description\":\"Pre t\u00fdch z\u00a0v\u00e1s, ktor\u00fd h\u013eadaj\u00fa jednoduch\u00fd a\u00a0nen\u00e1ro\u010dn\u00fd v\u00fdlet v\u00a0tesnej bl\u00edzkosti Ko\u0161\u00edc m\u00e1me ozaj skvel\u00fd tip! Po\u010duli ste u\u017e o\u00a0vyhliadke v\u00a0obci Vy\u0161n\u00e1 My\u0161\u013ea? Je\",\"breadcrumb\":{\"@id\":\"https:\\\/\\\/www.kosiceregion.com\\\/hu\\\/zivot-dobrodruhov-vyhliadka-vysna-mysla\\\/#breadcrumb\"},\"inLanguage\":\"sk-SK\",\"potentialAction\":[{\"@type\":\"ReadAction\",\"target\":[\"https:\\\/\\\/www.kosiceregion.com\\\/hu\\\/zivot-dobrodruhov-vyhliadka-vysna-mysla\\\/\"]}]},{\"@type\":\"ImageObject\",\"inLanguage\":\"sk-SK\",\"@id\":\"https:\\\/\\\/www.kosiceregion.com\\\/hu\\\/zivot-dobrodruhov-vyhliadka-vysna-mysla\\\/#primaryimage\",\"url\":\"https:\\\/\\\/www.kosiceregion.com\\\/wp-content\\\/uploads\\\/2021\\\/08\\\/titulka-3-scaled.jpg\",\"contentUrl\":\"https:\\\/\\\/www.kosiceregion.com\\\/wp-content\\\/uploads\\\/2021\\\/08\\\/titulka-3-scaled.jpg\",\"width\":2560,\"height\":1707},{\"@type\":\"BreadcrumbList\",\"@id\":\"https:\\\/\\\/www.kosiceregion.com\\\/hu\\\/zivot-dobrodruhov-vyhliadka-vysna-mysla\\\/#breadcrumb\",\"itemListElement\":[{\"@type\":\"ListItem\",\"position\":1,\"name\":\"Home\",\"item\":\"https:\\\/\\\/www.kosiceregion.com\\\/sk\\\/\"},{\"@type\":\"ListItem\",\"position\":2,\"name\":\"\u017divot dobrodruhov: Vyhliadka Vy\u0161n\u00e1 My\u0161\u013ea\"}]},{\"@type\":\"WebSite\",\"@id\":\"https:\\\/\\\/www.kosiceregion.com\\\/#website\",\"url\":\"https:\\\/\\\/www.kosiceregion.com\\\/\",\"name\":\"Ko\u0161ice Regi\u00f3n\",\"description\":\"Turistick\u00fd sprievodca Ko\u0161ick\u00fdm krajom\",\"publisher\":{\"@id\":\"https:\\\/\\\/www.kosiceregion.com\\\/#organization\"},\"potentialAction\":[{\"@type\":\"SearchAction\",\"target\":{\"@type\":\"EntryPoint\",\"urlTemplate\":\"https:\\\/\\\/www.kosiceregion.com\\\/?s={search_term_string}\"},\"query-input\":{\"@type\":\"PropertyValueSpecification\",\"valueRequired\":true,\"valueName\":\"search_term_string\"}}],\"inLanguage\":\"sk-SK\"},{\"@type\":\"Organization\",\"@id\":\"https:\\\/\\\/www.kosiceregion.com\\\/#organization\",\"name\":\"Ko\u0161ice Regi\u00f3n Turizmus\",\"url\":\"https:\\\/\\\/www.kosiceregion.com\\\/\",\"logo\":{\"@type\":\"ImageObject\",\"inLanguage\":\"sk-SK\",\"@id\":\"https:\\\/\\\/www.kosiceregion.com\\\/#\\\/schema\\\/logo\\\/image\\\/\",\"url\":\"https:\\\/\\\/www.kosiceregion.com\\\/wp-content\\\/uploads\\\/2019\\\/03\\\/logo-web-sk.png\",\"contentUrl\":\"https:\\\/\\\/www.kosiceregion.com\\\/wp-content\\\/uploads\\\/2019\\\/03\\\/logo-web-sk.png\",\"width\":225,\"height\":100,\"caption\":\"Ko\u0161ice Regi\u00f3n Turizmus\"},\"image\":{\"@id\":\"https:\\\/\\\/www.kosiceregion.com\\\/#\\\/schema\\\/logo\\\/image\\\/\"},\"sameAs\":[\"https:\\\/\\\/www.facebook.com\\\/kosiceregion\",\"https:\\\/\\\/x.com\\\/KOSICEREGION\",\"https:\\\/\\\/www.instagram.com\\\/kosiceregion\",\"https:\\\/\\\/www.youtube.com\\\/kosiceregion\"]},{\"@type\":\"Person\",\"@id\":\"https:\\\/\\\/www.kosiceregion.com\\\/#\\\/schema\\\/person\\\/c165be3d928462a4f7283533e3fa9f87\",\"name\":\"Attila T\u00f6r\u00f6k\",\"image\":{\"@type\":\"ImageObject\",\"inLanguage\":\"sk-SK\",\"@id\":\"https:\\\/\\\/secure.gravatar.com\\\/avatar\\\/7536520a24f54162948fc01f9d450948fd7df6ba020d0e39b69d3dcb7e39ee10?s=96&d=mm&r=g\",\"url\":\"https:\\\/\\\/secure.gravatar.com\\\/avatar\\\/7536520a24f54162948fc01f9d450948fd7df6ba020d0e39b69d3dcb7e39ee10?s=96&d=mm&r=g\",\"contentUrl\":\"https:\\\/\\\/secure.gravatar.com\\\/avatar\\\/7536520a24f54162948fc01f9d450948fd7df6ba020d0e39b69d3dcb7e39ee10?s=96&d=mm&r=g\",\"caption\":\"Attila T\u00f6r\u00f6k\"}}]}<\/script>\n<!-- \/ Yoast SEO Premium plugin. -->","yoast_head_json":{"title":"Ko\u0161ice Regi\u00f3n","description":"Pre t\u00fdch z\u00a0v\u00e1s, ktor\u00fd h\u013eadaj\u00fa jednoduch\u00fd a\u00a0nen\u00e1ro\u010dn\u00fd v\u00fdlet v\u00a0tesnej bl\u00edzkosti Ko\u0161\u00edc m\u00e1me ozaj skvel\u00fd tip! Po\u010duli ste u\u017e o\u00a0vyhliadke v\u00a0obci Vy\u0161n\u00e1 My\u0161\u013ea? Je to skvel\u00e9 miesto na oddych a kr\u00e1tky pobyt v\u00a0pr\u00edrode.\u2026","robots":{"index":"index","follow":"follow","max-snippet":"max-snippet:-1","max-image-preview":"max-image-preview:large","max-video-preview":"max-video-preview:-1"},"canonical":"https:\/\/www.kosiceregion.com\/hu\/zivot-dobrodruhov-vyhliadka-vysna-mysla\/","og_locale":"sk_SK","og_type":"article","og_title":"\u017divot dobrodruhov: Vyhliadka Vy\u0161n\u00e1 My\u0161\u013ea","og_description":"Pre t\u00fdch z\u00a0v\u00e1s, ktor\u00fd h\u013eadaj\u00fa jednoduch\u00fd a\u00a0nen\u00e1ro\u010dn\u00fd v\u00fdlet v\u00a0tesnej bl\u00edzkosti Ko\u0161\u00edc m\u00e1me ozaj skvel\u00fd tip! Po\u010duli ste u\u017e o\u00a0vyhliadke v\u00a0obci Vy\u0161n\u00e1 My\u0161\u013ea? Je","og_url":"https:\/\/www.kosiceregion.com\/sk\/wp-json\/wp\/v2\/posts\/7411","og_site_name":"Ko\u0161ice Regi\u00f3n","article_publisher":"https:\/\/www.facebook.com\/kosiceregion","article_published_time":"2021-08-30T11:17:47+00:00","article_modified_time":"2021-08-30T11:17:48+00:00","og_image":[{"width":2560,"height":1707,"url":"https:\/\/www.kosiceregion.com\/wp-content\/uploads\/2021\/08\/titulka-3-scaled.jpg","type":"image\/jpeg"}],"author":"Attila T\u00f6r\u00f6k","twitter_card":"summary_large_image","twitter_creator":"@KOSICEREGION","twitter_site":"@KOSICEREGION","twitter_misc":{"Autor":"Attila T\u00f6r\u00f6k","Predpokladan\u00fd \u010das \u010d\u00edtania":"5 min\u00fat"},"schema":{"@context":"https:\/\/schema.org","@graph":[{"@type":"Article","@id":"https:\/\/www.kosiceregion.com\/hu\/zivot-dobrodruhov-vyhliadka-vysna-mysla\/#article","isPartOf":{"@id":"https:\/\/www.kosiceregion.com\/hu\/zivot-dobrodruhov-vyhliadka-vysna-mysla\/"},"author":{"name":"Attila T\u00f6r\u00f6k","@id":"https:\/\/www.kosiceregion.com\/#\/schema\/person\/c165be3d928462a4f7283533e3fa9f87"},"headline":"\u017divot dobrodruhov: Vyhliadka Vy\u0161n\u00e1 My\u0161\u013ea","datePublished":"2021-08-30T11:17:47+00:00","dateModified":"2021-08-30T11:17:48+00:00","mainEntityOfPage":{"@id":"https:\/\/www.kosiceregion.com\/hu\/zivot-dobrodruhov-vyhliadka-vysna-mysla\/"},"wordCount":543,"publisher":{"@id":"https:\/\/www.kosiceregion.com\/#organization"},"image":{"@id":"https:\/\/www.kosiceregion.com\/hu\/zivot-dobrodruhov-vyhliadka-vysna-mysla\/#primaryimage"},"thumbnailUrl":"https:\/\/www.kosiceregion.com\/wp-content\/uploads\/2021\/08\/titulka-3-scaled.jpg","keywords":["vyhliadka","vyhliadkov\u00e1 ve\u017ea","vy\u0161n\u00e1 my\u0161\u013ea"],"articleSection":["In\u0161piruj sa"],"inLanguage":"sk-SK"},{"@type":"WebPage","@id":"https:\/\/www.kosiceregion.com\/hu\/zivot-dobrodruhov-vyhliadka-vysna-mysla\/","url":"https:\/\/www.kosiceregion.com\/hu\/zivot-dobrodruhov-vyhliadka-vysna-mysla\/","name":"\u017divot dobrodruhov: Vyhliadka Vy\u0161n\u00e1 My\u0161\u013ea - Ko\u0161ice Regi\u00f3n","isPartOf":{"@id":"https:\/\/www.kosiceregion.com\/#website"},"primaryImageOfPage":{"@id":"https:\/\/www.kosiceregion.com\/hu\/zivot-dobrodruhov-vyhliadka-vysna-mysla\/#primaryimage"},"image":{"@id":"https:\/\/www.kosiceregion.com\/hu\/zivot-dobrodruhov-vyhliadka-vysna-mysla\/#primaryimage"},"thumbnailUrl":"https:\/\/www.kosiceregion.com\/wp-content\/uploads\/2021\/08\/titulka-3-scaled.jpg","datePublished":"2021-08-30T11:17:47+00:00","dateModified":"2021-08-30T11:17:48+00:00","description":"Pre t\u00fdch z\u00a0v\u00e1s, ktor\u00fd h\u013eadaj\u00fa jednoduch\u00fd a\u00a0nen\u00e1ro\u010dn\u00fd v\u00fdlet v\u00a0tesnej bl\u00edzkosti Ko\u0161\u00edc m\u00e1me ozaj skvel\u00fd tip! Po\u010duli ste u\u017e o\u00a0vyhliadke v\u00a0obci Vy\u0161n\u00e1 My\u0161\u013ea? Je","breadcrumb":{"@id":"https:\/\/www.kosiceregion.com\/hu\/zivot-dobrodruhov-vyhliadka-vysna-mysla\/#breadcrumb"},"inLanguage":"sk-SK","potentialAction":[{"@type":"ReadAction","target":["https:\/\/www.kosiceregion.com\/hu\/zivot-dobrodruhov-vyhliadka-vysna-mysla\/"]}]},{"@type":"ImageObject","inLanguage":"sk-SK","@id":"https:\/\/www.kosiceregion.com\/hu\/zivot-dobrodruhov-vyhliadka-vysna-mysla\/#primaryimage","url":"https:\/\/www.kosiceregion.com\/wp-content\/uploads\/2021\/08\/titulka-3-scaled.jpg","contentUrl":"https:\/\/www.kosiceregion.com\/wp-content\/uploads\/2021\/08\/titulka-3-scaled.jpg","width":2560,"height":1707},{"@type":"BreadcrumbList","@id":"https:\/\/www.kosiceregion.com\/hu\/zivot-dobrodruhov-vyhliadka-vysna-mysla\/#breadcrumb","itemListElement":[{"@type":"ListItem","position":1,"name":"Home","item":"https:\/\/www.kosiceregion.com\/sk\/"},{"@type":"ListItem","position":2,"name":"\u017divot dobrodruhov: Vyhliadka Vy\u0161n\u00e1 My\u0161\u013ea"}]},{"@type":"WebSite","@id":"https:\/\/www.kosiceregion.com\/#website","url":"https:\/\/www.kosiceregion.com\/","name":"Ko\u0161ice Regi\u00f3n","description":"Turistick\u00fd sprievodca Ko\u0161ick\u00fdm krajom","publisher":{"@id":"https:\/\/www.kosiceregion.com\/#organization"},"potentialAction":[{"@type":"SearchAction","target":{"@type":"EntryPoint","urlTemplate":"https:\/\/www.kosiceregion.com\/?s={search_term_string}"},"query-input":{"@type":"PropertyValueSpecification","valueRequired":true,"valueName":"search_term_string"}}],"inLanguage":"sk-SK"},{"@type":"Organization","@id":"https:\/\/www.kosiceregion.com\/#organization","name":"Ko\u0161ice Regi\u00f3n Turizmus","url":"https:\/\/www.kosiceregion.com\/","logo":{"@type":"ImageObject","inLanguage":"sk-SK","@id":"https:\/\/www.kosiceregion.com\/#\/schema\/logo\/image\/","url":"https:\/\/www.kosiceregion.com\/wp-content\/uploads\/2019\/03\/logo-web-sk.png","contentUrl":"https:\/\/www.kosiceregion.com\/wp-content\/uploads\/2019\/03\/logo-web-sk.png","width":225,"height":100,"caption":"Ko\u0161ice Regi\u00f3n Turizmus"},"image":{"@id":"https:\/\/www.kosiceregion.com\/#\/schema\/logo\/image\/"},"sameAs":["https:\/\/www.facebook.com\/kosiceregion","https:\/\/x.com\/KOSICEREGION","https:\/\/www.instagram.com\/kosiceregion","https:\/\/www.youtube.com\/kosiceregion"]},{"@type":"Person","@id":"https:\/\/www.kosiceregion.com\/#\/schema\/person\/c165be3d928462a4f7283533e3fa9f87","name":"Attila T\u00f6r\u00f6k","image":{"@type":"ImageObject","inLanguage":"sk-SK","@id":"https:\/\/secure.gravatar.com\/avatar\/7536520a24f54162948fc01f9d450948fd7df6ba020d0e39b69d3dcb7e39ee10?s=96&d=mm&r=g","url":"https:\/\/secure.gravatar.com\/avatar\/7536520a24f54162948fc01f9d450948fd7df6ba020d0e39b69d3dcb7e39ee10?s=96&d=mm&r=g","contentUrl":"https:\/\/secure.gravatar.com\/avatar\/7536520a24f54162948fc01f9d450948fd7df6ba020d0e39b69d3dcb7e39ee10?s=96&d=mm&r=g","caption":"Attila T\u00f6r\u00f6k"}}]}},"_links":{"self":[{"href":"https:\/\/www.kosiceregion.com\/sk\/wp-json\/wp\/v2\/posts\/7411","targetHints":{"allow":["GET"]}}],"collection":[{"href":"https:\/\/www.kosiceregion.com\/sk\/wp-json\/wp\/v2\/posts"}],"about":[{"href":"https:\/\/www.kosiceregion.com\/sk\/wp-json\/wp\/v2\/types\/post"}],"author":[{"embeddable":true,"href":"https:\/\/www.kosiceregion.com\/sk\/wp-json\/wp\/v2\/users\/10"}],"replies":[{"embeddable":true,"href":"https:\/\/www.kosiceregion.com\/sk\/wp-json\/wp\/v2\/comments?post=7411"}],"version-history":[{"count":3,"href":"https:\/\/www.kosiceregion.com\/sk\/wp-json\/wp\/v2\/posts\/7411\/revisions"}],"predecessor-version":[{"id":7423,"href":"https:\/\/www.kosiceregion.com\/sk\/wp-json\/wp\/v2\/posts\/7411\/revisions\/7423"}],"wp:featuredmedia":[{"embeddable":true,"href":"https:\/\/www.kosiceregion.com\/sk\/wp-json\/wp\/v2\/media\/7421"}],"wp:attachment":[{"href":"https:\/\/www.kosiceregion.com\/sk\/wp-json\/wp\/v2\/media?parent=7411"}],"wp:term":[{"taxonomy":"category","embeddable":true,"href":"https:\/\/www.kosiceregion.com\/sk\/wp-json\/wp\/v2\/categories?post=7411"},{"taxonomy":"post_tag","embeddable":true,"href":"https:\/\/www.kosiceregion.com\/sk\/wp-json\/wp\/v2\/tags?post=7411"}],"curies":[{"name":"wp","href":"https:\/\/api.w.org\/{rel}","templated":true}]}}