{"id":7540,"date":"2021-10-01T09:23:31","date_gmt":"2021-10-01T07:23:31","guid":{"rendered":"https:\/\/www.kosiceregion.com\/sk\/?p=7540"},"modified":"2021-10-01T09:23:32","modified_gmt":"2021-10-01T07:23:32","slug":"zivot-dobrodruhov-sobranecke-kupele-urbex","status":"publish","type":"post","link":"https:\/\/www.kosiceregion.com\/sk\/zivot-dobrodruhov-sobranecke-kupele-urbex\/","title":{"rendered":"\u017divot dobrodruhov: Sobraneck\u00e9 k\u00fapele (urbex)"},"content":{"rendered":"\n<p style=\"text-align: justify;\">H\u013ead\u00e1te nezvy\u010dajn\u00fd tip na v\u00fdlet? \u010co tak Sobraneck\u00e9 k\u00fapele? Ich hist\u00f3ria siaha stovky rokov dozadu. Presl\u00e1ven\u00e9 boli v celom Uhorsku. A predstavte si, voda tu dokonca obsahuje a\u017e 10-kr\u00e1t viac s\u00edrovod\u00edka ako v Pie\u0161\u0165anoch. \u017dia\u013e, vtedaj\u0161iu sl\u00e1vu k\u00fape\u013eom do dne\u0161n\u00e9ho d\u0148a nikto nevr\u00e1til.<\/p>\n\n\n\n<figure class=\"wp-block-image size-large\"><img decoding=\"async\" width=\"1024\" height=\"683\" src=\"https:\/\/www.kosiceregion.com\/wp-content\/uploads\/2021\/10\/1-1024x683.jpg\" alt=\"\" class=\"wp-image-7541\" srcset=\"https:\/\/www.kosiceregion.com\/wp-content\/uploads\/2021\/10\/1-1024x683.jpg 1024w, https:\/\/www.kosiceregion.com\/wp-content\/uploads\/2021\/10\/1-300x200.jpg 300w, https:\/\/www.kosiceregion.com\/wp-content\/uploads\/2021\/10\/1-768x512.jpg 768w, https:\/\/www.kosiceregion.com\/wp-content\/uploads\/2021\/10\/1-1536x1024.jpg 1536w, https:\/\/www.kosiceregion.com\/wp-content\/uploads\/2021\/10\/1-2048x1366.jpg 2048w\" sizes=\"(max-width: 1024px) 100vw, 1024px\" \/><figcaption>Villa Varandy<\/figcaption><\/figure>\n\n\n\n<h2 class=\"has-text-align-center wp-block-heading\">Inform\u00e1cie o trase a lokalite<\/h2>\n\n\n\n<p>\u00a0<\/p>\n<table class=\" aligncenter\" style=\"height: 436px; width: 72.6199%; border-collapse: collapse;\">\n<tbody>\n<tr style=\"height: 216px;\">\n<td style=\"width: 20%; height: 210px;\"><img decoding=\"async\" class=\"size-full wp-image-5997 aligncenter\" src=\"https:\/\/www.kosiceregion.com\/wp-content\/uploads\/2021\/05\/Icon_black__kids.png\" alt=\"\" width=\"35\" height=\"35\" \/><\/td>\n<td style=\"width: 20%; height: 210px;\">\n<p><strong>Vhodn\u00e9 pre deti<\/strong><\/p>\n<p>\u00c1NO<\/p>\n<\/td>\n<td style=\"width: 20.5727%; height: 210px;\"><img decoding=\"async\" class=\"size-full wp-image-5998 aligncenter\" src=\"https:\/\/www.kosiceregion.com\/wp-content\/uploads\/2021\/05\/Icon_black__route.png\" alt=\"\" width=\"35\" height=\"35\" \/><\/td>\n<td style=\"width: 22.9886%; height: 210px;\">\n<p><strong>Zna\u010den\u00e1 trasa <\/strong><\/p>\n<p>NIE<\/p>\n<\/td>\n<\/tr>\n<tr style=\"height: 216px;\">\n<td style=\"width: 20%; height: 139px;\"><img decoding=\"async\" class=\"size-full wp-image-5999 aligncenter\" src=\"https:\/\/www.kosiceregion.com\/wp-content\/uploads\/2021\/05\/Icon_black__food.png\" alt=\"\" width=\"35\" height=\"35\" \/><\/td>\n<td style=\"width: 20%; height: 139px;\">\n<p><strong>Stravovacie zariadenie<\/strong><\/p>\n<p>NIE<\/p>\n<\/td>\n<td style=\"width: 20.5727%; height: 139px;\"><img decoding=\"async\" class=\"size-full wp-image-6000 aligncenter\" src=\"https:\/\/www.kosiceregion.com\/wp-content\/uploads\/2021\/05\/Icon_black__challenging.png\" alt=\"\" width=\"35\" height=\"35\" \/><\/td>\n<td style=\"width: 22.9886%; height: 139px;\">\n<p><strong>N\u00e1ro\u010dnos\u0165 trasy<\/strong><\/p>\n<p style=\"text-align: left;\">\u013dAHK\u00c1<\/p>\n<\/td>\n<\/tr>\n<\/tbody>\n<\/table>\n<p>\u00a0<\/p>\n\n\n\n<p style=\"text-align: justify;\">Sobraneck\u00e9 k\u00fapele sa vyu\u017e\u00edvali na lie\u010denie stovky rokov. Prv\u00e1 zmienka poch\u00e1dza u\u017e z roku 1336. Vtedy ich pou\u017e\u00edvali mn\u00edsi najm\u00e4 na lie\u010denie chudobn\u00fdch. Po miestnej vode sa dopytovali \u013eudia z ju\u017en\u00e9ho Uhorska. Chceli \u0148ou lie\u010di\u0165 reumatick\u00e9 choroby. Nesk\u00f4r sa ale voda ur\u010dila najm\u00e4 na lie\u010denie ko\u017en\u00fdch chor\u00f4b.<\/p>\n\n\n\n<figure class=\"wp-block-image size-large\"><img decoding=\"async\" width=\"1024\" height=\"683\" src=\"https:\/\/www.kosiceregion.com\/wp-content\/uploads\/2021\/10\/2-1024x683.jpg\" alt=\"\" class=\"wp-image-7542\" srcset=\"https:\/\/www.kosiceregion.com\/wp-content\/uploads\/2021\/10\/2-1024x683.jpg 1024w, https:\/\/www.kosiceregion.com\/wp-content\/uploads\/2021\/10\/2-300x200.jpg 300w, https:\/\/www.kosiceregion.com\/wp-content\/uploads\/2021\/10\/2-768x512.jpg 768w, https:\/\/www.kosiceregion.com\/wp-content\/uploads\/2021\/10\/2-1536x1024.jpg 1536w, https:\/\/www.kosiceregion.com\/wp-content\/uploads\/2021\/10\/2-2048x1365.jpg 2048w\" sizes=\"(max-width: 1024px) 100vw, 1024px\" \/><figcaption>Pozostatky budov<\/figcaption><\/figure>\n\n\n\n<p style=\"text-align: justify;\">Obsahuje toti\u017eto obrovsk\u00e9 mno\u017estvo miner\u00e1lov a\u00a0a\u017e okolo 40mg s\u00edrovod\u00edka na liter. Ide o\u00a0vysoko mineralizovan\u00fa, izotonick\u00fa vodu so zv\u00fd\u0161en\u00edm obsahom s\u00edrovod\u00edka. Najv\u00e4\u010d\u0161\u00ed rozkvet za\u017eili po roku 1850. Chodilo tu a\u017e to\u013eko \u013eud\u00ed, \u017ee sa \u010dasto nemali ani kde ubytova\u0165. Vyu\u017e\u00edvali len okolit\u00e9 pren\u00e1jmy v ne\u010falek\u00fdch obciach. Sobraneck\u00e9 k\u00fapele fungovali ako letn\u00e9 k\u00fapele. Boli teda otvoren\u00e9 len od m\u00e1ja do septembra. Priemerne sa tu cez leto vystriedalo 1100 host\u00ed podstupuj\u00facich dlh\u0161iu lie\u010dbu.<\/p>\n\n\n\n<figure class=\"wp-block-image size-large\"><img decoding=\"async\" width=\"1024\" height=\"683\" src=\"https:\/\/www.kosiceregion.com\/wp-content\/uploads\/2021\/10\/3-1024x683.jpg\" alt=\"\" class=\"wp-image-7543\" srcset=\"https:\/\/www.kosiceregion.com\/wp-content\/uploads\/2021\/10\/3-1024x683.jpg 1024w, https:\/\/www.kosiceregion.com\/wp-content\/uploads\/2021\/10\/3-300x200.jpg 300w, https:\/\/www.kosiceregion.com\/wp-content\/uploads\/2021\/10\/3-768x512.jpg 768w, https:\/\/www.kosiceregion.com\/wp-content\/uploads\/2021\/10\/3-1536x1024.jpg 1536w, https:\/\/www.kosiceregion.com\/wp-content\/uploads\/2021\/10\/3-2048x1365.jpg 2048w\" sizes=\"(max-width: 1024px) 100vw, 1024px\" \/><\/figure>\n\n\n\n<p style=\"text-align: justify;\">Bohu\u017eia\u013e, k\u00fapele boli po\u010das Prvej svetovej zni\u010den\u00e9. Nesk\u00f4r sa ich s\u00edce podarilo obnovi\u0165,\u00a0 no nie nadlho. Pri oslobodzovan\u00ed po\u010das Druhej svetovej vojny boli znova zni\u010den\u00e9 a tentokr\u00e1t ostali neobnoven\u00e9. Neostalo z nich takmer ni\u010d. Iba vila Varandy sa do istej miery zachovala. V 70. rokoch sa tu ale postavil nov\u00fd lie\u010debn\u00fd pavil\u00f3n s l\u00f4\u017ekov\u00fdmi \u010das\u0165ami. A\u017e do roku 2004 k\u00fapele fungovali ako Vysunut\u00e9 pracovisko odborn\u00e9ho medic\u00ednskeho oddelenia v Michalovciach.<\/p>\n\n\n\n<figure class=\"wp-block-image size-large\"><img decoding=\"async\" width=\"1024\" height=\"683\" src=\"https:\/\/www.kosiceregion.com\/wp-content\/uploads\/2021\/10\/4-1024x683.jpg\" alt=\"\" class=\"wp-image-7544\" srcset=\"https:\/\/www.kosiceregion.com\/wp-content\/uploads\/2021\/10\/4-1024x683.jpg 1024w, https:\/\/www.kosiceregion.com\/wp-content\/uploads\/2021\/10\/4-300x200.jpg 300w, https:\/\/www.kosiceregion.com\/wp-content\/uploads\/2021\/10\/4-768x512.jpg 768w, https:\/\/www.kosiceregion.com\/wp-content\/uploads\/2021\/10\/4-1536x1024.jpg 1536w, https:\/\/www.kosiceregion.com\/wp-content\/uploads\/2021\/10\/4-2048x1365.jpg 2048w\" sizes=\"(max-width: 1024px) 100vw, 1024px\" \/><\/figure>\n\n\n\n<p style=\"text-align: justify;\">V s\u00fa\u010dasnosti k\u00fapele ch\u00e1traj\u00fa. M\u00f4\u017eete tu n\u00e1js\u0165 pozostatky k\u00fape\u013en\u00ed, van\u00ed, izieb \u010di baz\u00e9nov. Do budov sa d\u00e1 dokonca vojs\u0165. Vzadu sa nach\u00e1dza aj prame\u0148 miner\u00e1lnej vody, ktor\u00e9ho pach v\u00e1m udrie do nosa u\u017e z\u00a0dia\u013eky. Je tu aj alt\u00e1nok a\u00a0zop\u00e1r lavi\u010diek, kde si m\u00f4\u017eete posedie\u0165. M\u00f4\u017eete tu taktie\u017e n\u00e1js\u0165 Kaplnku sv. Petra a Pavla, v\u00a0ktorej sa dnes sl\u00fa\u017eia bohoslu\u017eby. Hne\u010f ved\u013ea kaplnky je socha Sv\u00e4t\u00e9ho Franti\u0161ka. Ten je patr\u00f3nom ekol\u00f3gie. Ekologick\u00e9 povedomie v\u00a0okol\u00ed zvy\u0161uje n\u00e1u\u010dn\u00fd chodn\u00edk Sobraneck\u00e9 k\u00fapele. Dozviete sa tu nie\u010do o\u00a0hist\u00f3ri\u00ed k\u00fape\u013eov, funkci\u00e1ch lesa \u010di o\u00a0po\u013eovn\u00edctve.<\/p>\n\n\n\n<figure class=\"wp-block-image size-large\"><img decoding=\"async\" width=\"1024\" height=\"683\" src=\"https:\/\/www.kosiceregion.com\/wp-content\/uploads\/2021\/10\/5-1024x683.jpg\" alt=\"\" class=\"wp-image-7545\" srcset=\"https:\/\/www.kosiceregion.com\/wp-content\/uploads\/2021\/10\/5-1024x683.jpg 1024w, https:\/\/www.kosiceregion.com\/wp-content\/uploads\/2021\/10\/5-300x200.jpg 300w, https:\/\/www.kosiceregion.com\/wp-content\/uploads\/2021\/10\/5-768x512.jpg 768w, https:\/\/www.kosiceregion.com\/wp-content\/uploads\/2021\/10\/5-1536x1024.jpg 1536w, https:\/\/www.kosiceregion.com\/wp-content\/uploads\/2021\/10\/5-2048x1365.jpg 2048w\" sizes=\"(max-width: 1024px) 100vw, 1024px\" \/><\/figure>\n\n\n\n<h5 class=\"wp-block-heading\">Popis trasy<\/h5>\n\n\n\n<p style=\"text-align: justify;\">Parkovisko sa nach\u00e1dza hne\u010f pri are\u00e1li k\u00fape\u013eov. Sta\u010d\u00ed prejs\u0165 cez cestu a ste tam. Pokia\u013e ideme autobusom, m\u00f4\u017eete vyst\u00fapi\u0165 na zast\u00e1vke Sobraneck\u00e9 k\u00fapele. Ta je taktie\u017e hne\u010f pri are\u00e1li. \u010eal\u0161ia mo\u017enos\u0165 je zast\u00e1vka Hor\u0148a, r\u00e1zcestie. Tu sa za\u010d\u00edna n\u00e1u\u010dn\u00fd chodn\u00edk Sobraneck\u00e9 k\u00fapele. Ten m\u00e1 1.8km a vedie okolo cel\u00e9ho are\u00e1lu. Rozhodne nevynechajte Kaplnku sv. Petra a\u00a0Pavla a\u00a0ani vilu Varandy.<\/p>\n\n\n\n<figure class=\"wp-block-image size-large\"><img decoding=\"async\" width=\"1024\" height=\"683\" src=\"https:\/\/www.kosiceregion.com\/wp-content\/uploads\/2021\/10\/6-1024x683.jpg\" alt=\"\" class=\"wp-image-7546\" srcset=\"https:\/\/www.kosiceregion.com\/wp-content\/uploads\/2021\/10\/6-1024x683.jpg 1024w, https:\/\/www.kosiceregion.com\/wp-content\/uploads\/2021\/10\/6-300x200.jpg 300w, https:\/\/www.kosiceregion.com\/wp-content\/uploads\/2021\/10\/6-768x512.jpg 768w, https:\/\/www.kosiceregion.com\/wp-content\/uploads\/2021\/10\/6-1536x1024.jpg 1536w, https:\/\/www.kosiceregion.com\/wp-content\/uploads\/2021\/10\/6-2048x1365.jpg 2048w\" sizes=\"(max-width: 1024px) 100vw, 1024px\" \/><\/figure>\n\n\n\n<figure class=\"wp-block-image size-large\"><img decoding=\"async\" width=\"1024\" height=\"683\" src=\"https:\/\/www.kosiceregion.com\/wp-content\/uploads\/2021\/10\/7-1024x683.jpg\" alt=\"\" class=\"wp-image-7547\" srcset=\"https:\/\/www.kosiceregion.com\/wp-content\/uploads\/2021\/10\/7-1024x683.jpg 1024w, https:\/\/www.kosiceregion.com\/wp-content\/uploads\/2021\/10\/7-300x200.jpg 300w, https:\/\/www.kosiceregion.com\/wp-content\/uploads\/2021\/10\/7-768x512.jpg 768w, https:\/\/www.kosiceregion.com\/wp-content\/uploads\/2021\/10\/7-1536x1024.jpg 1536w, https:\/\/www.kosiceregion.com\/wp-content\/uploads\/2021\/10\/7-2048x1365.jpg 2048w\" sizes=\"(max-width: 1024px) 100vw, 1024px\" \/><figcaption>Lie\u010div\u00fd prame\u0148<\/figcaption><\/figure>\n\n\n\n<h2 class=\"has-text-align-center wp-block-heading\">Dopravn\u00e1 dostupnos\u0165<\/h2>\n\n\n\n<p>\u00a0<\/p>\n<table class=\" aligncenter\" style=\"height: 422px; width: 71.5443%; border-collapse: collapse;\">\n<tbody>\n<tr style=\"height: 216px;\">\n<td style=\"width: 20%; height: 210px;\"><img decoding=\"async\" class=\"size-full wp-image-6002 aligncenter\" src=\"https:\/\/www.kosiceregion.com\/wp-content\/uploads\/2021\/05\/Icon_black__parking.png\" alt=\"\" width=\"35\" height=\"35\" \/><\/td>\n<td style=\"width: 20%; height: 210px;\">\n<p><strong>Parkovanie<\/strong><\/p>\n<p>\u00c1NO, Ne\u010faleko are\u00e1lu Sobraneck\u00e9 k\u00fapele (<a href=\"https:\/\/sk.mapy.cz\/s\/kanarufelu\">mapa<\/a>)<\/p>\n<\/td>\n<td style=\"width: 20.7372%; height: 210px;\"><img decoding=\"async\" class=\"size-full wp-image-6003 aligncenter\" src=\"https:\/\/www.kosiceregion.com\/wp-content\/uploads\/2021\/05\/Icon_black__bus.png\" alt=\"\" width=\"35\" height=\"35\" \/><\/td>\n<td style=\"width: 22.8241%; height: 210px;\">\n<p><strong>Autobusov\u00e1 zast\u00e1vka<\/strong><\/p>\n<p>\u00c1NO, Sobraneck\u00e9 k\u00fapele (<a href=\"https:\/\/sk.mapy.cz\/s\/peseduzuku\">mapa<\/a>)<\/p>\n<\/td>\n<\/tr>\n<tr style=\"height: 216px;\">\n<td style=\"width: 20%; height: 212px;\"><img decoding=\"async\" class=\"size-full wp-image-6004 aligncenter\" src=\"https:\/\/www.kosiceregion.com\/wp-content\/uploads\/2021\/05\/Icon_black__train.png\" alt=\"\" width=\"35\" height=\"35\" \/><\/td>\n<td style=\"width: 20%; height: 212px;\">\n<p><strong>Vlakov\u00e1 zast\u00e1vka<\/strong><\/p>\n<p>NIE<\/p>\n<\/td>\n<td style=\"width: 20.7372%; height: 212px;\">\u00a0<\/td>\n<td style=\"width: 22.8241%; height: 212px;\">\n<p><strong> <br \/><\/strong><\/p>\n<p style=\"text-align: left;\">\u00a0<\/p>\n<\/td>\n<\/tr>\n<\/tbody>\n<\/table>\n<p>\u00a0<\/p>\n\n\n\n<figure class=\"wp-block-image size-large\"><img decoding=\"async\" width=\"1024\" height=\"683\" src=\"https:\/\/www.kosiceregion.com\/wp-content\/uploads\/2021\/10\/8-1024x683.jpg\" alt=\"\" class=\"wp-image-7548\" srcset=\"https:\/\/www.kosiceregion.com\/wp-content\/uploads\/2021\/10\/8-1024x683.jpg 1024w, https:\/\/www.kosiceregion.com\/wp-content\/uploads\/2021\/10\/8-300x200.jpg 300w, https:\/\/www.kosiceregion.com\/wp-content\/uploads\/2021\/10\/8-768x512.jpg 768w, https:\/\/www.kosiceregion.com\/wp-content\/uploads\/2021\/10\/8-1536x1024.jpg 1536w, https:\/\/www.kosiceregion.com\/wp-content\/uploads\/2021\/10\/8-2048x1365.jpg 2048w\" sizes=\"(max-width: 1024px) 100vw, 1024px\" \/><figcaption>Miestne chodn\u00ed\u010dky<\/figcaption><\/figure>\n\n\n\n<iframe loading=\"lazy\" style=\"border:none\" src=\"https:\/\/sk.frame.mapy.cz\/s\/navudumaho\" width=\"400\" height=\"280\" frameborder=\"0\"><\/iframe>\n\n\n\n<p>Viac in\u0161pir\u00e1ci\u00ed n\u00e1jdete na soci\u00e1lnej sieti Instagram a \u00fa\u010dte <a href=\"https:\/\/www.instagram.com\/zivot_dobrodruhov\/\" target=\"_blank\" rel=\"noopener\">@zivot_dobrodruhov<\/a>.&nbsp;<\/p>\n\n\n\n\n\n\n\n\n","protected":false},"excerpt":{"rendered":"<p>H\u013ead\u00e1te nezvy\u010dajn\u00fd tip na v\u00fdlet? \u010co tak Sobraneck\u00e9 k\u00fapele? Ich hist\u00f3ria siaha stovky rokov dozadu. Presl\u00e1ven\u00e9 boli v celom Uhorsku. A predstavte si, voda tu dokonca obsahuje a\u017e 10-kr\u00e1t viac s\u00edrovod\u00edka ako v Pie\u0161\u0165anoch. \u017dia\u013e, vtedaj\u0161iu sl\u00e1vu k\u00fape\u013eom do dne\u0161n\u00e9ho d\u0148a nikto nevr\u00e1til. Inform\u00e1cie o trase a lokalite \u00a0 Vhodn\u00e9 pre deti \u00c1NO Zna\u010den\u00e1 trasa [&hellip;]<\/p>\n","protected":false},"author":10,"featured_media":7549,"comment_status":"closed","ping_status":"closed","sticky":false,"template":"","format":"standard","meta":{"_acf_changed":false,"_sk_post_content":"<!-- wp:tadv\/classic-paragraph -->\n<p style=\"text-align: justify;\">H\u013ead\u00e1te nezvy\u010dajn\u00fd tip na v\u00fdlet? \u010co tak Sobraneck\u00e9 k\u00fapele? Ich hist\u00f3ria siaha stovky rokov dozadu. Presl\u00e1ven\u00e9 boli v celom Uhorsku. A predstavte si, voda tu dokonca obsahuje a\u017e 10-kr\u00e1t viac s\u00edrovod\u00edka ako v Pie\u0161\u0165anoch. \u017dia\u013e, vtedaj\u0161iu sl\u00e1vu k\u00fape\u013eom do dne\u0161n\u00e9ho d\u0148a nikto nevr\u00e1til.<\/p>\n<!-- \/wp:tadv\/classic-paragraph -->\n\n<!-- wp:image {\"id\":7541,\"sizeSlug\":\"large\",\"linkDestination\":\"none\"} -->\n<figure class=\"wp-block-image size-large\"><img src=\"https:\/\/www.kosiceregion.com\/wp-content\/uploads\/2021\/10\/1-1024x683.jpg\" alt=\"\" class=\"wp-image-7541\"\/><figcaption>Villa Varandy<\/figcaption><\/figure>\n<!-- \/wp:image -->\n\n<!-- wp:heading {\"textAlign\":\"center\"} -->\n<h2 class=\"has-text-align-center\">Inform\u00e1cie o trase a lokalite<\/h2>\n<!-- \/wp:heading -->\n\n<!-- wp:tadv\/classic-paragraph -->\n<p>\u00a0<\/p>\n<table class=\" aligncenter\" style=\"height: 436px; width: 72.6199%; border-collapse: collapse;\">\n<tbody>\n<tr style=\"height: 216px;\">\n<td style=\"width: 20%; height: 210px;\"><img class=\"size-full wp-image-5997 aligncenter\" src=\"https:\/\/www.kosiceregion.com\/wp-content\/uploads\/2021\/05\/Icon_black__kids.png\" alt=\"\" width=\"35\" height=\"35\" \/><\/td>\n<td style=\"width: 20%; height: 210px;\">\n<p><strong>Vhodn\u00e9 pre deti<\/strong><\/p>\n<p>\u00c1NO<\/p>\n<\/td>\n<td style=\"width: 20.5727%; height: 210px;\"><img class=\"size-full wp-image-5998 aligncenter\" src=\"https:\/\/www.kosiceregion.com\/wp-content\/uploads\/2021\/05\/Icon_black__route.png\" alt=\"\" width=\"35\" height=\"35\" \/><\/td>\n<td style=\"width: 22.9886%; height: 210px;\">\n<p><strong>Zna\u010den\u00e1 trasa <\/strong><\/p>\n<p>NIE<\/p>\n<\/td>\n<\/tr>\n<tr style=\"height: 216px;\">\n<td style=\"width: 20%; height: 139px;\"><img class=\"size-full wp-image-5999 aligncenter\" src=\"https:\/\/www.kosiceregion.com\/wp-content\/uploads\/2021\/05\/Icon_black__food.png\" alt=\"\" width=\"35\" height=\"35\" \/><\/td>\n<td style=\"width: 20%; height: 139px;\">\n<p><strong>Stravovacie zariadenie<\/strong><\/p>\n<p>NIE<\/p>\n<\/td>\n<td style=\"width: 20.5727%; height: 139px;\"><img class=\"size-full wp-image-6000 aligncenter\" src=\"https:\/\/www.kosiceregion.com\/wp-content\/uploads\/2021\/05\/Icon_black__challenging.png\" alt=\"\" width=\"35\" height=\"35\" \/><\/td>\n<td style=\"width: 22.9886%; height: 139px;\">\n<p><strong>N\u00e1ro\u010dnos\u0165 trasy<\/strong><\/p>\n<p style=\"text-align: left;\">\u013dAHK\u00c1<\/p>\n<\/td>\n<\/tr>\n<\/tbody>\n<\/table>\n<p>\u00a0<\/p>\n<!-- \/wp:tadv\/classic-paragraph -->\n\n<!-- wp:tadv\/classic-paragraph -->\n<p style=\"text-align: justify;\">Sobraneck\u00e9 k\u00fapele sa vyu\u017e\u00edvali na lie\u010denie stovky rokov. Prv\u00e1 zmienka poch\u00e1dza u\u017e z roku 1336. Vtedy ich pou\u017e\u00edvali mn\u00edsi najm\u00e4 na lie\u010denie chudobn\u00fdch. Po miestnej vode sa dopytovali \u013eudia z ju\u017en\u00e9ho Uhorska. Chceli \u0148ou lie\u010di\u0165 reumatick\u00e9 choroby. Nesk\u00f4r sa ale voda ur\u010dila najm\u00e4 na lie\u010denie ko\u017en\u00fdch chor\u00f4b.<\/p>\n<!-- \/wp:tadv\/classic-paragraph -->\n\n<!-- wp:image {\"id\":7542,\"sizeSlug\":\"large\",\"linkDestination\":\"none\"} -->\n<figure class=\"wp-block-image size-large\"><img src=\"https:\/\/www.kosiceregion.com\/wp-content\/uploads\/2021\/10\/2-1024x683.jpg\" alt=\"\" class=\"wp-image-7542\"\/><figcaption>Pozostatky budov<\/figcaption><\/figure>\n<!-- \/wp:image -->\n\n<!-- wp:tadv\/classic-paragraph -->\n<p style=\"text-align: justify;\">Obsahuje toti\u017eto obrovsk\u00e9 mno\u017estvo miner\u00e1lov a\u00a0a\u017e okolo 40mg s\u00edrovod\u00edka na liter. Ide o\u00a0vysoko mineralizovan\u00fa, izotonick\u00fa vodu so zv\u00fd\u0161en\u00edm obsahom s\u00edrovod\u00edka. Najv\u00e4\u010d\u0161\u00ed rozkvet za\u017eili po roku 1850. Chodilo tu a\u017e to\u013eko \u013eud\u00ed, \u017ee sa \u010dasto nemali ani kde ubytova\u0165. Vyu\u017e\u00edvali len okolit\u00e9 pren\u00e1jmy v ne\u010falek\u00fdch obciach. Sobraneck\u00e9 k\u00fapele fungovali ako letn\u00e9 k\u00fapele. Boli teda otvoren\u00e9 len od m\u00e1ja do septembra. Priemerne sa tu cez leto vystriedalo 1100 host\u00ed podstupuj\u00facich dlh\u0161iu lie\u010dbu.<\/p>\n<!-- \/wp:tadv\/classic-paragraph -->\n\n<!-- wp:image {\"id\":7543,\"sizeSlug\":\"large\",\"linkDestination\":\"none\"} -->\n<figure class=\"wp-block-image size-large\"><img src=\"https:\/\/www.kosiceregion.com\/wp-content\/uploads\/2021\/10\/3-1024x683.jpg\" alt=\"\" class=\"wp-image-7543\"\/><\/figure>\n<!-- \/wp:image -->\n\n<!-- wp:tadv\/classic-paragraph -->\n<p style=\"text-align: justify;\">Bohu\u017eia\u013e, k\u00fapele boli po\u010das Prvej svetovej zni\u010den\u00e9. Nesk\u00f4r sa ich s\u00edce podarilo obnovi\u0165,\u00a0 no nie nadlho. Pri oslobodzovan\u00ed po\u010das Druhej svetovej vojny boli znova zni\u010den\u00e9 a tentokr\u00e1t ostali neobnoven\u00e9. Neostalo z nich takmer ni\u010d. Iba vila Varandy sa do istej miery zachovala. V 70. rokoch sa tu ale postavil nov\u00fd lie\u010debn\u00fd pavil\u00f3n s l\u00f4\u017ekov\u00fdmi \u010das\u0165ami. A\u017e do roku 2004 k\u00fapele fungovali ako Vysunut\u00e9 pracovisko odborn\u00e9ho medic\u00ednskeho oddelenia v Michalovciach.<\/p>\n<!-- \/wp:tadv\/classic-paragraph -->\n\n<!-- wp:image {\"id\":7544,\"sizeSlug\":\"large\",\"linkDestination\":\"none\"} -->\n<figure class=\"wp-block-image size-large\"><img src=\"https:\/\/www.kosiceregion.com\/wp-content\/uploads\/2021\/10\/4-1024x683.jpg\" alt=\"\" class=\"wp-image-7544\"\/><\/figure>\n<!-- \/wp:image -->\n\n<!-- wp:tadv\/classic-paragraph -->\n<p style=\"text-align: justify;\">V s\u00fa\u010dasnosti k\u00fapele ch\u00e1traj\u00fa. M\u00f4\u017eete tu n\u00e1js\u0165 pozostatky k\u00fape\u013en\u00ed, van\u00ed, izieb \u010di baz\u00e9nov. Do budov sa d\u00e1 dokonca vojs\u0165. Vzadu sa nach\u00e1dza aj prame\u0148 miner\u00e1lnej vody, ktor\u00e9ho pach v\u00e1m udrie do nosa u\u017e z\u00a0dia\u013eky. Je tu aj alt\u00e1nok a\u00a0zop\u00e1r lavi\u010diek, kde si m\u00f4\u017eete posedie\u0165. M\u00f4\u017eete tu taktie\u017e n\u00e1js\u0165 Kaplnku sv. Petra a Pavla, v\u00a0ktorej sa dnes sl\u00fa\u017eia bohoslu\u017eby. Hne\u010f ved\u013ea kaplnky je socha Sv\u00e4t\u00e9ho Franti\u0161ka. Ten je patr\u00f3nom ekol\u00f3gie. Ekologick\u00e9 povedomie v\u00a0okol\u00ed zvy\u0161uje n\u00e1u\u010dn\u00fd chodn\u00edk Sobraneck\u00e9 k\u00fapele. Dozviete sa tu nie\u010do o\u00a0hist\u00f3ri\u00ed k\u00fape\u013eov, funkci\u00e1ch lesa \u010di o\u00a0po\u013eovn\u00edctve.<\/p>\n<!-- \/wp:tadv\/classic-paragraph -->\n\n<!-- wp:image {\"id\":7545,\"sizeSlug\":\"large\",\"linkDestination\":\"none\"} -->\n<figure class=\"wp-block-image size-large\"><img src=\"https:\/\/www.kosiceregion.com\/wp-content\/uploads\/2021\/10\/5-1024x683.jpg\" alt=\"\" class=\"wp-image-7545\"\/><\/figure>\n<!-- \/wp:image -->\n\n<!-- wp:heading {\"level\":5} -->\n<h5>Popis trasy<\/h5>\n<!-- \/wp:heading -->\n\n<!-- wp:tadv\/classic-paragraph -->\n<p style=\"text-align: justify;\">Parkovisko sa nach\u00e1dza hne\u010f pri are\u00e1li k\u00fape\u013eov. Sta\u010d\u00ed prejs\u0165 cez cestu a ste tam. Pokia\u013e ideme autobusom, m\u00f4\u017eete vyst\u00fapi\u0165 na zast\u00e1vke Sobraneck\u00e9 k\u00fapele. Ta je taktie\u017e hne\u010f pri are\u00e1li. \u010eal\u0161ia mo\u017enos\u0165 je zast\u00e1vka Hor\u0148a, r\u00e1zcestie. Tu sa za\u010d\u00edna n\u00e1u\u010dn\u00fd chodn\u00edk Sobraneck\u00e9 k\u00fapele. Ten m\u00e1 1.8km a vedie okolo cel\u00e9ho are\u00e1lu. Rozhodne nevynechajte Kaplnku sv. Petra a\u00a0Pavla a\u00a0ani vilu Varandy.<\/p>\n<!-- \/wp:tadv\/classic-paragraph -->\n\n<!-- wp:image {\"id\":7546,\"sizeSlug\":\"large\",\"linkDestination\":\"none\"} -->\n<figure class=\"wp-block-image size-large\"><img src=\"https:\/\/www.kosiceregion.com\/wp-content\/uploads\/2021\/10\/6-1024x683.jpg\" alt=\"\" class=\"wp-image-7546\"\/><\/figure>\n<!-- \/wp:image -->\n\n<!-- wp:image {\"id\":7547,\"sizeSlug\":\"large\",\"linkDestination\":\"none\"} -->\n<figure class=\"wp-block-image size-large\"><img src=\"https:\/\/www.kosiceregion.com\/wp-content\/uploads\/2021\/10\/7-1024x683.jpg\" alt=\"\" class=\"wp-image-7547\"\/><figcaption>Lie\u010div\u00fd prame\u0148<\/figcaption><\/figure>\n<!-- \/wp:image -->\n\n<!-- wp:heading {\"textAlign\":\"center\"} -->\n<h2 class=\"has-text-align-center\">Dopravn\u00e1 dostupnos\u0165<\/h2>\n<!-- \/wp:heading -->\n\n<!-- wp:tadv\/classic-paragraph -->\n<p>\u00a0<\/p>\n<table class=\" aligncenter\" style=\"height: 422px; width: 71.5443%; border-collapse: collapse;\">\n<tbody>\n<tr style=\"height: 216px;\">\n<td style=\"width: 20%; height: 210px;\"><img class=\"size-full wp-image-6002 aligncenter\" src=\"https:\/\/www.kosiceregion.com\/wp-content\/uploads\/2021\/05\/Icon_black__parking.png\" alt=\"\" width=\"35\" height=\"35\" \/><\/td>\n<td style=\"width: 20%; height: 210px;\">\n<p><strong>Parkovanie<\/strong><\/p>\n<p>\u00c1NO, Ne\u010faleko are\u00e1lu Sobraneck\u00e9 k\u00fapele (<a href=\"https:\/\/sk.mapy.cz\/s\/kanarufelu\">mapa<\/a>)<\/p>\n<\/td>\n<td style=\"width: 20.7372%; height: 210px;\"><img class=\"size-full wp-image-6003 aligncenter\" src=\"https:\/\/www.kosiceregion.com\/wp-content\/uploads\/2021\/05\/Icon_black__bus.png\" alt=\"\" width=\"35\" height=\"35\" \/><\/td>\n<td style=\"width: 22.8241%; height: 210px;\">\n<p><strong>Autobusov\u00e1 zast\u00e1vka<\/strong><\/p>\n<p>\u00c1NO, Sobraneck\u00e9 k\u00fapele (<a href=\"https:\/\/sk.mapy.cz\/s\/peseduzuku\">mapa<\/a>)<\/p>\n<\/td>\n<\/tr>\n<tr style=\"height: 216px;\">\n<td style=\"width: 20%; height: 212px;\"><img class=\"size-full wp-image-6004 aligncenter\" src=\"https:\/\/www.kosiceregion.com\/wp-content\/uploads\/2021\/05\/Icon_black__train.png\" alt=\"\" width=\"35\" height=\"35\" \/><\/td>\n<td style=\"width: 20%; height: 212px;\">\n<p><strong>Vlakov\u00e1 zast\u00e1vka<\/strong><\/p>\n<p>NIE<\/p>\n<\/td>\n<td style=\"width: 20.7372%; height: 212px;\">\u00a0<\/td>\n<td style=\"width: 22.8241%; height: 212px;\">\n<p><strong> <br \/><\/strong><\/p>\n<p style=\"text-align: left;\">\u00a0<\/p>\n<\/td>\n<\/tr>\n<\/tbody>\n<\/table>\n<p>\u00a0<\/p>\n<!-- \/wp:tadv\/classic-paragraph -->\n\n<!-- wp:image {\"id\":7548,\"sizeSlug\":\"large\",\"linkDestination\":\"none\"} -->\n<figure class=\"wp-block-image size-large\"><img src=\"https:\/\/www.kosiceregion.com\/wp-content\/uploads\/2021\/10\/8-1024x683.jpg\" alt=\"\" class=\"wp-image-7548\"\/><figcaption>Miestne chodn\u00ed\u010dky<\/figcaption><\/figure>\n<!-- \/wp:image -->\n\n<!-- wp:html -->\n<iframe style=\"border:none\" src=\"https:\/\/sk.frame.mapy.cz\/s\/navudumaho\" width=\"400\" height=\"280\" frameborder=\"0\"><\/iframe>\n<!-- \/wp:html -->\n\n<!-- wp:tadv\/classic-paragraph -->\n<p>Viac in\u0161pir\u00e1ci\u00ed n\u00e1jdete na soci\u00e1lnej sieti Instagram a \u00fa\u010dte <a href=\"https:\/\/www.instagram.com\/zivot_dobrodruhov\/\" target=\"_blank\" rel=\"noopener\">@zivot_dobrodruhov<\/a>.&nbsp;<\/p>\n<!-- \/wp:tadv\/classic-paragraph -->\n\n<!-- wp:tadv\/classic-paragraph \/-->\n\n<!-- wp:tadv\/classic-paragraph \/-->\n\n<!-- wp:tadv\/classic-paragraph \/-->\n\n<!-- wp:tadv\/classic-paragraph \/-->","_sk_post_name":"zivot-dobrodruhov-sobranecke-kupele-urbex","_sk_post_excerpt":"","_sk_post_title":"\u017divot dobrodruhov: Sobraneck\u00e9 k\u00fapele (urbex)","_en_post_content":"","_en_post_name":"","_en_post_excerpt":"","_en_post_title":"","_hu_post_content":"","_hu_post_name":"","_hu_post_excerpt":"","_hu_post_title":"","_es_post_content":"","_es_post_name":"","_es_post_excerpt":"","_es_post_title":"","_de_post_content":"","_de_post_name":"","_de_post_excerpt":"","_de_post_title":"","_pl_post_content":"","_pl_post_name":"","_pl_post_excerpt":"","_pl_post_title":"","_it_post_content":"","_it_post_name":"","_it_post_excerpt":"","_it_post_title":"","edit_language":"sk","footnotes":""},"categories":[22],"tags":[150,151,462],"class_list":["post-7540","post","type-post","status-publish","format-standard","has-post-thumbnail","hentry","category-get-inspired","tag-sobrance","tag-sobranecke-kupele","tag-urbex"],"acf":[],"yoast_head":"<!-- This site is optimized with the Yoast SEO Premium plugin v25.5 (Yoast SEO v27.4) - https:\/\/yoast.com\/product\/yoast-seo-premium-wordpress\/ -->\n<title>Ko\u0161ice Regi\u00f3n<\/title>\n<meta name=\"description\" content=\"H\u013ead\u00e1te nezvy\u010dajn\u00fd tip na v\u00fdlet? \u010co tak Sobraneck\u00e9 k\u00fapele? Ich hist\u00f3ria siaha stovky rokov dozadu. Presl\u00e1ven\u00e9 boli v celom Uhorsku. A predstavte si, voda tu dokonca obsahuje a\u017e 10-kr\u00e1t viac s\u00edrovod\u00edka ako v Pie\u0161\u0165anoch. \u017dia\u013e,\u2026\" \/>\n<meta name=\"robots\" content=\"index, follow, max-snippet:-1, max-image-preview:large, max-video-preview:-1\" \/>\n<link rel=\"canonical\" href=\"https:\/\/www.kosiceregion.com\/hu\/zivot-dobrodruhov-sobranecke-kupele-urbex\/\" \/>\n<meta property=\"og:locale\" content=\"sk_SK\" \/>\n<meta property=\"og:type\" content=\"article\" \/>\n<meta property=\"og:title\" content=\"\u017divot dobrodruhov: Sobraneck\u00e9 k\u00fapele (urbex)\" \/>\n<meta property=\"og:description\" content=\"H\u013ead\u00e1te nezvy\u010dajn\u00fd tip na v\u00fdlet? \u010co tak Sobraneck\u00e9 k\u00fapele? Ich hist\u00f3ria siaha stovky rokov dozadu. Presl\u00e1ven\u00e9 boli v celom Uhorsku. A predstavte si, voda\" \/>\n<meta property=\"og:url\" content=\"https:\/\/www.kosiceregion.com\/sk\/wp-json\/wp\/v2\/posts\/7540\" \/>\n<meta property=\"og:site_name\" content=\"Ko\u0161ice Regi\u00f3n\" \/>\n<meta property=\"article:publisher\" content=\"https:\/\/www.facebook.com\/kosiceregion\" \/>\n<meta property=\"article:published_time\" content=\"2021-10-01T07:23:31+00:00\" \/>\n<meta property=\"article:modified_time\" content=\"2021-10-01T07:23:32+00:00\" \/>\n<meta property=\"og:image\" content=\"https:\/\/www.kosiceregion.com\/wp-content\/uploads\/2021\/10\/titulka-scaled.jpg\" \/>\n\t<meta property=\"og:image:width\" content=\"2560\" \/>\n\t<meta property=\"og:image:height\" content=\"1707\" \/>\n\t<meta property=\"og:image:type\" content=\"image\/jpeg\" \/>\n<meta name=\"author\" content=\"Attila T\u00f6r\u00f6k\" \/>\n<meta name=\"twitter:card\" content=\"summary_large_image\" \/>\n<meta name=\"twitter:creator\" content=\"@KOSICEREGION\" \/>\n<meta name=\"twitter:site\" content=\"@KOSICEREGION\" \/>\n<meta name=\"twitter:label1\" content=\"Autor\" \/>\n\t<meta name=\"twitter:data1\" content=\"Attila T\u00f6r\u00f6k\" \/>\n\t<meta name=\"twitter:label2\" content=\"Predpokladan\u00fd \u010das \u010d\u00edtania\" \/>\n\t<meta name=\"twitter:data2\" content=\"5 min\u00fat\" \/>\n<script type=\"application\/ld+json\" class=\"yoast-schema-graph\">{\"@context\":\"https:\\\/\\\/schema.org\",\"@graph\":[{\"@type\":\"Article\",\"@id\":\"https:\\\/\\\/www.kosiceregion.com\\\/hu\\\/zivot-dobrodruhov-sobranecke-kupele-urbex\\\/#article\",\"isPartOf\":{\"@id\":\"https:\\\/\\\/www.kosiceregion.com\\\/hu\\\/zivot-dobrodruhov-sobranecke-kupele-urbex\\\/\"},\"author\":{\"name\":\"Attila T\u00f6r\u00f6k\",\"@id\":\"https:\\\/\\\/www.kosiceregion.com\\\/#\\\/schema\\\/person\\\/c165be3d928462a4f7283533e3fa9f87\"},\"headline\":\"\u017divot dobrodruhov: Sobraneck\u00e9 k\u00fapele (urbex)\",\"datePublished\":\"2021-10-01T07:23:31+00:00\",\"dateModified\":\"2021-10-01T07:23:32+00:00\",\"mainEntityOfPage\":{\"@id\":\"https:\\\/\\\/www.kosiceregion.com\\\/hu\\\/zivot-dobrodruhov-sobranecke-kupele-urbex\\\/\"},\"wordCount\":594,\"publisher\":{\"@id\":\"https:\\\/\\\/www.kosiceregion.com\\\/#organization\"},\"image\":{\"@id\":\"https:\\\/\\\/www.kosiceregion.com\\\/hu\\\/zivot-dobrodruhov-sobranecke-kupele-urbex\\\/#primaryimage\"},\"thumbnailUrl\":\"https:\\\/\\\/www.kosiceregion.com\\\/wp-content\\\/uploads\\\/2021\\\/10\\\/titulka-scaled.jpg\",\"keywords\":[\"Sobrance\",\"Sobraneck\u00e9 k\u00fapele\",\"urbex\"],\"articleSection\":[\"In\u0161piruj sa\"],\"inLanguage\":\"sk-SK\"},{\"@type\":\"WebPage\",\"@id\":\"https:\\\/\\\/www.kosiceregion.com\\\/hu\\\/zivot-dobrodruhov-sobranecke-kupele-urbex\\\/\",\"url\":\"https:\\\/\\\/www.kosiceregion.com\\\/hu\\\/zivot-dobrodruhov-sobranecke-kupele-urbex\\\/\",\"name\":\"\u017divot dobrodruhov: Sobraneck\u00e9 k\u00fapele (urbex) - Ko\u0161ice Regi\u00f3n\",\"isPartOf\":{\"@id\":\"https:\\\/\\\/www.kosiceregion.com\\\/#website\"},\"primaryImageOfPage\":{\"@id\":\"https:\\\/\\\/www.kosiceregion.com\\\/hu\\\/zivot-dobrodruhov-sobranecke-kupele-urbex\\\/#primaryimage\"},\"image\":{\"@id\":\"https:\\\/\\\/www.kosiceregion.com\\\/hu\\\/zivot-dobrodruhov-sobranecke-kupele-urbex\\\/#primaryimage\"},\"thumbnailUrl\":\"https:\\\/\\\/www.kosiceregion.com\\\/wp-content\\\/uploads\\\/2021\\\/10\\\/titulka-scaled.jpg\",\"datePublished\":\"2021-10-01T07:23:31+00:00\",\"dateModified\":\"2021-10-01T07:23:32+00:00\",\"description\":\"H\u013ead\u00e1te nezvy\u010dajn\u00fd tip na v\u00fdlet? \u010co tak Sobraneck\u00e9 k\u00fapele? Ich hist\u00f3ria siaha stovky rokov dozadu. Presl\u00e1ven\u00e9 boli v celom Uhorsku. A predstavte si, voda\",\"breadcrumb\":{\"@id\":\"https:\\\/\\\/www.kosiceregion.com\\\/hu\\\/zivot-dobrodruhov-sobranecke-kupele-urbex\\\/#breadcrumb\"},\"inLanguage\":\"sk-SK\",\"potentialAction\":[{\"@type\":\"ReadAction\",\"target\":[\"https:\\\/\\\/www.kosiceregion.com\\\/hu\\\/zivot-dobrodruhov-sobranecke-kupele-urbex\\\/\"]}]},{\"@type\":\"ImageObject\",\"inLanguage\":\"sk-SK\",\"@id\":\"https:\\\/\\\/www.kosiceregion.com\\\/hu\\\/zivot-dobrodruhov-sobranecke-kupele-urbex\\\/#primaryimage\",\"url\":\"https:\\\/\\\/www.kosiceregion.com\\\/wp-content\\\/uploads\\\/2021\\\/10\\\/titulka-scaled.jpg\",\"contentUrl\":\"https:\\\/\\\/www.kosiceregion.com\\\/wp-content\\\/uploads\\\/2021\\\/10\\\/titulka-scaled.jpg\",\"width\":2560,\"height\":1707},{\"@type\":\"BreadcrumbList\",\"@id\":\"https:\\\/\\\/www.kosiceregion.com\\\/hu\\\/zivot-dobrodruhov-sobranecke-kupele-urbex\\\/#breadcrumb\",\"itemListElement\":[{\"@type\":\"ListItem\",\"position\":1,\"name\":\"Home\",\"item\":\"https:\\\/\\\/www.kosiceregion.com\\\/sk\\\/\"},{\"@type\":\"ListItem\",\"position\":2,\"name\":\"\u017divot dobrodruhov: Sobraneck\u00e9 k\u00fapele (urbex)\"}]},{\"@type\":\"WebSite\",\"@id\":\"https:\\\/\\\/www.kosiceregion.com\\\/#website\",\"url\":\"https:\\\/\\\/www.kosiceregion.com\\\/\",\"name\":\"Ko\u0161ice Regi\u00f3n\",\"description\":\"Turistick\u00fd sprievodca Ko\u0161ick\u00fdm krajom\",\"publisher\":{\"@id\":\"https:\\\/\\\/www.kosiceregion.com\\\/#organization\"},\"potentialAction\":[{\"@type\":\"SearchAction\",\"target\":{\"@type\":\"EntryPoint\",\"urlTemplate\":\"https:\\\/\\\/www.kosiceregion.com\\\/?s={search_term_string}\"},\"query-input\":{\"@type\":\"PropertyValueSpecification\",\"valueRequired\":true,\"valueName\":\"search_term_string\"}}],\"inLanguage\":\"sk-SK\"},{\"@type\":\"Organization\",\"@id\":\"https:\\\/\\\/www.kosiceregion.com\\\/#organization\",\"name\":\"Ko\u0161ice Regi\u00f3n Turizmus\",\"url\":\"https:\\\/\\\/www.kosiceregion.com\\\/\",\"logo\":{\"@type\":\"ImageObject\",\"inLanguage\":\"sk-SK\",\"@id\":\"https:\\\/\\\/www.kosiceregion.com\\\/#\\\/schema\\\/logo\\\/image\\\/\",\"url\":\"https:\\\/\\\/www.kosiceregion.com\\\/wp-content\\\/uploads\\\/2019\\\/03\\\/logo-web-sk.png\",\"contentUrl\":\"https:\\\/\\\/www.kosiceregion.com\\\/wp-content\\\/uploads\\\/2019\\\/03\\\/logo-web-sk.png\",\"width\":225,\"height\":100,\"caption\":\"Ko\u0161ice Regi\u00f3n Turizmus\"},\"image\":{\"@id\":\"https:\\\/\\\/www.kosiceregion.com\\\/#\\\/schema\\\/logo\\\/image\\\/\"},\"sameAs\":[\"https:\\\/\\\/www.facebook.com\\\/kosiceregion\",\"https:\\\/\\\/x.com\\\/KOSICEREGION\",\"https:\\\/\\\/www.instagram.com\\\/kosiceregion\",\"https:\\\/\\\/www.youtube.com\\\/kosiceregion\"]},{\"@type\":\"Person\",\"@id\":\"https:\\\/\\\/www.kosiceregion.com\\\/#\\\/schema\\\/person\\\/c165be3d928462a4f7283533e3fa9f87\",\"name\":\"Attila T\u00f6r\u00f6k\",\"image\":{\"@type\":\"ImageObject\",\"inLanguage\":\"sk-SK\",\"@id\":\"https:\\\/\\\/secure.gravatar.com\\\/avatar\\\/7536520a24f54162948fc01f9d450948fd7df6ba020d0e39b69d3dcb7e39ee10?s=96&d=mm&r=g\",\"url\":\"https:\\\/\\\/secure.gravatar.com\\\/avatar\\\/7536520a24f54162948fc01f9d450948fd7df6ba020d0e39b69d3dcb7e39ee10?s=96&d=mm&r=g\",\"contentUrl\":\"https:\\\/\\\/secure.gravatar.com\\\/avatar\\\/7536520a24f54162948fc01f9d450948fd7df6ba020d0e39b69d3dcb7e39ee10?s=96&d=mm&r=g\",\"caption\":\"Attila T\u00f6r\u00f6k\"}}]}<\/script>\n<!-- \/ Yoast SEO Premium plugin. -->","yoast_head_json":{"title":"Ko\u0161ice Regi\u00f3n","description":"H\u013ead\u00e1te nezvy\u010dajn\u00fd tip na v\u00fdlet? \u010co tak Sobraneck\u00e9 k\u00fapele? Ich hist\u00f3ria siaha stovky rokov dozadu. Presl\u00e1ven\u00e9 boli v celom Uhorsku. A predstavte si, voda tu dokonca obsahuje a\u017e 10-kr\u00e1t viac s\u00edrovod\u00edka ako v Pie\u0161\u0165anoch. \u017dia\u013e,\u2026","robots":{"index":"index","follow":"follow","max-snippet":"max-snippet:-1","max-image-preview":"max-image-preview:large","max-video-preview":"max-video-preview:-1"},"canonical":"https:\/\/www.kosiceregion.com\/hu\/zivot-dobrodruhov-sobranecke-kupele-urbex\/","og_locale":"sk_SK","og_type":"article","og_title":"\u017divot dobrodruhov: Sobraneck\u00e9 k\u00fapele (urbex)","og_description":"H\u013ead\u00e1te nezvy\u010dajn\u00fd tip na v\u00fdlet? \u010co tak Sobraneck\u00e9 k\u00fapele? Ich hist\u00f3ria siaha stovky rokov dozadu. Presl\u00e1ven\u00e9 boli v celom Uhorsku. A predstavte si, voda","og_url":"https:\/\/www.kosiceregion.com\/sk\/wp-json\/wp\/v2\/posts\/7540","og_site_name":"Ko\u0161ice Regi\u00f3n","article_publisher":"https:\/\/www.facebook.com\/kosiceregion","article_published_time":"2021-10-01T07:23:31+00:00","article_modified_time":"2021-10-01T07:23:32+00:00","og_image":[{"width":2560,"height":1707,"url":"https:\/\/www.kosiceregion.com\/wp-content\/uploads\/2021\/10\/titulka-scaled.jpg","type":"image\/jpeg"}],"author":"Attila T\u00f6r\u00f6k","twitter_card":"summary_large_image","twitter_creator":"@KOSICEREGION","twitter_site":"@KOSICEREGION","twitter_misc":{"Autor":"Attila T\u00f6r\u00f6k","Predpokladan\u00fd \u010das \u010d\u00edtania":"5 min\u00fat"},"schema":{"@context":"https:\/\/schema.org","@graph":[{"@type":"Article","@id":"https:\/\/www.kosiceregion.com\/hu\/zivot-dobrodruhov-sobranecke-kupele-urbex\/#article","isPartOf":{"@id":"https:\/\/www.kosiceregion.com\/hu\/zivot-dobrodruhov-sobranecke-kupele-urbex\/"},"author":{"name":"Attila T\u00f6r\u00f6k","@id":"https:\/\/www.kosiceregion.com\/#\/schema\/person\/c165be3d928462a4f7283533e3fa9f87"},"headline":"\u017divot dobrodruhov: Sobraneck\u00e9 k\u00fapele (urbex)","datePublished":"2021-10-01T07:23:31+00:00","dateModified":"2021-10-01T07:23:32+00:00","mainEntityOfPage":{"@id":"https:\/\/www.kosiceregion.com\/hu\/zivot-dobrodruhov-sobranecke-kupele-urbex\/"},"wordCount":594,"publisher":{"@id":"https:\/\/www.kosiceregion.com\/#organization"},"image":{"@id":"https:\/\/www.kosiceregion.com\/hu\/zivot-dobrodruhov-sobranecke-kupele-urbex\/#primaryimage"},"thumbnailUrl":"https:\/\/www.kosiceregion.com\/wp-content\/uploads\/2021\/10\/titulka-scaled.jpg","keywords":["Sobrance","Sobraneck\u00e9 k\u00fapele","urbex"],"articleSection":["In\u0161piruj sa"],"inLanguage":"sk-SK"},{"@type":"WebPage","@id":"https:\/\/www.kosiceregion.com\/hu\/zivot-dobrodruhov-sobranecke-kupele-urbex\/","url":"https:\/\/www.kosiceregion.com\/hu\/zivot-dobrodruhov-sobranecke-kupele-urbex\/","name":"\u017divot dobrodruhov: Sobraneck\u00e9 k\u00fapele (urbex) - Ko\u0161ice Regi\u00f3n","isPartOf":{"@id":"https:\/\/www.kosiceregion.com\/#website"},"primaryImageOfPage":{"@id":"https:\/\/www.kosiceregion.com\/hu\/zivot-dobrodruhov-sobranecke-kupele-urbex\/#primaryimage"},"image":{"@id":"https:\/\/www.kosiceregion.com\/hu\/zivot-dobrodruhov-sobranecke-kupele-urbex\/#primaryimage"},"thumbnailUrl":"https:\/\/www.kosiceregion.com\/wp-content\/uploads\/2021\/10\/titulka-scaled.jpg","datePublished":"2021-10-01T07:23:31+00:00","dateModified":"2021-10-01T07:23:32+00:00","description":"H\u013ead\u00e1te nezvy\u010dajn\u00fd tip na v\u00fdlet? \u010co tak Sobraneck\u00e9 k\u00fapele? Ich hist\u00f3ria siaha stovky rokov dozadu. Presl\u00e1ven\u00e9 boli v celom Uhorsku. A predstavte si, voda","breadcrumb":{"@id":"https:\/\/www.kosiceregion.com\/hu\/zivot-dobrodruhov-sobranecke-kupele-urbex\/#breadcrumb"},"inLanguage":"sk-SK","potentialAction":[{"@type":"ReadAction","target":["https:\/\/www.kosiceregion.com\/hu\/zivot-dobrodruhov-sobranecke-kupele-urbex\/"]}]},{"@type":"ImageObject","inLanguage":"sk-SK","@id":"https:\/\/www.kosiceregion.com\/hu\/zivot-dobrodruhov-sobranecke-kupele-urbex\/#primaryimage","url":"https:\/\/www.kosiceregion.com\/wp-content\/uploads\/2021\/10\/titulka-scaled.jpg","contentUrl":"https:\/\/www.kosiceregion.com\/wp-content\/uploads\/2021\/10\/titulka-scaled.jpg","width":2560,"height":1707},{"@type":"BreadcrumbList","@id":"https:\/\/www.kosiceregion.com\/hu\/zivot-dobrodruhov-sobranecke-kupele-urbex\/#breadcrumb","itemListElement":[{"@type":"ListItem","position":1,"name":"Home","item":"https:\/\/www.kosiceregion.com\/sk\/"},{"@type":"ListItem","position":2,"name":"\u017divot dobrodruhov: Sobraneck\u00e9 k\u00fapele (urbex)"}]},{"@type":"WebSite","@id":"https:\/\/www.kosiceregion.com\/#website","url":"https:\/\/www.kosiceregion.com\/","name":"Ko\u0161ice Regi\u00f3n","description":"Turistick\u00fd sprievodca Ko\u0161ick\u00fdm krajom","publisher":{"@id":"https:\/\/www.kosiceregion.com\/#organization"},"potentialAction":[{"@type":"SearchAction","target":{"@type":"EntryPoint","urlTemplate":"https:\/\/www.kosiceregion.com\/?s={search_term_string}"},"query-input":{"@type":"PropertyValueSpecification","valueRequired":true,"valueName":"search_term_string"}}],"inLanguage":"sk-SK"},{"@type":"Organization","@id":"https:\/\/www.kosiceregion.com\/#organization","name":"Ko\u0161ice Regi\u00f3n Turizmus","url":"https:\/\/www.kosiceregion.com\/","logo":{"@type":"ImageObject","inLanguage":"sk-SK","@id":"https:\/\/www.kosiceregion.com\/#\/schema\/logo\/image\/","url":"https:\/\/www.kosiceregion.com\/wp-content\/uploads\/2019\/03\/logo-web-sk.png","contentUrl":"https:\/\/www.kosiceregion.com\/wp-content\/uploads\/2019\/03\/logo-web-sk.png","width":225,"height":100,"caption":"Ko\u0161ice Regi\u00f3n Turizmus"},"image":{"@id":"https:\/\/www.kosiceregion.com\/#\/schema\/logo\/image\/"},"sameAs":["https:\/\/www.facebook.com\/kosiceregion","https:\/\/x.com\/KOSICEREGION","https:\/\/www.instagram.com\/kosiceregion","https:\/\/www.youtube.com\/kosiceregion"]},{"@type":"Person","@id":"https:\/\/www.kosiceregion.com\/#\/schema\/person\/c165be3d928462a4f7283533e3fa9f87","name":"Attila T\u00f6r\u00f6k","image":{"@type":"ImageObject","inLanguage":"sk-SK","@id":"https:\/\/secure.gravatar.com\/avatar\/7536520a24f54162948fc01f9d450948fd7df6ba020d0e39b69d3dcb7e39ee10?s=96&d=mm&r=g","url":"https:\/\/secure.gravatar.com\/avatar\/7536520a24f54162948fc01f9d450948fd7df6ba020d0e39b69d3dcb7e39ee10?s=96&d=mm&r=g","contentUrl":"https:\/\/secure.gravatar.com\/avatar\/7536520a24f54162948fc01f9d450948fd7df6ba020d0e39b69d3dcb7e39ee10?s=96&d=mm&r=g","caption":"Attila T\u00f6r\u00f6k"}}]}},"_links":{"self":[{"href":"https:\/\/www.kosiceregion.com\/sk\/wp-json\/wp\/v2\/posts\/7540","targetHints":{"allow":["GET"]}}],"collection":[{"href":"https:\/\/www.kosiceregion.com\/sk\/wp-json\/wp\/v2\/posts"}],"about":[{"href":"https:\/\/www.kosiceregion.com\/sk\/wp-json\/wp\/v2\/types\/post"}],"author":[{"embeddable":true,"href":"https:\/\/www.kosiceregion.com\/sk\/wp-json\/wp\/v2\/users\/10"}],"replies":[{"embeddable":true,"href":"https:\/\/www.kosiceregion.com\/sk\/wp-json\/wp\/v2\/comments?post=7540"}],"version-history":[{"count":2,"href":"https:\/\/www.kosiceregion.com\/sk\/wp-json\/wp\/v2\/posts\/7540\/revisions"}],"predecessor-version":[{"id":7553,"href":"https:\/\/www.kosiceregion.com\/sk\/wp-json\/wp\/v2\/posts\/7540\/revisions\/7553"}],"wp:featuredmedia":[{"embeddable":true,"href":"https:\/\/www.kosiceregion.com\/sk\/wp-json\/wp\/v2\/media\/7549"}],"wp:attachment":[{"href":"https:\/\/www.kosiceregion.com\/sk\/wp-json\/wp\/v2\/media?parent=7540"}],"wp:term":[{"taxonomy":"category","embeddable":true,"href":"https:\/\/www.kosiceregion.com\/sk\/wp-json\/wp\/v2\/categories?post=7540"},{"taxonomy":"post_tag","embeddable":true,"href":"https:\/\/www.kosiceregion.com\/sk\/wp-json\/wp\/v2\/tags?post=7540"}],"curies":[{"name":"wp","href":"https:\/\/api.w.org\/{rel}","templated":true}]}}